{"id":575005,"date":"2025-11-14T13:28:12","date_gmt":"2025-11-14T13:28:12","guid":{"rendered":"https:\/\/www.europesays.com\/de\/575005\/"},"modified":"2025-11-14T13:28:12","modified_gmt":"2025-11-14T13:28:12","slug":"berlin-brandenburg-39-sowjetische-soldaten-in-lebus-beigesetzt","status":"publish","type":"post","link":"https:\/\/www.europesays.com\/de\/575005\/","title":{"rendered":"Berlin &#038; Brandenburg: 39 sowjetische Soldaten in Lebus beigesetzt"},"content":{"rendered":"<p>Berlin &amp; Brandenburg39 sowjetische Soldaten in Lebus beigesetzt<img decoding=\"async\" class=\"Image_img__fQCi0 Image_Img_16_9__4BLfH\" loading=\"eager\" fetchpriority=\"high\" src=\"https:\/\/www.europesays.com\/de\/wp-content\/uploads\/2025\/11\/Ein-Stahlhelm-eines-im-Zweiten-Weltkrieg-gefallenen-sowjetischen-Soldaten-schmueckt-ein-Grab.webp.webp\" alt=\"Ein-Stahlhelm-eines-im-Zweiten-Weltkrieg-gefallenen-sowjetischen-Soldaten-schmueckt-ein-Grab\"\/>TeilenFolgen auf:<a href=\"https:\/\/www.whatsapp.com\/channel\/0029Va5cdVJD8SDp5YZgYF01\" title=\"Auf WhatsApp folgen\" target=\"_blank\" rel=\"noopener\"><img decoding=\"async\" src=\"https:\/\/www.n-tv.de\/socialIcons\/whatsapp.svg\" alt=\"whatsapp\" class=\"ArticleShare_icon__FsrC2\"\/><\/a><a href=\"https:\/\/news.google.com\/publications\/CAAiEPMdif5mpRNxiLOeUpHCwwsqFAgKIhDzHYn-ZqUTcYiznlKRwsML?hl=de&amp;gl=DE&amp;ceid=DE%3Ade\" title=\"Auf Google News folgen\" target=\"_blank\" rel=\"noopener\"><img decoding=\"async\" src=\"https:\/\/www.n-tv.de\/socialIcons\/google.svg\" alt=\"whatsapp\" class=\"ArticleShare_icon__FsrC2\"\/><\/a><\/p>\n<p class=\"Typography_text-m__XI0da Typography_weight-bold__uT6mq storyline_lead_text_leadtext__q_wg8\">F\u00fcr den Volksbund steht die Menschlichkeit im Fokus. Warum ihnen die Beisetzung der sowjetischen Soldaten gerade jetzt wichtig ist.<\/p>\n<p class=\"Typography_text-default__P3otY Typography_weight-normal__pqUbH storyline_paragraph_p__qSR5N\">Lebus (dpa\/bb) &#8211; Auf der Kriegsgr\u00e4berst\u00e4tte in Lebus (Landkreis M\u00e4rkisch-Oderland) sind 39 sowjetischen Soldaten eingebettet worden. Die Toten seien in den vergangenen Jahren an verschiedenen Orten in Brandenburg geborgen worden, teilte der Volksbund Deutsche Kriegsgr\u00e4berf\u00fcrsorge in Brandenburg mit. Die Beisetzung erfolge im Rahmen des 80. Jahrestages der K\u00e4mpfe an der Oder, wo im Fr\u00fchjahr 1945 schwere Gefechte stattfanden.<\/p>\n<p class=\"Typography_text-default__P3otY Typography_weight-normal__pqUbH storyline_paragraph_p__qSR5N\">Auch der russische Botschafter in Deutschland, Sergej Netschajew, war bei der Veranstaltung dabei &#8211; jedoch nicht als geladener Gast. Er &#8222;begleitete sozusagen die Arbeitsebene der Botschaft der russischen F\u00f6deration, mit der wir gesetzlich aufgefordert sind, zusammenzuarbeiten, hinsichtlich der Identifizierung sowjetischer Soldaten nach deren Auffinden durch uns&#8220;, sagte der Gesch\u00e4ftsf\u00fchrer des Volksbundes Brandenburg, Oliver Breithaupt.<\/p>\n<p class=\"Typography_text-default__P3otY Typography_weight-normal__pqUbH storyline_paragraph_p__qSR5N\">&#8222;Die stille Einbettung als Charakter dieser Veranstaltung ist der allgemeinen politischen Situation geschuldet&#8220;, sagte Breithaupt. Sie solle eine klare Abgrenzung zu aktuellen Kriegsgeschehen zeigen. Der Volksbund sehe sich nicht als Teil des Kampfes. Seine Arbeit bestehe darin, Tote zu identifizieren, zu bestatten und Angeh\u00f6rige zu informieren.<\/p>\n<p class=\"Typography_text-default__P3otY Typography_weight-normal__pqUbH storyline_paragraph_p__qSR5N\">&#8222;In einer Zeit, in der Krieg wieder nach Europa zur\u00fcckgekehrt ist, erinnern diese Gr\u00e4ber daran, wie kostbar Frieden ist&#8220;, sagte Breithaupt. &#8222;Unser Auftrag bleibt: allen Opfern des Krieges ein w\u00fcrdiges Grab zu geben \u2013 unabh\u00e4ngig von ihrer Herkunft. Menschlichkeit darf nie in den Schatten aktueller Konflikte geraten.&#8220; Mit der Einbettung erf\u00fclle der Volksbund seinen humanit\u00e4ren Auftrag.<\/p>\n<p class=\"Typography_text-s__wu_cm Typography_weight-normal__pqUbH Typography_color-darkgrey__sZEnP article-detail-footer_source__KslPc\">Quelle: dpa<\/p>\n","protected":false},"excerpt":{"rendered":"Berlin &amp; Brandenburg39 sowjetische Soldaten in Lebus beigesetztTeilenFolgen auf: F\u00fcr den Volksbund steht die Menschlichkeit im Fokus. Warum&hellip;\n","protected":false},"author":2,"featured_media":575006,"comment_status":"","ping_status":"","sticky":false,"template":"","format":"standard","meta":{"footnotes":""},"categories":[1816],"tags":[1960,1958,1959,1957,1956,1890,29,30],"class_list":{"0":"post-575005","1":"post","2":"type-post","3":"status-publish","4":"format-standard","5":"has-post-thumbnail","7":"category-brandenburg","8":"tag-aktuelle-nachrichten-aus-berlin-und-brandenburg","9":"tag-aktuelle-nachrichten-aus-brandenburg","10":"tag-aktuelle-news-aus-berlin-und-brandenburg","11":"tag-aktuelle-news-aus-brandenburg","12":"tag-berlin-und-brandenburg","13":"tag-brandenburg","14":"tag-deutschland","15":"tag-germany"},"share_on_mastodon":{"url":"https:\/\/pubeurope.com\/@de\/115548292064711505","error":""},"_links":{"self":[{"href":"https:\/\/www.europesays.com\/de\/wp-json\/wp\/v2\/posts\/575005","targetHints":{"allow":["GET"]}}],"collection":[{"href":"https:\/\/www.europesays.com\/de\/wp-json\/wp\/v2\/posts"}],"about":[{"href":"https:\/\/www.europesays.com\/de\/wp-json\/wp\/v2\/types\/post"}],"author":[{"embeddable":true,"href":"https:\/\/www.europesays.com\/de\/wp-json\/wp\/v2\/users\/2"}],"replies":[{"embeddable":true,"href":"https:\/\/www.europesays.com\/de\/wp-json\/wp\/v2\/comments?post=575005"}],"version-history":[{"count":0,"href":"https:\/\/www.europesays.com\/de\/wp-json\/wp\/v2\/posts\/575005\/revisions"}],"wp:featuredmedia":[{"embeddable":true,"href":"https:\/\/www.europesays.com\/de\/wp-json\/wp\/v2\/media\/575006"}],"wp:attachment":[{"href":"https:\/\/www.europesays.com\/de\/wp-json\/wp\/v2\/media?parent=575005"}],"wp:term":[{"taxonomy":"category","embeddable":true,"href":"https:\/\/www.europesays.com\/de\/wp-json\/wp\/v2\/categories?post=575005"},{"taxonomy":"post_tag","embeddable":true,"href":"https:\/\/www.europesays.com\/de\/wp-json\/wp\/v2\/tags?post=575005"}],"curies":[{"name":"wp","href":"https:\/\/api.w.org\/{rel}","templated":true}]}}