{"id":575872,"date":"2025-11-14T21:27:15","date_gmt":"2025-11-14T21:27:15","guid":{"rendered":"https:\/\/www.europesays.com\/de\/575872\/"},"modified":"2025-11-14T21:27:15","modified_gmt":"2025-11-14T21:27:15","slug":"start-am-25-november-neue-staende-und-kuenstler-beim-mittelalter-und-weihnachtsmarkt-in-esslingen-news","status":"publish","type":"post","link":"https:\/\/www.europesays.com\/de\/575872\/","title":{"rendered":"Start am 25. November: Neue St\u00e4nde und K\u00fcnstler beim Mittelalter- und Weihnachtsmarkt in Esslingen &#8211; News"},"content":{"rendered":"<p>\t\t\t\t\t\t\t\t\t\t\t\t\t\t\t\t\t\t\t\t\t\t\t\t\t\t\t\t\t\t\t\t\t\t\t\t   \t\t\t\t\t \t\t\t\t   \t      \t\t\t\t   <img decoding=\"async\" id=\"article-image\" fetchpriority=\"high\" alt=\"Start am 25. November: Neue St\u00e4nde und K\u00fcnstler beim Mittelalter- und Weihnachtsmarkt in Esslingen\" title=\"Start am 25. November: Neue St\u00e4nde und K\u00fcnstler beim Mittelalter- und Weihnachtsmarkt in Esslingen\" src=\"https:\/\/www.europesays.com\/de\/wp-content\/uploads\/2025\/11\/media.media.a0ecac9b-76be-4f2e-9abf-e3303ff363f9.original700.jpg\" data-linkto=\"https:\/\/www.esslinger-zeitung.de\/javascript:void(0);\"\/>\t\t\t\t\t\t\t\t\t\t\t\t\t\t\t\t\t\t\t\t\t\t\t\tVier Wochen lang spielt Esslingen wieder seine st\u00e4rksten Tr\u00fcmpfe mit dem Mittelalter- und Weihnachtsmarkt aus. Los geht es am Dienstag, 25. November.\u00a0Foto: Esslingen Stadtmarketing und Tourismus GmbH\t\t\t<\/p>\n<p>Esslingen wird ab dem 25. November zum mittelalterlichen Wunderland. Der Markt lockt mit neuen St\u00e4nden und einem bunten Programm. Was erwartet die Besucher?<\/p>\n<p>Die Vorbereitungen laufen auf Hochtouren. Am 25. November \u00f6ffnet wieder der <a href=\"https:\/\/www.esslinger-zeitung.de\/thema\/Mittelalter\" title=\"Mittelalter\" class=\"art_thema\" target=\"_blank\" rel=\"noopener\">Mittelalter<\/a>&#8211; und <a href=\"https:\/\/www.esslinger-zeitung.de\/thema\/Weihnachtsmarkt\" title=\"Weihnachtsmarkt\" class=\"art_thema\" target=\"_blank\" rel=\"noopener\">Weihnachtsmarkt<\/a>, der die Esslinger Innenstadt in ein vorweihnachtliches Wunderland verwandeln soll und sich seit Jahren zum Besuchermagnet Nummer eins in der ehemals Freien Reichsstadt entwickelt hat. Auch in diesem Jahr erwarten Michael Metzler und sein Team der Esslingen Markt und Event GmbH (EME) wieder rund eine Million G\u00e4ste.<\/p>\n<p>Der Markt ist laut Metzler ein wichtiger Treffpunkt der Mittelalterszene, die vier Wochen lang Gaukler, Musikanten, T\u00e4nzerinnen und T\u00e4nzer, Kom\u00f6dianten und Akrobaten genauso in die Stadt entsendet wie Handwerker mit fast vergessenen F\u00e4higkeiten. Dazu z\u00e4hlen L\u00f6ffelschnitzer, Zinngie\u00dfer, Schmied, Steinmetz und Glasbl\u00e4ser, die sich in Esslingen allesamt \u00fcber die Schulter schauen lassen und wie die <a href=\"https:\/\/www.esslinger-zeitung.de\/thema\/K%C3%BCnstler\" title=\"K\u00fcnstler\" class=\"art_thema\" target=\"_blank\" rel=\"noopener\">K\u00fcnstler<\/a>, aber anders als die Handels- und Gastrost\u00e4nde, die vom Verkauf leben, ein Honorar erhielten. <\/p>\n<p>Neu dabei: <a href=\"https:\/\/www.esslinger-zeitung.de\/thema\/Mode\" title=\"Mode\" class=\"art_thema\" target=\"_blank\" rel=\"noopener\">Mode<\/a> aus Naturfasern und eine Druckwerkstatt aus Esslingen  <\/p>\n<p>Erstmals will auch die professionelle Bettlerin Lilo L\u00fcmmeley, eine gelernte Schauspielerin, die Menschen mit ihren Geschichten von Armen, Au\u00dfenseitern und Kranken unterhalten und ber\u00fchren. <\/p>\n<p>Auch drei neue St\u00e4nde k\u00f6nnen auf dem Markt besucht werden. Handgefertigte Kleidung f\u00fcr Babies, <a href=\"https:\/\/www.esslinger-zeitung.de\/thema\/Kinder\" title=\"Kinder\" class=\"art_thema\" target=\"_blank\" rel=\"noopener\">Kinder<\/a> und Erwachsene aus Kaschmir, Yak- und Schafwolle geh\u00f6rt genauso dazu wie selbstgegossene Kerzen und Dekorationsartikel aus Gie\u00dfbeton sowie frische Gourmetchips mit Beilagen von der Chipsery. <\/p>\n<p>Das Zwergenland steht bei Kindern und Familien hoch im Kurs <\/p>\n<p>Und bei den Handwerkern gibt es mit der Gutenberg-Druckwerkstatt aus Esslingen, die in die Kunst des Buchdrucks einf\u00fchren m\u00f6chte, ebenfalls einen Neuzugang. <\/p>\n<p>Auf die Kinder wartet wieder das Zwergenland mit dem kleinsten Riesenrad der Welt und dem Wikingerkarussell, mit Kerzenziehen sowie einer Menge Spielangebote wie Bogenschie\u00dfen, Burgbelagerung, Sternewerfen und Drachenjagd mit Armbrustschie\u00dfen. Auch das M\u00e4rchenzelt auf dem Hafenmarkt wird wieder aufgeschlagen, wo neben nomadischer Erz\u00e4hlkunst auch Geschichten aus dem Orient zu h\u00f6ren sein werden.<\/p>\n<p>   <img decoding=\"async\" loading=\"lazy\" src=\"https:\/\/www.europesays.com\/de\/wp-content\/uploads\/2025\/11\/media.media.4dec19c4-45e0-4e2a-a06c-966f97dfabfb.original1024.media.jpeg\"\/>     Auch rund um den Postmichelbrunnen soll es wieder weihnachtlich werden.    Foto: Archiv\/Roberto Bulgrin    <\/p>\n<p>Wer jetzt noch eine spezielle Kinderf\u00fchrung f\u00fcr eine Schulklasse buchen m\u00f6chte, m\u00fcsse sich sputen, freie Termine gebe es nur noch nachmittags, sagte Cornelia Pfeiffer. Solche F\u00fchrungen seien beliebt, da sie Einblicke ins Leben im Mittelalter b\u00f6ten und mit den alten Handwerksberufen vertraut machten. <\/p>\n<p> Esslingen als perfekte Kulisse f\u00fcr Weihnachts- und Mittelaltermarkt <\/p>\n<p>Das t\u00e4glich wechselnde Kultur- und Unterhaltungsprogramm auf den drei B\u00fchnen wartet wieder mit renommierten K\u00fcnstlerinnen und K\u00fcnstlern aus Europa auf. Stellvertretend seien genannt: der Gaukler Fleapit, der Spielmann Bijan, die Feuerk\u00fcnstler Lidia und Mercurius sowie der jiddische Geschichtenerz\u00e4hler Shlomo Goldstein. <\/p>\n<p>\u201eWir inszenieren ein Thema im stimmigen Umfeld\u201c erkl\u00e4rte Metzler bei der Vorstellung des Marktprogramms, das auf Bew\u00e4hrtes setze, und er verwies auf die \u201eperfekte Kulisse f\u00fcr den Mittelalter- und Weihnachtsmarkt\u201c, die Esslingen dank seiner herausragenden mittelalterlichen Bausubstanz mit rund 800 historischen Baudenkmalen biete. <\/p>\n<p> Sehnsucht nach analogen Erlebnissen in Zeiten des Onlineeinkaufs <\/p>\n<p>Und das hat sich l\u00e4ngst weit \u00fcber die Grenzen der Stadt herumgesprochen wie ein gro\u00dfer Anteil internationaler Besucherinnen und Besucher aus den europ\u00e4ischen Nachbarl\u00e4ndern wie der Schweiz, Frankreich und \u00d6sterreich zeigt. <a href=\"https:\/\/www.esslinger-zeitung.de\/inhalt.unbedingt-besuchen-esslinger-mittelalter-und-weihnachtsmarkt-bekommt-weltweit-top-bewertungen.9b9fc350-e24a-4775-b2f8-651d4e8914c8.html\" target=\"_blank\" rel=\"noopener\">Selbst die britische Tageszeitung Times hat den Esslinger Markt zum wiederholten Mal in die Liste der sch\u00f6nsten Weihnachtsm\u00e4rkte in ganz Europa aufgenommen.<\/a> <\/p>\n<p>Die gro\u00dfe Strahlkraft des Marktes bringt Metzlers Teamkollegin Cornelia Pfeiffer auch mit dem Bed\u00fcrfnis der Menschen nach echten und bodenst\u00e4ndigen Erlebnissen in Zeiten des immer st\u00e4rker werdenden Onlineeinkaufs in Verbindung: \u201eDie Menschen sehnen sich nach sinnlichen Erlebnissen. Hier k\u00f6nnen sie Kerzen selber ziehen und verschiedenes <a href=\"https:\/\/www.esslinger-zeitung.de\/thema\/Handwerk\" title=\"Handwerk\" class=\"art_thema\" target=\"_blank\" rel=\"noopener\">Handwerk<\/a> live erleben, das ber\u00fchrt\u201c, erkl\u00e4rte die Projektmanagerin Veranstaltungsmanagement.<\/p>\n<p>\u201eWir wollen mit dem Markt Esslingen als Stadt zeigen und noch bekannter machen und gleichzeitig Kaufkraft nach Esslingen holen und binden\u201c, erl\u00e4uterte Metzler au\u00dferdem und verwies darauf, wie der Markt auf all den Pl\u00e4tzen, in den Gassen und Stra\u00dfen den Menschen Gelegenheit biete, sich zu treffen und gemeinsame Erlebnisse zu haben. Das sei auch sehr wichtig f\u00fcr den Esslinger Einzelhandel und die hiesigen Gastronomiebetriebe.<\/p>\n<p>W\u00e4hrend sich der Mittelaltermarkt vor allem zwischen dem Neuen und dem Alten Rathaus sowie dem Hafenmarkt abspielt, k\u00f6nnen die G\u00e4ste auf dem <a href=\"https:\/\/www.esslinger-zeitung.de\/thema\/Marktplatz\" title=\"Marktplatz\" class=\"art_thema\" target=\"_blank\" rel=\"noopener\">Marktplatz<\/a> die genauso zahlreichen St\u00e4nde des Weihnachtsmarkts besuchen. <\/p>\n<p>Tradition hat auch l\u00e4ngst der Adventsmarkt, der immer samstags und sonntags an den vier Adventswochenenden in der Ritterstra\u00dfe von Organisator Til Maehr pr\u00e4sentiert wird. Angek\u00fcndigt sind 40 kunsthandwerkliche Ausstellerinnen und Aussteller, die samstags von 11 bis 21.30 Uhr sowie sonntags von 11 bis 20.30 Uhr ihre Waren anbieten. <\/p>\n<p> Vielf\u00e4ltige Mitmachangebote <\/p>\n<p class=\"infobox\"> <strong>Termine<\/strong><br \/>Der Esslinger K\u00fcnstler Johan Bylund bietet am 5. Dezember erstmals Urban Sketching an, am 7. Dezember gibt es eine Einf\u00fchrung in das rituelle R\u00e4uchern, am 9. Dezember steht ein mittelalterlicher Fechtkurs mit Gero Bergmann im Programm, Raun\u00e4chte und ihre Rituale folgen am 14. Dezember und am 18. Dezember findet wieder der gro\u00dfe Fackelzug um 20.30 Uhr vom Rathausplatz auf die Burg statt. <\/p>\n<p class=\"infobox\"> <strong>Verkehr<\/strong><br \/>Weil der Markt wochentags nicht so voll ist, empfehlen die Veranstaltenden einen Besuch unter der Woche und in jedem Fall die Anreise mit \u00f6ffentlichen Verkehrsmitteln, zu Fu\u00df oder per Fahrrad. <\/p>\n","protected":false},"excerpt":{"rendered":"Vier Wochen lang spielt Esslingen wieder seine st\u00e4rksten Tr\u00fcmpfe mit dem Mittelalter- und Weihnachtsmarkt aus. Los geht es&hellip;\n","protected":false},"author":2,"featured_media":575873,"comment_status":"","ping_status":"","sticky":false,"template":"","format":"standard","meta":{"footnotes":""},"categories":[1830],"tags":[7382,95402,1634,3364,29,553,30,617,1114,7641,350,98057,8226,1441,8497],"class_list":{"0":"post-575872","1":"post","2":"type-post","3":"status-publish","4":"format-standard","5":"has-post-thumbnail","7":"category-stuttgart","8":"tag-marktplatz","9":"tag-advent","10":"tag-baden-wuerttemberg","11":"tag-de","12":"tag-deutschland","13":"tag-familie","14":"tag-germany","15":"tag-handwerk","16":"tag-kinder","17":"tag-mittelalter","18":"tag-mode","19":"tag-onlineeinkauf","20":"tag-onlinehandel","21":"tag-stuttgart","22":"tag-weihnachtsmarkt"},"share_on_mastodon":{"url":"https:\/\/pubeurope.com\/@de\/115550175101532444","error":""},"_links":{"self":[{"href":"https:\/\/www.europesays.com\/de\/wp-json\/wp\/v2\/posts\/575872","targetHints":{"allow":["GET"]}}],"collection":[{"href":"https:\/\/www.europesays.com\/de\/wp-json\/wp\/v2\/posts"}],"about":[{"href":"https:\/\/www.europesays.com\/de\/wp-json\/wp\/v2\/types\/post"}],"author":[{"embeddable":true,"href":"https:\/\/www.europesays.com\/de\/wp-json\/wp\/v2\/users\/2"}],"replies":[{"embeddable":true,"href":"https:\/\/www.europesays.com\/de\/wp-json\/wp\/v2\/comments?post=575872"}],"version-history":[{"count":0,"href":"https:\/\/www.europesays.com\/de\/wp-json\/wp\/v2\/posts\/575872\/revisions"}],"wp:featuredmedia":[{"embeddable":true,"href":"https:\/\/www.europesays.com\/de\/wp-json\/wp\/v2\/media\/575873"}],"wp:attachment":[{"href":"https:\/\/www.europesays.com\/de\/wp-json\/wp\/v2\/media?parent=575872"}],"wp:term":[{"taxonomy":"category","embeddable":true,"href":"https:\/\/www.europesays.com\/de\/wp-json\/wp\/v2\/categories?post=575872"},{"taxonomy":"post_tag","embeddable":true,"href":"https:\/\/www.europesays.com\/de\/wp-json\/wp\/v2\/tags?post=575872"}],"curies":[{"name":"wp","href":"https:\/\/api.w.org\/{rel}","templated":true}]}}