{"id":576062,"date":"2025-11-14T23:16:16","date_gmt":"2025-11-14T23:16:16","guid":{"rendered":"https:\/\/www.europesays.com\/de\/576062\/"},"modified":"2025-11-14T23:16:16","modified_gmt":"2025-11-14T23:16:16","slug":"kaese-von-durchfall-keimen-betroffen-nicht-verzehren","status":"publish","type":"post","link":"https:\/\/www.europesays.com\/de\/576062\/","title":{"rendered":"K\u00e4se von Durchfall-Keimen betroffen \u2013 nicht verzehren"},"content":{"rendered":"<p>Das ist zu beachten <\/p>\n<p>Rewe-R\u00fcckruf: K\u00e4se kann Durchfallkeime enthalten<\/p>\n<p>14.11.2025 &#8211; 16:20 UhrLesedauer: 1 Min.<\/p>\n<p><a href=\"#focus-0\" class=\"transition-colors duration-200 block text-current relative\" data-sctrack=\"FocusGalleryImage.Reference\"><img fetchpriority=\"high\" data-testid=\"Opener.Image\" style=\"--lqipURL:url('https:\/\/images.t-online.de\/2025\/11\/uJ3xNvYC-iJB\/39x0:3922x2206\/fit-in\/150x0\/filters:blur(25)\/03-112025-xmohx-wirtschaft-einzelhandel-emwir-v-l-logo-schriftzug-werbung-information-wegweiser-strassenschild-lebensmittel-unternehmensschild-eingang-symbolbild-rewe-merchweiler-03-11-2025-xmohx-economy-retail-emwir-v-l-logo-lettering-advertising-information-signpost-street-sign-food-company-sign-entrance-symbolic-image-rewe-merchweiler-merchweiler-03-11-2025-xmohx-economy-retail-emwir-v-l-logo-lettering-advertising-information-signpost-street-sign-food-company.jpg')\"   loading=\"eager\" src=\"https:\/\/www.europesays.com\/de\/wp-content\/uploads\/2025\/11\/03-112025-xmohx-wirtschaft-einzelhandel-emwir-v-l-logo-schriftzug-werbung-information-wegweiser-stra.jpeg\" alt=\"imago images 0839278083\" title=\"imago images 0839278083\" width=\"3922\" height=\"2206\" class=\"bg-[url:var(--lqipURL)] bg-cover bg-center flex h-full w-full max-w-full\" decoding=\"async\"\/><img style=\"--width:32;--height:32\" loading=\"lazy\" src=\"https:\/\/www.t-online.de\/s\/paper\/_next\/static\/media\/zoom-in.f7dae02f.svg\" alt=\"Vergr\u00f6\u00dfern des Bildes\" title=\"Vergr\u00f6\u00dfern des Bildes\" class=\"block h-[calc(var(--height)_\/_16_*_1rem)] w-[calc(var(--width)_\/_16_*_1rem)] max-w-none absolute bottom-8 right-8 rounded-4 bg-snow p-8\" decoding=\"async\"\/><\/a><\/p>\n<p>R\u00fcckruf bei Rewe: Der Lebensmittelhersteller informiert \u00fcber ein mit Bakterien kontaminiertes Produkt. (Quelle: IMAGO\/Steven Mohr\/imago)<\/p>\n<p class=\"font-bold text-18 leading-17\">Der Genuss eines K\u00e4ses k\u00f6nnte zu Magen-Darm-Beschwerden f\u00fchren. K\u00e4ufer k\u00f6nnen ihn im Rewe-Markt zur\u00fcckgeben.<\/p>\n<p class=\"text-18 leading-17\">Die K\u00e4serei Masson ruft einen K\u00e4se zur\u00fcck, der E.coli-Bakterien enthalten kann. Das Produkt &#8222;Reblochon de Savoie AOP 450g&#8220; sollte auf keinen Fall verzehrt werden, hei\u00dft es. Der K\u00e4se wurde bundesweit bei Rewe verkauft, teilt die Supermarktkette mit. Er k\u00f6nne auch ohne die Vorlage eines Kassenbons zur\u00fcckgegeben werden.<\/p>\n<p class=\"text-18 leading-17\"><strong class=\"font-bold\">Das ist das betroffene Produkt:<\/strong><\/p>\n<p class=\"text-18 leading-17\"><strong class=\"font-bold\">Reblochon de Savoie AOP 450g<\/strong><br \/>Identit\u00e4tskennzeichen: FR 74.145.050 CE<br \/>MHD 10.01.2026 \/ Los 5-261<\/p>\n<p class=\"text-18 leading-17\">EHEC-Infektionen, die durch pathogene E. coli wie STEC ausgel\u00f6st werden, k\u00f6nnen leichte bis schwere Durchfallerkrankungen ausl\u00f6sen. Gef\u00e4hrdet sind vor allem S\u00e4uglinge, Kleinkinder, \u00e4ltere und abwehrgeschw\u00e4chte Menschen.<\/p>\n","protected":false},"excerpt":{"rendered":"Das ist zu beachten Rewe-R\u00fcckruf: K\u00e4se kann Durchfallkeime enthalten 14.11.2025 &#8211; 16:20 UhrLesedauer: 1 Min. R\u00fcckruf bei Rewe:&hellip;\n","protected":false},"author":2,"featured_media":576063,"comment_status":"","ping_status":"","sticky":false,"template":"","format":"standard","meta":{"footnotes":""},"categories":[134],"tags":[1668,175,170,169,29,67883,30,59525,138603,171,174,138602,872,405,138601,173,172],"class_list":{"0":"post-576062","1":"post","2":"type-post","3":"status-publish","4":"format-standard","5":"has-post-thumbnail","7":"category-unternehmen-maerkte","8":"tag-bakterien","9":"tag-business","10":"tag-companies","11":"tag-companies-markets","12":"tag-deutschland","13":"tag-e-coli","14":"tag-germany","15":"tag-kaese","16":"tag-kaeserei","17":"tag-markets","18":"tag-maerkte","19":"tag-reblochon","20":"tag-rewe","21":"tag-rueckruf","22":"tag-savoie","23":"tag-unternehmen","24":"tag-unternehmen-maerkte"},"share_on_mastodon":{"url":"https:\/\/pubeurope.com\/@de\/115550603972304736","error":""},"_links":{"self":[{"href":"https:\/\/www.europesays.com\/de\/wp-json\/wp\/v2\/posts\/576062","targetHints":{"allow":["GET"]}}],"collection":[{"href":"https:\/\/www.europesays.com\/de\/wp-json\/wp\/v2\/posts"}],"about":[{"href":"https:\/\/www.europesays.com\/de\/wp-json\/wp\/v2\/types\/post"}],"author":[{"embeddable":true,"href":"https:\/\/www.europesays.com\/de\/wp-json\/wp\/v2\/users\/2"}],"replies":[{"embeddable":true,"href":"https:\/\/www.europesays.com\/de\/wp-json\/wp\/v2\/comments?post=576062"}],"version-history":[{"count":0,"href":"https:\/\/www.europesays.com\/de\/wp-json\/wp\/v2\/posts\/576062\/revisions"}],"wp:featuredmedia":[{"embeddable":true,"href":"https:\/\/www.europesays.com\/de\/wp-json\/wp\/v2\/media\/576063"}],"wp:attachment":[{"href":"https:\/\/www.europesays.com\/de\/wp-json\/wp\/v2\/media?parent=576062"}],"wp:term":[{"taxonomy":"category","embeddable":true,"href":"https:\/\/www.europesays.com\/de\/wp-json\/wp\/v2\/categories?post=576062"},{"taxonomy":"post_tag","embeddable":true,"href":"https:\/\/www.europesays.com\/de\/wp-json\/wp\/v2\/tags?post=576062"}],"curies":[{"name":"wp","href":"https:\/\/api.w.org\/{rel}","templated":true}]}}