{"id":576212,"date":"2025-11-15T00:44:28","date_gmt":"2025-11-15T00:44:28","guid":{"rendered":"https:\/\/www.europesays.com\/de\/576212\/"},"modified":"2025-11-15T00:44:28","modified_gmt":"2025-11-15T00:44:28","slug":"landeskatastrophenschutzuebung-stromausfall-2025-simuliert-grossflaechige-stromausfaelle-in-sachsen-anhalt-hallespektrum-de","status":"publish","type":"post","link":"https:\/\/www.europesays.com\/de\/576212\/","title":{"rendered":"Landeskatastrophenschutz\u00fcbung \u201eStromausfall 2025\u201c simuliert gro\u00dffl\u00e4chige Stromausf\u00e4lle in Sachsen-Anhalt &#8211; HalleSpektrum.de"},"content":{"rendered":"<p>\t<img width=\"1024\" height=\"668\" src=\"https:\/\/www.europesays.com\/de\/wp-content\/uploads\/2025\/11\/Stromausfall.jpg\" class=\"attachment-1024x1024 size-1024x1024 wp-post-image\" alt=\"\" decoding=\"async\" fetchpriority=\"high\"  \/><\/p>\n<p>\n\t\t\t14. November 2025\t\t<\/p>\n<p>\u201eAm gestrigen Abend, dem 19. November 2025, wurden die \u00dcbertragungs- und Verteilnetzbetreiber 50Hertz, Avacon Netz GmbH und MitNetz Strom GmbH durch schwere St\u00f6rungen in der Stromversorgung \u00fcberrascht. Die Ursachen f\u00fcr die massiven Ausf\u00e4lle sind bislang unbekannt, doch die Auswirkungen deuten auf einen langanhaltenden gro\u00dffl\u00e4chigen Stromausfall hin, der weite Teile des Landes betreffen k\u00f6nnte\u201c<\/p>\n<p>Diese Szenarien und ihre Konsequenzen sind der Ausgangspunkt der diesj\u00e4hrigen Landeskatastrophenschutz\u00fcbung \u201eStromausfall 2025\u201c, die am heutigen Tag, dem 20. November 2025, von 8 bis 18 Uhr durchgef\u00fchrt wird. In enger Zusammenarbeit mit dem Landkreis Wittenberg und der Stadt Dessau-Ro\u00dflau hat das Landesverwaltungsamt als obere Katastrophenschutzbeh\u00f6rde die \u00dcbung organisiert, die sich mit den Auswirkungen eines gro\u00dffl\u00e4chigen Stromausfalls auf die Infrastruktur und die Gesellschaft befasst.<\/p>\n<p>\u201eDie Erkenntnisse und Lektionen aus der letzten \u00dcbung wurden in das aktuelle Szenario integriert, um unsere Katastrophenschutzstrukturen weiter zu st\u00e4rken und auf k\u00fcnftige Krisensituationen besser vorbereitet zu sein\u201c, erkl\u00e4rte ein Sprecher des Landesverwaltungsamts. Ziel der \u00dcbung ist es, die Einsatzf\u00e4higkeit der Rettungsdienste, der kommunalen Beh\u00f6rden und der Versorgungsunternehmen in einem derartigen Krisenfall zu testen und die Zusammenarbeit der verschiedenen Institutionen zu verbessern.<\/p>\n<p>Die \u00dcbung umfasst nicht nur die praktische Durchf\u00fchrung von Notfallma\u00dfnahmen, sondern auch die Koordination zwischen den einzelnen Akteuren wie Feuerwehr, Polizei, Stromversorgern und dem Katastrophenschutz. Der Fokus liegt dabei auf der Bew\u00e4ltigung der logistischen und kommunikativen Herausforderungen, die mit einem gro\u00dffl\u00e4chigen Stromausfall verbunden sind.<\/p>\n","protected":false},"excerpt":{"rendered":"14. November 2025 \u201eAm gestrigen Abend, dem 19. November 2025, wurden die \u00dcbertragungs- und Verteilnetzbetreiber 50Hertz, Avacon Netz&hellip;\n","protected":false},"author":2,"featured_media":576213,"comment_status":"","ping_status":"","sticky":false,"template":"","format":"standard","meta":{"footnotes":""},"categories":[1860],"tags":[3364,29,548,663,3934,30,4062,17332,13,5668,138672,14,15,17331,860,12,138673,1136],"class_list":{"0":"post-576212","1":"post","2":"type-post","3":"status-publish","4":"format-standard","5":"has-post-thumbnail","7":"category-halle-saale","8":"tag-de","9":"tag-deutschland","10":"tag-eu","11":"tag-europa","12":"tag-europe","13":"tag-germany","14":"tag-halle","15":"tag-halle-saale","16":"tag-headlines","17":"tag-katastrophenschutz","18":"tag-landeskatastrophenschutzuebung","19":"tag-nachrichten","20":"tag-news","21":"tag-saale","22":"tag-sachsen-anhalt","23":"tag-schlagzeilen","24":"tag-stromausfall-2025","25":"tag-stromversorgung"},"share_on_mastodon":{"url":"https:\/\/pubeurope.com\/@de\/115550949627721839","error":""},"_links":{"self":[{"href":"https:\/\/www.europesays.com\/de\/wp-json\/wp\/v2\/posts\/576212","targetHints":{"allow":["GET"]}}],"collection":[{"href":"https:\/\/www.europesays.com\/de\/wp-json\/wp\/v2\/posts"}],"about":[{"href":"https:\/\/www.europesays.com\/de\/wp-json\/wp\/v2\/types\/post"}],"author":[{"embeddable":true,"href":"https:\/\/www.europesays.com\/de\/wp-json\/wp\/v2\/users\/2"}],"replies":[{"embeddable":true,"href":"https:\/\/www.europesays.com\/de\/wp-json\/wp\/v2\/comments?post=576212"}],"version-history":[{"count":0,"href":"https:\/\/www.europesays.com\/de\/wp-json\/wp\/v2\/posts\/576212\/revisions"}],"wp:featuredmedia":[{"embeddable":true,"href":"https:\/\/www.europesays.com\/de\/wp-json\/wp\/v2\/media\/576213"}],"wp:attachment":[{"href":"https:\/\/www.europesays.com\/de\/wp-json\/wp\/v2\/media?parent=576212"}],"wp:term":[{"taxonomy":"category","embeddable":true,"href":"https:\/\/www.europesays.com\/de\/wp-json\/wp\/v2\/categories?post=576212"},{"taxonomy":"post_tag","embeddable":true,"href":"https:\/\/www.europesays.com\/de\/wp-json\/wp\/v2\/tags?post=576212"}],"curies":[{"name":"wp","href":"https:\/\/api.w.org\/{rel}","templated":true}]}}