{"id":576251,"date":"2025-11-15T01:07:14","date_gmt":"2025-11-15T01:07:14","guid":{"rendered":"https:\/\/www.europesays.com\/de\/576251\/"},"modified":"2025-11-15T01:07:14","modified_gmt":"2025-11-15T01:07:14","slug":"inflation-donald-trump-nimmt-zoelle-auf-lebensmittelimporte-zurueck","status":"publish","type":"post","link":"https:\/\/www.europesays.com\/de\/576251\/","title":{"rendered":"Inflation: Donald Trump nimmt Z\u00f6lle auf Lebensmittelimporte zur\u00fcck"},"content":{"rendered":"<p class=\"paragraph article__item\">US-Pr\u00e4sident <a href=\"https:\/\/www.zeit.de\/thema\/donald-trump\" class=\"\" target=\"_blank\" rel=\"noopener\">Donald\u00a0Trump<\/a>\u00a0hat per Dekret eine Reihe von Lebensmittelimporten von den umfassenden <a class=\"rtr-entity\" href=\"https:\/\/www.zeit.de\/thema\/zoll\" target=\"_blank\" rel=\"noopener\">Z\u00f6llen<\/a> ausgenommen, die er Anfang des Jahres verh\u00e4ngt hatte.\u00a0Dies teilte die US-Regierung mit. Zu den Ausnahmen geh\u00f6ren demnach Rindfleisch, Tomaten, Kaffee und Bananen. &#8222;Ich habe festgestellt, dass bestimmte landwirtschaftliche Produkte nicht den im April eingef\u00fchrten wechselseitigen Z\u00f6llen unterliegen sollten&#8220;, hei\u00dft es in dem Dekret. Die Ausnahmen seien am Vortag in Kraft getreten.\n<\/p>\n<p class=\"paragraph article__item\">Die Anordnung ist Teil einer umfassenden Initiative, mit der\u00a0Trump\u00a0und seine Regierung auf die <a href=\"https:\/\/www.zeit.de\/wirtschaft\/2025-11\/erschwinglichkeit-usa-debatte-trump-wirtschaftspolitik\/komplettansicht\" class=\"\" target=\"_blank\" rel=\"noopener\">wachsenden Sorgen<\/a> der Amerikaner \u00fcber die anhaltend hohen Lebensmittelpreise reagieren wollen. Trump hatte lange behauptet, dass seine Einfuhrz\u00f6lle die Inflation nicht anheizen.\n<\/p>\n<p>        Diskussion um Ursachen der Inflation        <\/p>\n<p class=\"paragraph article__item\">Der Schritt folgt auf eine <a href=\"https:\/\/www.zeit.de\/politik\/ausland\/2025-11\/us-demokraten-wahlerfolge-kandidaten-chancen-gxe\" class=\"\" target=\"_blank\" rel=\"noopener\">Reihe von Siegen der Demokraten<\/a> bei Wahlen auf bundesstaatlicher und lokaler Ebene, bei denen die Lebenshaltungskosten ein zentrales Thema waren.\n<\/p>\n<p class=\"paragraph article__item\">Der demokratische Kongressabgeordnete Richard Neal sagte, die\u00a0Trump-Regierung versuche, &#8222;ein Feuer zu l\u00f6schen, das sie selbst gelegt hat, und verkauft das als Fortschritt&#8220;. Die Regierung gebe endlich \u00f6ffentlich zu, dass\u00a0Trumps\u00a0Handelskrieg die Kosten f\u00fcr die Menschen in die H\u00f6he treibe.\u00a0Trump\u00a0hatte zuletzt behauptet, die Politik seines Vorg\u00e4ngers Joe Biden habe die Preissteigerungen ausgel\u00f6st.\n<\/p>\n<p class=\"paragraph article__item\">Im April hatte Trump sogenannte wechselseitige Z\u00f6lle von mindestens zehn Prozent auf die meisten in die <a class=\"rtr-entity\" href=\"https:\/\/www.zeit.de\/thema\/usa\" target=\"_blank\" rel=\"noopener\">USA<\/a> eingef\u00fchrten Produkte erlassen. Mit dem Schritt wollte er das Handelsdefizit des Landes reduzieren und die inl\u00e4ndische Produktion unterst\u00fctzen. Diese Z\u00f6lle betrafen aber auch Waren, mit denen sich die USA nicht oder nur unzureichend selbst versorgen k\u00f6nnen.\n<\/p>\n<p>            Inflation in den USA        <\/p>\n<p>Mehr zum Thema<\/p>\n<p>                <a href=\"https:\/\/www.zeit.de\/wirtschaft\/2025-11\/erschwinglichkeit-usa-debatte-trump-wirtschaftspolitik\" data-ct-label=\"Affordability: Diese Debatte wird f\u00fcr Donald Trump zu einem Problem\" target=\"_blank\" rel=\"noopener\"><\/p>\n<p>        Z+ (abopflichtiger Inhalt);<\/p>\n<p>    Affordability:<br \/>\n                        Diese Debatte wird f\u00fcr Donald Trump zu einem Problem<\/p>\n<p>                <\/a><\/p>\n<p>                <a href=\"https:\/\/www.zeit.de\/wirtschaft\/2025-08\/wirtschaftspodcast-inflation-usa-donald-trump-zoelle\" data-ct-label=\"Wirtschaftspodcast &quot;Ist das eine Blase?&quot;: Scheitert Trump an der Inflation?\" target=\"_blank\" rel=\"noopener\"><\/p>\n<p>                        Wirtschaftspodcast &#8222;Ist das eine Blase?&#8220;:<br \/>\n                        Scheitert Trump an der Inflation?<\/p>\n<p>                <\/a><\/p>\n<p>                <a href=\"https:\/\/www.zeit.de\/politik\/ausland\/2025-11\/us-demokraten-wahlerfolge-kandidaten-chancen-gxe\" data-ct-label=\"USA: Moment mal, die Demokraten k\u00f6nnen es noch! Oder?\" target=\"_blank\" rel=\"noopener\"><\/p>\n<p>        Z+ (abopflichtiger Inhalt);<\/p>\n<p>    USA:<br \/>\n                        Moment mal, die Demokraten k\u00f6nnen es noch! Oder?<\/p>\n<p>                <\/a><\/p>\n","protected":false},"excerpt":{"rendered":"US-Pr\u00e4sident Donald\u00a0Trump\u00a0hat per Dekret eine Reihe von Lebensmittelimporten von den umfassenden Z\u00f6llen ausgenommen, die er Anfang des Jahres&hellip;\n","protected":false},"author":2,"featured_media":576252,"comment_status":"","ping_status":"","sticky":false,"template":"","format":"standard","meta":{"footnotes":""},"categories":[3977],"tags":[331,332,2001,106,13,871,138678,138677,14,15,16,12,4017,4018,4016,64,4019,4020,615],"class_list":{"0":"post-576251","1":"post","2":"type-post","3":"status-publish","4":"format-standard","5":"has-post-thumbnail","7":"category-usa","8":"tag-aktuelle-nachrichten","9":"tag-aktuelle-news","10":"tag-banane","11":"tag-donald-trump","12":"tag-headlines","13":"tag-inflation","14":"tag-inflationssorge","15":"tag-lebensmittelimporte","16":"tag-nachrichten","17":"tag-news","18":"tag-politik","19":"tag-schlagzeilen","20":"tag-united-states","21":"tag-united-states-of-america","22":"tag-us","23":"tag-usa","24":"tag-vereinigte-staaten","25":"tag-vereinigte-staaten-von-amerika","26":"tag-zoll"},"share_on_mastodon":{"url":"https:\/\/pubeurope.com\/@de\/115551039826235894","error":""},"_links":{"self":[{"href":"https:\/\/www.europesays.com\/de\/wp-json\/wp\/v2\/posts\/576251","targetHints":{"allow":["GET"]}}],"collection":[{"href":"https:\/\/www.europesays.com\/de\/wp-json\/wp\/v2\/posts"}],"about":[{"href":"https:\/\/www.europesays.com\/de\/wp-json\/wp\/v2\/types\/post"}],"author":[{"embeddable":true,"href":"https:\/\/www.europesays.com\/de\/wp-json\/wp\/v2\/users\/2"}],"replies":[{"embeddable":true,"href":"https:\/\/www.europesays.com\/de\/wp-json\/wp\/v2\/comments?post=576251"}],"version-history":[{"count":0,"href":"https:\/\/www.europesays.com\/de\/wp-json\/wp\/v2\/posts\/576251\/revisions"}],"wp:featuredmedia":[{"embeddable":true,"href":"https:\/\/www.europesays.com\/de\/wp-json\/wp\/v2\/media\/576252"}],"wp:attachment":[{"href":"https:\/\/www.europesays.com\/de\/wp-json\/wp\/v2\/media?parent=576251"}],"wp:term":[{"taxonomy":"category","embeddable":true,"href":"https:\/\/www.europesays.com\/de\/wp-json\/wp\/v2\/categories?post=576251"},{"taxonomy":"post_tag","embeddable":true,"href":"https:\/\/www.europesays.com\/de\/wp-json\/wp\/v2\/tags?post=576251"}],"curies":[{"name":"wp","href":"https:\/\/api.w.org\/{rel}","templated":true}]}}