{"id":576425,"date":"2025-11-15T02:54:15","date_gmt":"2025-11-15T02:54:15","guid":{"rendered":"https:\/\/www.europesays.com\/de\/576425\/"},"modified":"2025-11-15T02:54:15","modified_gmt":"2025-11-15T02:54:15","slug":"dortmunder-polizei-schnappt-gesuchten-mann-vor-bremer-parkhotel","status":"publish","type":"post","link":"https:\/\/www.europesays.com\/de\/576425\/","title":{"rendered":"Dortmunder Polizei schnappt gesuchten Mann vor Bremer Parkhotel"},"content":{"rendered":"<p>In Bremen wurde am Donnerstagnachmittag ein Gast des Parkhotels von Spezialkr\u00e4ften der Polizei festgenommen \u2013 ein 20-j\u00e4hriger Mann, dem Computerbetrug und Geldw\u00e4sche vorgeworfen werden. Der Zugriff der Polizei erfolgte auf die eher robuste Art: Bei dem vor dem Hotel stehenden Fahrzeug des Mannes wurde die Scheibe eingeschlagen, mehrere vermummte Zivilbeamte f\u00fchrten ihn anschlie\u00dfend ab und sicherten Spuren.<\/p>\n<p>Bei den Polizisten handelte es sich um ein Einsatzkommando der Polizei aus Dortmund. Ihre Bremer Kollegen waren nur unterst\u00fctzend dabei. Eigentlich habe man den per Haftbefehl gesuchten 20-J\u00e4hrigen an seinem Wohnort in Bochum festnehmen wollen, hei\u00dft es hierzu auf Anfrage des WESER-KURIER bei der Staatsanwaltschaft in Dortmund. Dann habe man aber einen Hinweis erhalten, dass er sich im Bremer Parkhotel einquartiert hatte.<\/p>\n<p>Razzia im Ruhrgebiet<\/p>\n<p>Die Festnahme in Bremen erfolgte im Zusammenhang mit einer <a href=\"https:\/\/www.weser-kurier.de\/thema\/razzia-q6130595\/\" target=\"_blank\" rel=\"noopener\">Razzia<\/a> von Staatsanwaltschaft und Polizei Dortmund. Dabei wurden am Donnerstagnachmittag 13 B\u00fcrogeb\u00e4ude und Wohnungen im Ruhrgebiet durchsucht. Insgesamt konnten laut Staatsanwaltschaft vier Haftbefehle vollstreckt sowie weitere Personen vorl\u00e4ufig festgenommen werden. Bei den Durchsuchungen stellten die Einsatzkr\u00e4fte zahlreiche Mobiltelefone und Laptops, Bargeld im niedrigen f\u00fcnfstelligen Bereich sowie hochwertige Uhren sicher. Bei zwei T\u00e4tern beschlagnahmten Polizei und Staatsanwaltschaft aufgrund von Arrestbeschl\u00fcssen drei hochwertige Fahrzeuge \u2013 einen Audi, einen Mercedes und den Porsche, mit dem der 20-J\u00e4hrige in Bremen unterwegs war.<\/p>\n<p>Der T\u00e4tergruppierung werden banden- und gewerbsm\u00e4\u00dfiger Computerbetrug und Geldw\u00e4sche vorgeworfen. Sie sollen sich am Telefon unter anderem als falsche Bankmitarbeiter ausgegeben und auf diese Weise Geld erbeutet haben. Insgesamt gehen die ermittelnden Beh\u00f6rden derzeit von einem Schaden von \u00fcber 750.000 Euro aus.<\/p>\n<p>                        <a href=\"https:\/\/www.weser-kurier.de\/\" id=\"home\" class=\"button primary-primary font-size-15_1 m-0a customEvent\" data-layer-event-name=\"customEvent\" data-layer-trigger=\"click\" data-layer-category=\"artikelscoring\" data-layer-action=\"startseite_button\" data-layer-label=\"doc839bjcv25ihg5f6hmms\" data-layer-value=\"https:\/\/www.weser-kurier.de\/bremen\/1\" target=\"_blank\" rel=\"noopener\">Zur Startseite<\/a><\/p>\n","protected":false},"excerpt":{"rendered":"In Bremen wurde am Donnerstagnachmittag ein Gast des Parkhotels von Spezialkr\u00e4ften der Polizei festgenommen \u2013 ein 20-j\u00e4hriger Mann,&hellip;\n","protected":false},"author":2,"featured_media":576426,"comment_status":"","ping_status":"","sticky":false,"template":"","format":"standard","meta":{"footnotes":""},"categories":[1824],"tags":[2420,3364,29,30],"class_list":{"0":"post-576425","1":"post","2":"type-post","3":"status-publish","4":"format-standard","5":"has-post-thumbnail","7":"category-bremen","8":"tag-bremen","9":"tag-de","10":"tag-deutschland","11":"tag-germany"},"share_on_mastodon":{"url":"https:\/\/pubeurope.com\/@de\/115551460619765821","error":""},"_links":{"self":[{"href":"https:\/\/www.europesays.com\/de\/wp-json\/wp\/v2\/posts\/576425","targetHints":{"allow":["GET"]}}],"collection":[{"href":"https:\/\/www.europesays.com\/de\/wp-json\/wp\/v2\/posts"}],"about":[{"href":"https:\/\/www.europesays.com\/de\/wp-json\/wp\/v2\/types\/post"}],"author":[{"embeddable":true,"href":"https:\/\/www.europesays.com\/de\/wp-json\/wp\/v2\/users\/2"}],"replies":[{"embeddable":true,"href":"https:\/\/www.europesays.com\/de\/wp-json\/wp\/v2\/comments?post=576425"}],"version-history":[{"count":0,"href":"https:\/\/www.europesays.com\/de\/wp-json\/wp\/v2\/posts\/576425\/revisions"}],"wp:featuredmedia":[{"embeddable":true,"href":"https:\/\/www.europesays.com\/de\/wp-json\/wp\/v2\/media\/576426"}],"wp:attachment":[{"href":"https:\/\/www.europesays.com\/de\/wp-json\/wp\/v2\/media?parent=576425"}],"wp:term":[{"taxonomy":"category","embeddable":true,"href":"https:\/\/www.europesays.com\/de\/wp-json\/wp\/v2\/categories?post=576425"},{"taxonomy":"post_tag","embeddable":true,"href":"https:\/\/www.europesays.com\/de\/wp-json\/wp\/v2\/tags?post=576425"}],"curies":[{"name":"wp","href":"https:\/\/api.w.org\/{rel}","templated":true}]}}