{"id":576518,"date":"2025-11-15T03:48:47","date_gmt":"2025-11-15T03:48:47","guid":{"rendered":"https:\/\/www.europesays.com\/de\/576518\/"},"modified":"2025-11-15T03:48:47","modified_gmt":"2025-11-15T03:48:47","slug":"was-pendler-zur-baustelle-in-daxlanden-wissen-muessen","status":"publish","type":"post","link":"https:\/\/www.europesays.com\/de\/576518\/","title":{"rendered":"W\u00e0s Pendler zur Baustelle in Daxlanden wissen m\u00fcssen"},"content":{"rendered":"<p class=\"mb-6 text-xs md:text-m lg:text-l font-serif group-[.font-sans]:font-sans \">\n    Am 7. Oktober 2024 begann die Gro\u00dfbaustelle in Daxlanden. <a href=\"https:\/\/www.ka-news.de\/region\/karlsruhe\/vbk-baut-aus-zwei-jahre-baustelle-in-daxlanden-art-3202532\" target=\"_self\" class=\"underline \" rel=\"noopener\">Damals k\u00fcndigten die Verkehrsbetriebe Karlsruhe (VBK) eine Bauzeit von zwei Jahren an.<\/a> Im Ortskern von Daxlanden musste jedoch das Baufeld in der Kastenw\u00f6rtstra\u00dfe bis zur Pfalzstra\u00dfe erweitert werden. Daf\u00fcr wurden die Arbeiten in der Rappenw\u00f6rtstra\u00dfe zun\u00e4chst zur\u00fcckgestellt. <strong class=\"font-bold\">Die Bauzeit hat sich mittlerweile um mindestens ein Jahr verl\u00e4ngert.<\/strong>\n  <\/p>\n<p>    <img decoding=\"async\" src=\"https:\/\/images.mgpd.de\/img\/109454630\/crop\/c16_9-w100\/441543929\/50630613\/baustelle-daxlanden.jpg\" alt=\"Baustelle Daxlanden (Archivbild)\" title=\"Baustelle Daxlanden (Archivbild)\" class=\"h-full w-full object-cover\"\/><\/p>\n<p>      Icon vergr\u00f6\u00dfern<\/p>\n<p>    Baustelle Daxlanden (Archivbild)<br \/>\n    Foto: Thomas Riedel<\/p>\n<p>        Schlie\u00dfen <\/p>\n<p>      Icon Schlie\u00dfen<\/p>\n<p>        Icon vergr\u00f6\u00dfern<\/p>\n<p>        Icon verkleinern<\/p>\n<p>      Icon Pfeil bewegen<\/p>\n<p>    Baustelle Daxlanden (Archivbild)<br \/>\n    Foto: Thomas Riedel<\/p>\n<p>            Gro\u00dfbaustelle Daxlanden: Was soll alles gemacht werden?<\/p>\n<p class=\"mb-6 text-xs md:text-m lg:text-l font-serif group-[.font-sans]:font-sans \">\n    Die VBK k\u00fcndigte folgende Arbeiten an:\n  <\/p>\n<ul rel=\"\" class=\"[&amp;&gt;li]:relative list-none  [&amp;&gt;li]:pl-[1.2em] [&amp;&gt;li]:marker:text-[0] [&amp;&gt;li]:relative [&amp;&gt;li]:before:absolute [&amp;&gt;li]:before:w-3 [&amp;&gt;li]:before:h-3 [&amp;&gt;li]:before:bg-brand [&amp;&gt;li]:before:left-0 [&amp;&gt;li]:before:top-[8px] [&amp;&gt;li]:before:rounded-full  my-5\">\n<li class=\" mb-3 text-xs md:text-m lg:text-l\">Der Streckenabschnitt zwischen den Haltestellen Eckenerstra\u00dfe und Waidweg wird modernisiert.<\/li>\n<li class=\" mb-3 text-xs md:text-m lg:text-l\">Alle drei Haltestellen auf der Strecke werden k\u00fcnftig barrierefrei sein.<\/li>\n<li class=\" mb-3 text-xs md:text-m lg:text-l\">Parallel dazu modernisieren die Stadtwerke Karlsruhe Netzservice GmbH (SWKN), die Stadtwerke Karlsruhe Kommunale Dienste GmbH (SKD) und das Karlsruher Tiefbauamt, die Versorgungs- und Verkehrsinfrastruktur.<\/li>\n<li class=\" mb-3 text-xs md:text-m lg:text-l\">Es werden Strom-, Gas- und Wasserleitungen erneuert.<\/li>\n<li class=\" mb-3 text-xs md:text-m lg:text-l\">Fahrbahn- und Gehwegfl\u00e4chen werden saniert.<\/li>\n<li class=\" mb-3 text-xs md:text-m lg:text-l\">Die \u00f6ffentliche Stra\u00dfenbeleuchtung wird modernisiert.<\/li>\n<\/ul>\n<p>    <img decoding=\"async\" src=\"https:\/\/images.mgpd.de\/img\/109454684\/crop\/c16_9-w100\/1285416457\/1713702806\/baustelle-daxlanden.jpg\" alt=\"Ersatzhaltestelle in Daxlanden\" title=\"Ersatzhaltestelle in Daxlanden\" class=\"h-full w-full object-cover\"\/><\/p>\n<p>      Icon vergr\u00f6\u00dfern<\/p>\n<p>    Ersatzhaltestelle in Daxlanden<br \/>\n    Foto: Thomas Riedel<\/p>\n<p>        Schlie\u00dfen <\/p>\n<p>      Icon Schlie\u00dfen<\/p>\n<p>        Icon vergr\u00f6\u00dfern<\/p>\n<p>        Icon verkleinern<\/p>\n<p>      Icon Pfeil bewegen<\/p>\n<p>    Ersatzhaltestelle in Daxlanden<br \/>\n    Foto: Thomas Riedel<\/p>\n<p>            Gro\u00dfbaustelle Daxlanden: Was \u00e4ndert sich ab dem 15. November 2025?<\/p>\n<p class=\"mb-6 text-xs md:text-m lg:text-l font-serif group-[.font-sans]:font-sans \">\n    <a href=\"https:\/\/www.ka-news.de\/karlsruhe\/verkehr\/tramlinie-3-nimmt-wieder-betrieb-in-daxlanden-auf-was-sich-aendert-112655340\" target=\"_self\" class=\"underline \" rel=\"noopener\">Die Verkehrsbetriebe Karlsruhe (VBK) nehmen ab dem 15. November 2025 die modernisierte Bahnstrecke in Karlsruhe-Daxlanden wieder in Betrieb.<\/a> <strong class=\"font-bold\">Die Tramlinie 3 verkehrt dann wieder zwischen Eckenerstra\u00dfe und Waidweg, allerdings weiterhin nicht bis Rappenw\u00f6rt. <\/strong>Zwischen Waidweg und Rappenw\u00f6rt bleibt die ALT33 (Anruflinientaxi) als Ersatz erhalten.\n  <\/p>\n<p>            Tramlinie 3: Welche Haltestellen sind nun barrierefrei?<\/p>\n<p class=\"mb-6 text-xs md:text-m lg:text-l font-serif group-[.font-sans]:font-sans \">\n    Im Zuge der Modernisierung wurden folgende Haltestellen bereits barrierefrei umgebaut:\n  <\/p>\n<ul rel=\"\" class=\"[&amp;&gt;li]:relative list-none  [&amp;&gt;li]:pl-[1.2em] [&amp;&gt;li]:marker:text-[0] [&amp;&gt;li]:relative [&amp;&gt;li]:before:absolute [&amp;&gt;li]:before:w-3 [&amp;&gt;li]:before:h-3 [&amp;&gt;li]:before:bg-brand [&amp;&gt;li]:before:left-0 [&amp;&gt;li]:before:top-[8px] [&amp;&gt;li]:before:rounded-full  my-5\">\n<li class=\" mb-3 text-xs md:text-m lg:text-l\">Mauerweg<\/li>\n<li class=\" mb-3 text-xs md:text-m lg:text-l\">Ankerstra\u00dfe<\/li>\n<li class=\" mb-3 text-xs md:text-m lg:text-l\">Hammweg<\/li>\n<li class=\" mb-3 text-xs md:text-m lg:text-l\">Waidweg<\/li>\n<\/ul>\n<p>            Tramlinie 3: Welche Haltestellen sind noch nicht barrierefrei?<\/p>\n<p class=\"mb-6 text-xs md:text-m lg:text-l font-serif group-[.font-sans]:font-sans \">\n    Die Haltestelle Kirchplatz.\n  <\/p>\n<p>            Gro\u00dfbaustelle Daxlanden: Welche Arbeiten stehen noch aus?<\/p>\n<p class=\"mb-6 text-xs md:text-m lg:text-l font-serif group-[.font-sans]:font-sans \">\n    In den kommenden Monaten setzen die VBK die Arbeiten an mehreren Stellen in Daxlanden fort \u2013 unter anderem in der:\n  <\/p>\n<ul rel=\"\" class=\"[&amp;&gt;li]:relative list-none  [&amp;&gt;li]:pl-[1.2em] [&amp;&gt;li]:marker:text-[0] [&amp;&gt;li]:relative [&amp;&gt;li]:before:absolute [&amp;&gt;li]:before:w-3 [&amp;&gt;li]:before:h-3 [&amp;&gt;li]:before:bg-brand [&amp;&gt;li]:before:left-0 [&amp;&gt;li]:before:top-[8px] [&amp;&gt;li]:before:rounded-full  my-5\">\n<li class=\" mb-3 text-xs md:text-m lg:text-l\">Rappenw\u00f6rtstra\u00dfe<\/li>\n<li class=\" mb-3 text-xs md:text-m lg:text-l\">Pfalzstra\u00dfe<\/li>\n<li class=\" mb-3 text-xs md:text-m lg:text-l\">am Waidweg<\/li>\n<li class=\" mb-3 text-xs md:text-m lg:text-l\">sowie in Teilabschnitten der Daxlander Stra\u00dfe<\/li>\n<\/ul>\n<p>            Gro\u00dfbaustelle Daxlanden: Bis wann sollen alle Arbeiten abgeschlossen sein?<\/p>\n<p class=\"mb-6 text-xs md:text-m lg:text-l font-serif group-[.font-sans]:font-sans \">\n    Der Zeitplan habe sich aufgrund unvorhergesehener Herausforderungen ge\u00e4ndert. <strong class=\"font-bold\">Die VBK plant nun die Fertigstellung des Gro\u00dfteils bis Ende 2027. Einzelne Projekte sollen noch bis 2028 laufen.<\/strong>\n  <\/p>\n<ul data-module-id=\"DragDropModule\" class=\"flex flex-wrap justify-start group-[.no-bookmarks]:hidden\">\n<li class=\"mb-3 mr-3\">\n    Katharina Peifer<\/p>\n<p>      Icon Haken im Kreis gesetzt<\/p>\n<p>      Icon Plus im Kreis<\/p>\n<\/li>\n<li class=\"mb-3 mr-3\">\n    Tramlinie<\/p>\n<p>      Icon Haken im Kreis gesetzt<\/p>\n<p>      Icon Plus im Kreis<\/p>\n<\/li>\n<li class=\"mb-3 mr-3\">\n    Karlsruhe<\/p>\n<p>      Icon Haken im Kreis gesetzt<\/p>\n<p>      Icon Plus im Kreis<\/p>\n<\/li>\n<\/ul>\n","protected":false},"excerpt":{"rendered":"Am 7. Oktober 2024 begann die Gro\u00dfbaustelle in Daxlanden. Damals k\u00fcndigten die Verkehrsbetriebe Karlsruhe (VBK) eine Bauzeit von&hellip;\n","protected":false},"author":2,"featured_media":576519,"comment_status":"","ping_status":"","sticky":false,"template":"","format":"standard","meta":{"footnotes":""},"categories":[1844],"tags":[1634,138723,3364,29,101549,13808,30,23617,8903,56994,83797],"class_list":{"0":"post-576518","1":"post","2":"type-post","3":"status-publish","4":"format-standard","5":"has-post-thumbnail","7":"category-karlsruhe","8":"tag-baden-wuerttemberg","9":"tag-daxlanden","10":"tag-de","11":"tag-deutschland","12":"tag-eckenerstrasse","13":"tag-ersatzverkehr","14":"tag-germany","15":"tag-grossbaustelle","16":"tag-karlsruhe","17":"tag-tramlinie","18":"tag-vbk"},"share_on_mastodon":{"url":"https:\/\/pubeurope.com\/@de\/115551677229160211","error":""},"_links":{"self":[{"href":"https:\/\/www.europesays.com\/de\/wp-json\/wp\/v2\/posts\/576518","targetHints":{"allow":["GET"]}}],"collection":[{"href":"https:\/\/www.europesays.com\/de\/wp-json\/wp\/v2\/posts"}],"about":[{"href":"https:\/\/www.europesays.com\/de\/wp-json\/wp\/v2\/types\/post"}],"author":[{"embeddable":true,"href":"https:\/\/www.europesays.com\/de\/wp-json\/wp\/v2\/users\/2"}],"replies":[{"embeddable":true,"href":"https:\/\/www.europesays.com\/de\/wp-json\/wp\/v2\/comments?post=576518"}],"version-history":[{"count":0,"href":"https:\/\/www.europesays.com\/de\/wp-json\/wp\/v2\/posts\/576518\/revisions"}],"wp:featuredmedia":[{"embeddable":true,"href":"https:\/\/www.europesays.com\/de\/wp-json\/wp\/v2\/media\/576519"}],"wp:attachment":[{"href":"https:\/\/www.europesays.com\/de\/wp-json\/wp\/v2\/media?parent=576518"}],"wp:term":[{"taxonomy":"category","embeddable":true,"href":"https:\/\/www.europesays.com\/de\/wp-json\/wp\/v2\/categories?post=576518"},{"taxonomy":"post_tag","embeddable":true,"href":"https:\/\/www.europesays.com\/de\/wp-json\/wp\/v2\/tags?post=576518"}],"curies":[{"name":"wp","href":"https:\/\/api.w.org\/{rel}","templated":true}]}}