{"id":576625,"date":"2025-11-15T04:49:17","date_gmt":"2025-11-15T04:49:17","guid":{"rendered":"https:\/\/www.europesays.com\/de\/576625\/"},"modified":"2025-11-15T04:49:17","modified_gmt":"2025-11-15T04:49:17","slug":"wuerzburg-landkreis-und-stadt-ueben-fuer-den","status":"publish","type":"post","link":"https:\/\/www.europesays.com\/de\/576625\/","title":{"rendered":"W\u00fcrzburg: Landkreis und Stadt \u00fcben f\u00fcr den\u2026"},"content":{"rendered":"<p>Laute Warnsignale aus Feuerwehrfahrzeugen \u2013 die sind am Samstag im W\u00fcrzburger Hubland und in Gerbrunn zu h\u00f6ren.<\/p>\n<p>Grund zur Sorge gibt es aber nicht. Die Feuerwehren der Stadt und des Landkreises W\u00fcrzburg f\u00fchren eine gemeinsame \u00dcbung durch.<\/p>\n<p>Ziel der \u00dcbung: Abl\u00e4ufe und technische Systeme zur Warnung der Bev\u00f6lkerung sollen gepr\u00fcft und geprobt werden. Au\u00dferdem sollen die B\u00fcrger f\u00fcr das Thema Selbstschutz und Warnung sensibilisiert werden, so die Stadt. Au\u00dferdem soll auch die Zusammenarbeit f\u00fcr den Ernstfall verbessert werden.<\/p>\n<p>Die Beteiligen betonen: Die Warndurchsagen zwischen 09:00 Uhr und 14:00 Uhr sind Teil der \u00dcbung. Es besteht keine Gefahr f\u00fcr die Bev\u00f6lkerung.<\/p>\n","protected":false},"excerpt":{"rendered":"Laute Warnsignale aus Feuerwehrfahrzeugen \u2013 die sind am Samstag im W\u00fcrzburger Hubland und in Gerbrunn zu h\u00f6ren. Grund&hellip;\n","protected":false},"author":2,"featured_media":576626,"comment_status":"","ping_status":"","sticky":false,"template":"","format":"standard","meta":{"footnotes":""},"categories":[1772],"tags":[29,214,30,1779,810,2506,215],"class_list":{"0":"post-576625","1":"post","2":"type-post","3":"status-publish","4":"format-standard","5":"has-post-thumbnail","7":"category-musik","8":"tag-deutschland","9":"tag-entertainment","10":"tag-germany","11":"tag-music","12":"tag-musik","13":"tag-radio-radio-gong-wuerzburg-heimvorteil-musik","14":"tag-unterhaltung"},"share_on_mastodon":{"url":"https:\/\/pubeurope.com\/@de\/115551913246922218","error":""},"_links":{"self":[{"href":"https:\/\/www.europesays.com\/de\/wp-json\/wp\/v2\/posts\/576625","targetHints":{"allow":["GET"]}}],"collection":[{"href":"https:\/\/www.europesays.com\/de\/wp-json\/wp\/v2\/posts"}],"about":[{"href":"https:\/\/www.europesays.com\/de\/wp-json\/wp\/v2\/types\/post"}],"author":[{"embeddable":true,"href":"https:\/\/www.europesays.com\/de\/wp-json\/wp\/v2\/users\/2"}],"replies":[{"embeddable":true,"href":"https:\/\/www.europesays.com\/de\/wp-json\/wp\/v2\/comments?post=576625"}],"version-history":[{"count":0,"href":"https:\/\/www.europesays.com\/de\/wp-json\/wp\/v2\/posts\/576625\/revisions"}],"wp:featuredmedia":[{"embeddable":true,"href":"https:\/\/www.europesays.com\/de\/wp-json\/wp\/v2\/media\/576626"}],"wp:attachment":[{"href":"https:\/\/www.europesays.com\/de\/wp-json\/wp\/v2\/media?parent=576625"}],"wp:term":[{"taxonomy":"category","embeddable":true,"href":"https:\/\/www.europesays.com\/de\/wp-json\/wp\/v2\/categories?post=576625"},{"taxonomy":"post_tag","embeddable":true,"href":"https:\/\/www.europesays.com\/de\/wp-json\/wp\/v2\/tags?post=576625"}],"curies":[{"name":"wp","href":"https:\/\/api.w.org\/{rel}","templated":true}]}}