{"id":576654,"date":"2025-11-15T05:05:11","date_gmt":"2025-11-15T05:05:11","guid":{"rendered":"https:\/\/www.europesays.com\/de\/576654\/"},"modified":"2025-11-15T05:05:11","modified_gmt":"2025-11-15T05:05:11","slug":"moenchengladbach-michele-friedrichs-veroeffentlicht-regionalkrimi","status":"publish","type":"post","link":"https:\/\/www.europesays.com\/de\/576654\/","title":{"rendered":"M\u00f6nchengladbach: Mich\u00e8le Friedrichs ver\u00f6ffentlicht Regionalkrimi"},"content":{"rendered":"<p class=\"text_ohne_einzug richtext text-em-55 !leading-serif mx-6 desktop:mx-0\">Als Neu-M\u00f6nchengladbacherin f\u00fchlt sich Mich\u00e8le Friedrichs in der Vitus-Stadt gut angekommen und inspiriert. Fu\u00dfl\u00e4ufig entfernt vom Geropark und den ansteigenden Stra\u00dfen der Altstadt liegt ihr Domizil mit Atelier und B\u00fcro. In <a href=\"https:\/\/rp-online.de\/thema\/moenchengladbach\/\" target=\"_blank\" rel=\"noopener\">M\u00f6nchengladbach<\/a> sind auch die meisten Handlungen ihrer Romane angesiedelt. Nach einigen, noch zu ihrer Zeit in <a href=\"https:\/\/rp-online.de\/thema\/duesseldorf\/\" target=\"_blank\" rel=\"noopener\">D\u00fcsseldorf<\/a> entstandenen Kurzgeschichten sei in M\u00f6nchengladbach der Knoten geplatzt und sie zur eifrigen Schreiberin geworden, sagt die geb\u00fcrtige Detmolderin. Jetzt erschien Mich\u00e8le Friedrichs\u2018 neues Buch \u201eFr\u00e4ulein Charot und die Drachen vom Rhein\u201c. Es ist der dritte Band in der historischen Krimireihe um eine beherzte Frau mit kriminalistischem Gesp\u00fcr.<\/p>\n","protected":false},"excerpt":{"rendered":"Als Neu-M\u00f6nchengladbacherin f\u00fchlt sich Mich\u00e8le Friedrichs in der Vitus-Stadt gut angekommen und inspiriert. Fu\u00dfl\u00e4ufig entfernt vom Geropark und&hellip;\n","protected":false},"author":2,"featured_media":576655,"comment_status":"","ping_status":"","sticky":false,"template":"","format":"standard","meta":{"footnotes":""},"categories":[1849],"tags":[138741,6329,10870,138740,3364,29,71065,548,663,3934,20190,27577,30,13,10007,4455,32127,14,15,1209,5206,12,7476,35946,46080,138742],"class_list":{"0":"post-576654","1":"post","2":"type-post","3":"status-publish","4":"format-standard","5":"has-post-thumbnail","7":"category-moenchengladbach","8":"tag-angesiedelt","9":"tag-band","10":"tag-baende","11":"tag-charot","12":"tag-de","13":"tag-deutschland","14":"tag-drachen","15":"tag-eu","16":"tag-europa","17":"tag-europe","18":"tag-fraeulein","19":"tag-friedrich","20":"tag-germany","21":"tag-headlines","22":"tag-historische","23":"tag-moenchengladbach","24":"tag-moenchengladbacherin","25":"tag-nachrichten","26":"tag-news","27":"tag-nordrhein-westfalen","28":"tag-rhein","29":"tag-schlagzeilen","30":"tag-verband","31":"tag-vitus","32":"tag-vorgaenger","33":"tag-vorgaengerbaenden"},"share_on_mastodon":{"url":"https:\/\/pubeurope.com\/@de\/115551975871477462","error":""},"_links":{"self":[{"href":"https:\/\/www.europesays.com\/de\/wp-json\/wp\/v2\/posts\/576654","targetHints":{"allow":["GET"]}}],"collection":[{"href":"https:\/\/www.europesays.com\/de\/wp-json\/wp\/v2\/posts"}],"about":[{"href":"https:\/\/www.europesays.com\/de\/wp-json\/wp\/v2\/types\/post"}],"author":[{"embeddable":true,"href":"https:\/\/www.europesays.com\/de\/wp-json\/wp\/v2\/users\/2"}],"replies":[{"embeddable":true,"href":"https:\/\/www.europesays.com\/de\/wp-json\/wp\/v2\/comments?post=576654"}],"version-history":[{"count":0,"href":"https:\/\/www.europesays.com\/de\/wp-json\/wp\/v2\/posts\/576654\/revisions"}],"wp:featuredmedia":[{"embeddable":true,"href":"https:\/\/www.europesays.com\/de\/wp-json\/wp\/v2\/media\/576655"}],"wp:attachment":[{"href":"https:\/\/www.europesays.com\/de\/wp-json\/wp\/v2\/media?parent=576654"}],"wp:term":[{"taxonomy":"category","embeddable":true,"href":"https:\/\/www.europesays.com\/de\/wp-json\/wp\/v2\/categories?post=576654"},{"taxonomy":"post_tag","embeddable":true,"href":"https:\/\/www.europesays.com\/de\/wp-json\/wp\/v2\/tags?post=576654"}],"curies":[{"name":"wp","href":"https:\/\/api.w.org\/{rel}","templated":true}]}}