{"id":576662,"date":"2025-11-15T05:09:13","date_gmt":"2025-11-15T05:09:13","guid":{"rendered":"https:\/\/www.europesays.com\/de\/576662\/"},"modified":"2025-11-15T05:09:13","modified_gmt":"2025-11-15T05:09:13","slug":"damit-die-menschen-den-rhein-nicht-in-ruderbooten-ueberqueren-muessen-meinung","status":"publish","type":"post","link":"https:\/\/www.europesays.com\/de\/576662\/","title":{"rendered":"Damit die Menschen den Rhein nicht in Ruderbooten \u00fcberqueren m\u00fcssen &#8211; Meinung"},"content":{"rendered":"<p class=\"rhp-dpa-teaser\"><b>Ludwigshafen und Mannheim sitzen in einem Boot. Kann schon sein, dass dieses Bild ein bisschen schief ist  \u2013 die Verlockung war aber  einfach zu gro\u00df.<\/b><\/p>\n<p>Damit die Menschen in der  Region den Rhein bald nicht tats\u00e4chlich in Ruderbooten \u00fcberqueren m\u00fcssen, um von der Pfalz ins Badische und zur\u00fcck zu kommen, nehmen die beiden Zwillingsst\u00e4dte die Sanierung beziehungsweise den Neubau von Kurt-Schumacher- und Konrad-Adenauer-Br\u00fccke<\/p>\n<p class=\"\">Bitte loggen Sie sich ein um den Artikel im Klartext zu sehen.<\/p>\n<p class=\"\">ni ginrA.ff Eine<\/p>\n<p class=\"\">eanmimsgee ahletselsGcf llso edi unrEregune red  nniee gennza shiufrramstWtca  hVrahereseskcn roneron.idike<\/p>\n<p class=\"\">eiD  ma uFlss Kuiar.:atrk.. Uew meSaroHnnr wet,i os g.tu Nun ja \u2013 wloh erhe os etcshlc.h Man msus eid mnseoDnii sn,dees asw ad ufa ied igonRe ,ukozmmt er<\/p>\n","protected":false},"excerpt":{"rendered":"Ludwigshafen und Mannheim sitzen in einem Boot. Kann schon sein, dass dieses Bild ein bisschen schief ist \u2013&hellip;\n","protected":false},"author":2,"featured_media":576663,"comment_status":"","ping_status":"","sticky":false,"template":"","format":"standard","meta":{"footnotes":""},"categories":[1845],"tags":[1634,3364,29,548,663,3934,30,13,107221,4060,25476,2096,14,15,16935,5206,80034,12,103981],"class_list":{"0":"post-576662","1":"post","2":"type-post","3":"status-publish","4":"format-standard","5":"has-post-thumbnail","7":"category-mannheim","8":"tag-baden-wuerttemberg","9":"tag-de","10":"tag-deutschland","11":"tag-eu","12":"tag-europa","13":"tag-europe","14":"tag-germany","15":"tag-headlines","16":"tag-konrad-adenauer-bruecke","17":"tag-lokal","18":"tag-ludwigshafen","19":"tag-mannheim","20":"tag-nachrichten","21":"tag-news","22":"tag-pfalz","23":"tag-rhein","24":"tag-ruderboot","25":"tag-schlagzeilen","26":"tag-schumacher-bruecke"},"share_on_mastodon":{"url":"https:\/\/pubeurope.com\/@de\/115551991494761456","error":""},"_links":{"self":[{"href":"https:\/\/www.europesays.com\/de\/wp-json\/wp\/v2\/posts\/576662","targetHints":{"allow":["GET"]}}],"collection":[{"href":"https:\/\/www.europesays.com\/de\/wp-json\/wp\/v2\/posts"}],"about":[{"href":"https:\/\/www.europesays.com\/de\/wp-json\/wp\/v2\/types\/post"}],"author":[{"embeddable":true,"href":"https:\/\/www.europesays.com\/de\/wp-json\/wp\/v2\/users\/2"}],"replies":[{"embeddable":true,"href":"https:\/\/www.europesays.com\/de\/wp-json\/wp\/v2\/comments?post=576662"}],"version-history":[{"count":0,"href":"https:\/\/www.europesays.com\/de\/wp-json\/wp\/v2\/posts\/576662\/revisions"}],"wp:featuredmedia":[{"embeddable":true,"href":"https:\/\/www.europesays.com\/de\/wp-json\/wp\/v2\/media\/576663"}],"wp:attachment":[{"href":"https:\/\/www.europesays.com\/de\/wp-json\/wp\/v2\/media?parent=576662"}],"wp:term":[{"taxonomy":"category","embeddable":true,"href":"https:\/\/www.europesays.com\/de\/wp-json\/wp\/v2\/categories?post=576662"},{"taxonomy":"post_tag","embeddable":true,"href":"https:\/\/www.europesays.com\/de\/wp-json\/wp\/v2\/tags?post=576662"}],"curies":[{"name":"wp","href":"https:\/\/api.w.org\/{rel}","templated":true}]}}