{"id":576664,"date":"2025-11-15T05:10:14","date_gmt":"2025-11-15T05:10:14","guid":{"rendered":"https:\/\/www.europesays.com\/de\/576664\/"},"modified":"2025-11-15T05:10:14","modified_gmt":"2025-11-15T05:10:14","slug":"bahnlinie-3-nimmt-nach-bauarbeiten-in-daxlanden-den-betrieb-wieder-auf","status":"publish","type":"post","link":"https:\/\/www.europesays.com\/de\/576664\/","title":{"rendered":"Bahnlinie 3 nimmt nach Bauarbeiten in Daxlanden den Betrieb wieder auf"},"content":{"rendered":"<p class=\"mb-6 text-xs md:text-m lg:text-l font-serif group-[.font-sans]:font-sans \">\n    Ab 11 Uhr am 15. November 2025, wird die Tramlinie 3 in Daxlanden wieder unterwegs sein. Feierlich er\u00f6ffnet wird der Abschluss der ersten Arbeiten des Gro\u00dfprojekts vorab von <a href=\"https:\/\/www.ka-news.de\/region\/karlsruhe\/jubilaeum-im-rathaus-frank-mentrup-ist-seit-10-jahren-oberbuergermeister-von-karlsruhe-art-2919964\" target=\"_self\" class=\"underline \" rel=\"noopener\">Oberb\u00fcrgermeister Frank Mentrup<\/a> und Christian H\u00f6glmeier, dem technischen Gesch\u00e4ftsf\u00fchrer der <a href=\"https:\/\/www.ka-news.de\/region\/karlsruhe\/der-karlsruher-verkehrsverbund-kvv-alles-wichtige-auf-einen-blick-art-2834049\" target=\"_self\" class=\"underline \" rel=\"noopener\">Verkehrsbetriebe Karlsruhe<\/a> (VBK).\n  <\/p>\n<p class=\"mb-6 text-xs md:text-m lg:text-l font-serif group-[.font-sans]:font-sans \">\n    Alle Infos rund um das Projekt haben wir in diesem Artikel zusammengefasst: <a href=\"https:\/\/www.ka-news.de\/karlsruhe\/verkehr\/vbk-baut-tramlinie-3-aus-was-pendler-zur-baustelle-in-daxlanden-wissen-muessen-112772133\" target=\"_self\" class=\"underline \" rel=\"noopener\">Gro\u00dfbaustelle in Daxlanden bis 2028<\/a>\n  <\/p>\n<ul data-module-id=\"DragDropModule\" class=\"flex flex-wrap justify-start group-[.no-bookmarks]:hidden\">\n<li class=\"mb-3 mr-3\">\n    Katharina Peifer<\/p>\n<p>      Icon Haken im Kreis gesetzt<\/p>\n<p>      Icon Plus im Kreis<\/p>\n<\/li>\n<li class=\"mb-3 mr-3\">\n    Tramlinie<\/p>\n<p>      Icon Haken im Kreis gesetzt<\/p>\n<p>      Icon Plus im Kreis<\/p>\n<\/li>\n<li class=\"mb-3 mr-3\">\n    Frank Mentrup<\/p>\n<p>      Icon Haken im Kreis gesetzt<\/p>\n<p>      Icon Plus im Kreis<\/p>\n<\/li>\n<\/ul>\n","protected":false},"excerpt":{"rendered":"Ab 11 Uhr am 15. November 2025, wird die Tramlinie 3 in Daxlanden wieder unterwegs sein. Feierlich er\u00f6ffnet&hellip;\n","protected":false},"author":2,"featured_media":533677,"comment_status":"","ping_status":"","sticky":false,"template":"","format":"standard","meta":{"footnotes":""},"categories":[1844],"tags":[1634,138723,3364,29,27727,30,23617,8903,56994,83797],"class_list":{"0":"post-576664","1":"post","2":"type-post","3":"status-publish","4":"format-standard","5":"has-post-thumbnail","7":"category-karlsruhe","8":"tag-baden-wuerttemberg","9":"tag-daxlanden","10":"tag-de","11":"tag-deutschland","12":"tag-frank-mentrup","13":"tag-germany","14":"tag-grossbaustelle","15":"tag-karlsruhe","16":"tag-tramlinie","17":"tag-vbk"},"share_on_mastodon":{"url":"https:\/\/pubeurope.com\/@de\/115551995541319792","error":""},"_links":{"self":[{"href":"https:\/\/www.europesays.com\/de\/wp-json\/wp\/v2\/posts\/576664","targetHints":{"allow":["GET"]}}],"collection":[{"href":"https:\/\/www.europesays.com\/de\/wp-json\/wp\/v2\/posts"}],"about":[{"href":"https:\/\/www.europesays.com\/de\/wp-json\/wp\/v2\/types\/post"}],"author":[{"embeddable":true,"href":"https:\/\/www.europesays.com\/de\/wp-json\/wp\/v2\/users\/2"}],"replies":[{"embeddable":true,"href":"https:\/\/www.europesays.com\/de\/wp-json\/wp\/v2\/comments?post=576664"}],"version-history":[{"count":0,"href":"https:\/\/www.europesays.com\/de\/wp-json\/wp\/v2\/posts\/576664\/revisions"}],"wp:featuredmedia":[{"embeddable":true,"href":"https:\/\/www.europesays.com\/de\/wp-json\/wp\/v2\/media\/533677"}],"wp:attachment":[{"href":"https:\/\/www.europesays.com\/de\/wp-json\/wp\/v2\/media?parent=576664"}],"wp:term":[{"taxonomy":"category","embeddable":true,"href":"https:\/\/www.europesays.com\/de\/wp-json\/wp\/v2\/categories?post=576664"},{"taxonomy":"post_tag","embeddable":true,"href":"https:\/\/www.europesays.com\/de\/wp-json\/wp\/v2\/tags?post=576664"}],"curies":[{"name":"wp","href":"https:\/\/api.w.org\/{rel}","templated":true}]}}