{"id":576695,"date":"2025-11-15T05:29:21","date_gmt":"2025-11-15T05:29:21","guid":{"rendered":"https:\/\/www.europesays.com\/de\/576695\/"},"modified":"2025-11-15T05:29:21","modified_gmt":"2025-11-15T05:29:21","slug":"frankfurt-marathon-punktet-in-aktuellem-deutschland-ranking","status":"publish","type":"post","link":"https:\/\/www.europesays.com\/de\/576695\/","title":{"rendered":"Frankfurt-Marathon punktet in aktuellem Deutschland-Ranking"},"content":{"rendered":"<ol class=\"id-DonaldBreadcrumb lp_west_breadcrumb id-DonaldBreadcrumb--default\" data-k5a-pos=\"west_breadcrumb\">\n<li class=\"id-Breadcrumb-item\"><a href=\"https:\/\/www.fr.de\/\" class=\"id-Breadcrumb-link\" data-id-ec=\"{\" shn=\"\" textlink=\"\" data-k5a-pos=\"1_startseite\" rel=\"nofollow noopener\" target=\"_blank\">Startseite<\/a><\/li>\n<li class=\"id-Breadcrumb-item\"><a href=\"https:\/\/www.fr.de\/frankfurt\/\" class=\"id-Breadcrumb-link\" data-id-ec=\"{\" shn=\"\" textlink=\"\" data-k5a-pos=\"2_frankfurt\" rel=\"nofollow noopener\" target=\"_blank\">Frankfurt<\/a><\/li>\n<\/ol>\n<p class=\"id-Story-timestamp id-Story-timestamp--default\">Stand: 15.11.2025, 05:50 Uhr<\/p>\n<p class=\"id-Story-authors id-Story-authors--default\">Von: <a class=\"id-Story-authors-link lp_west_author\" href=\"https:\/\/www.fr.de\/autor\/nora-kraft-xaw4z3ug.html\" title=\"Zur Autorenseite von Nora Kraft\" data-id-ec=\"{\" shn=\"\" author-link=\"\" kraft=\"\" data-k5a-pos=\"west_author\" rel=\"nofollow noopener\" target=\"_blank\">Nora Kraft<\/a><\/p>\n<p class=\"id-Story-interactionBar id-Story-interactionBar--default\">DruckenTeilen<\/p>\n<p class=\"id-StoryElement-leadText\">Der Mainova Frankfurt Marathon verbuchte erst k\u00fcrzlich einen Teilnehmerrekord. Die Veranstalter d\u00fcrfen sich nun \u00fcber eine besondere Platzierung freuen.<\/p>\n<p class=\"id-StoryElement-paragraph\">Frankfurt \u2013 Der Laufsport boomt. Einen weiteren Beleg daf\u00fcr lieferte j\u00fcngst der Frankfurt-Marathon. Das Event war <a href=\"https:\/\/www.fr.de\/frankfurt\/seiner-geschichte-mainova-frankfurt-marathon-ausgebucht-zum-ersten-mal-in-93997447.html\" class=\"id-import-Link\" data-id-ec=\"{&quot;sht&quot;:&quot;Container&quot;,&quot;shn&quot;:&quot;Story&quot;,&quot;p&quot;:{&quot;containerType&quot;:&quot;Paragraph&quot;,&quot;displayType&quot;:&quot;Paragraph InlineLink&quot;,&quot;type&quot;:&quot;INLINE_LINK&quot;,&quot;value&quot;:&quot;zum ersten Mal in seiner 42-j&#xE4;hrigen Geschichte komplett ausgebucht&quot;,&quot;variant&quot;:&quot;standardLink&quot;,&quot;sponsored&quot;:false,&quot;linkHref&quot;:&quot;https:\/\/www.fr.de\/frankfurt\/seiner-geschichte-mainova-frankfurt-marathon-ausgebucht-zum-ersten-mal-in-93997447.html&quot;,&quot;storyElementPosition&quot;:8,&quot;storyElementCount&quot;:22}}\" rel=\"nofollow noopener\" target=\"_blank\">zum ersten Mal in seiner 42-j\u00e4hrigen Geschichte komplett ausgebucht<\/a>. Mit 17.000 L\u00e4ufer:innen verzeichnete die Veranstaltung eine Rekordbeteiligung. Neben der allgemeinen Laufbegeisterung k\u00f6nnte aber noch ein weiterer Grund f\u00fcr die Beliebtheit des Marathons sprechen: Der Lauf wurde k\u00fcrzlich zu Deutschlands drittsch\u00f6nstem Marathon gek\u00fcrt.<\/p>\n<p class=\"id-StoryElement-paragraph\">Nach einer aktuellen Studie sind nur die City-Marathons in M\u00fcnchen (Platz 1) und K\u00f6ln (Platz 2) sch\u00f6ner. Frankfurt teilt sich den dritten Platz mit Berlin. <\/p>\n<p>Mainova Frankfurt Marathon ist einer der sch\u00f6nsten in Deutschland<\/p>\n<p class=\"id-StoryElement-paragraph\">Ermittelt wurden die Ergebnisse der Studie durch sogenanntes Eye-Tracking-Verfahren. Dabei wurden die Augenbewegungen von 300 Teilnehmern aus aller Welt aufgezeichnet, w\u00e4hrend sie Bilder bekannter Marathons betrachteten. In der Studie des Online-H\u00e4ndlers SportsShoes.com wurde analysiert, welche Motive die Aufmerksamkeit der Betrachter am schnellsten auf sich zogen und am st\u00e4rksten fesselten. Aus den Ergebnissen entstand das \u201eRanking der visuell beeindruckendsten Marathonstrecken in Deutschland und weltweit\u201c, hei\u00dft es in einer Pressemitteilung. <\/p>\n<p><img decoding=\"async\" class=\"id-RatioPlaceholder-element wv_story_el_image\" src=\"https:\/\/www.europesays.com\/de\/wp-content\/uploads\/2025\/11\/40444879-der-frankfurter-marathon-feierte-2025-einen-teilnehmerrekord-OABG.jpg\" loading=\"lazy\"   height=\"733\" width=\"1100\" alt=\"Der Frankfurter Marathon feierte 2025 einen Teilnehmerrekord. \"\/>Der Frankfurter Marathon feierte 2025 einen Teilnehmerrekord.  \u00a9\u00a0Kai Peters\/Imago<\/p>\n<p class=\"id-StoryElement-paragraph\">Damit bietet der Frankfurt-Marathon seinen L\u00e4ufer:innen und Zuschauer:innen mit der flachen Strecke durch das Bankenviertel, mit Skyline-Blick \u00fcber den Main entlang und dem Ziel in der bunt beleuchteten Festhalle eine beeindruckende Kulisse.  <\/p>\n<p>Weltweit sch\u00f6nste Marathon-Strecke liegt in Gro\u00dfbritannien <\/p>\n<p class=\"id-StoryElement-paragraph\">W\u00e4hrend Frankfurt im deutschlandweiten Vergleich auf dem Treppchen steht, schaffte es die Strecke im Europa-Ranking \u201enur\u201c auf Platz 21. Die sch\u00f6nsten Marathons in Europa liegen demnach in Schottland (Platz 1 f\u00fcr den Loch Ness Marathon), Frankreich (Marathon du Mont Blanc auf Platz 2) und Spanien (Barcelona Marathon auf Platz 3). <\/p>\n<p>Schwierige Bedingungen: Der Mainova Frankfurt Marathon in Bildern<img decoding=\"async\" class=\"id-RatioPlaceholder-element wv_story_el_interstitialImage\" src=\"https:\/\/www.europesays.com\/de\/wp-content\/uploads\/2025\/11\/40214866-der-mainova-frankfurt-marathon-am-26-oktober-startete-bei-kuehlen-temperaturen-und-viel-win.jpeg\" loading=\"lazy\"   height=\"2793\" width=\"4000\" alt=\"Der Mainova Frankfurt Marathon am 26. Oktober startete bei k&#xFC;hlen Temperaturen und viel Wind. \"\/><a href=\"https:\/\/www.fr.de\/frankfurt\/der-mainova-marathon-frankfurt-in-bildern-zr-94005942.html\" class=\"id-StoryElement-intestitialLink-link\" data-id-ec=\"{\" shn=\"\" ansehen=\"\" data-k5a-pos=\"west_story_18_photoGalleryLink\" title=\"Zur Fotostrecke: Schwierige Bedingungen: Der Mainova Frankfurt Marathon in Bildern\" rel=\"nofollow noopener\" target=\"_blank\">Fotostrecke ansehen<\/a><\/p>\n<p class=\"id-StoryElement-paragraph\">Weltweit \u00fcberzeugt die Teilnehmer:innen hingegen der Big Sur International Marathon am meisten. Der Marathon in Kalifornien ist laut Ranking der sch\u00f6nste von allen. Er biete ikonische Ausblicke auf die Pazifikk\u00fcste, Redwood-W\u00e4lder und die ber\u00fchmte Bixby Creek Bridge, hei\u00dft es in der Begr\u00fcndung. Der Great Wall Marathon und der Loch Ness Marathon belegen die Pl\u00e4tze 2 und 3. <\/p>\n<p class=\"id-StoryElement-paragraph\">Die <a href=\"https:\/\/www.sportsshoes.com\/de-de\/advice\/running-hub\/motivation\/die-schoensten-marathons-der-welt\" rel=\"nofollow noopener\" target=\"_blank\" class=\"id-import-Link id-pageApi-Link--externalDomain\" data-id-ec=\"{&quot;sht&quot;:&quot;Container&quot;,&quot;shn&quot;:&quot;Story&quot;,&quot;p&quot;:{&quot;containerType&quot;:&quot;Paragraph&quot;,&quot;displayType&quot;:&quot;Paragraph InlineLink&quot;,&quot;type&quot;:&quot;INLINE_LINK&quot;,&quot;value&quot;:&quot;vollst&#xE4;ndigen Ergebnisse sind unter SportsShoes.com&quot;,&quot;variant&quot;:&quot;standardLink&quot;,&quot;sponsored&quot;:false,&quot;linkHref&quot;:&quot;https:\/\/www.sportsshoes.com\/de-de\/advice\/running-hub\/motivation\/die-schoensten-marathons-der-welt&quot;,&quot;storyElementPosition&quot;:22,&quot;storyElementCount&quot;:22}}\">vollst\u00e4ndigen Ergebnisse sind unter SportsShoes.com<\/a> zu finden.<\/p>\n","protected":false},"excerpt":{"rendered":"Startseite Frankfurt Stand: 15.11.2025, 05:50 Uhr Von: Nora Kraft DruckenTeilen Der Mainova Frankfurt Marathon verbuchte erst k\u00fcrzlich einen&hellip;\n","protected":false},"author":2,"featured_media":576696,"comment_status":"","ping_status":"","sticky":false,"template":"","format":"standard","meta":{"footnotes":""},"categories":[2],"tags":[331,3924,332,3922,3364,29,30,13,14,3923,15,3921,12],"class_list":{"0":"post-576695","1":"post","2":"type-post","3":"status-publish","4":"format-standard","5":"has-post-thumbnail","7":"category-deutschland","8":"tag-aktuelle-nachrichten","9":"tag-aktuelle-nachrichten-aus-deutschland","10":"tag-aktuelle-news","11":"tag-aktuelle-news-aus-deutschland","12":"tag-de","13":"tag-deutschland","14":"tag-germany","15":"tag-headlines","16":"tag-nachrichten","17":"tag-nachrichten-aus-deutschland","18":"tag-news","19":"tag-news-aus-deutschland","20":"tag-schlagzeilen"},"share_on_mastodon":{"url":"https:\/\/pubeurope.com\/@de\/115552071257761909","error":""},"_links":{"self":[{"href":"https:\/\/www.europesays.com\/de\/wp-json\/wp\/v2\/posts\/576695","targetHints":{"allow":["GET"]}}],"collection":[{"href":"https:\/\/www.europesays.com\/de\/wp-json\/wp\/v2\/posts"}],"about":[{"href":"https:\/\/www.europesays.com\/de\/wp-json\/wp\/v2\/types\/post"}],"author":[{"embeddable":true,"href":"https:\/\/www.europesays.com\/de\/wp-json\/wp\/v2\/users\/2"}],"replies":[{"embeddable":true,"href":"https:\/\/www.europesays.com\/de\/wp-json\/wp\/v2\/comments?post=576695"}],"version-history":[{"count":0,"href":"https:\/\/www.europesays.com\/de\/wp-json\/wp\/v2\/posts\/576695\/revisions"}],"wp:featuredmedia":[{"embeddable":true,"href":"https:\/\/www.europesays.com\/de\/wp-json\/wp\/v2\/media\/576696"}],"wp:attachment":[{"href":"https:\/\/www.europesays.com\/de\/wp-json\/wp\/v2\/media?parent=576695"}],"wp:term":[{"taxonomy":"category","embeddable":true,"href":"https:\/\/www.europesays.com\/de\/wp-json\/wp\/v2\/categories?post=576695"},{"taxonomy":"post_tag","embeddable":true,"href":"https:\/\/www.europesays.com\/de\/wp-json\/wp\/v2\/tags?post=576695"}],"curies":[{"name":"wp","href":"https:\/\/api.w.org\/{rel}","templated":true}]}}