{"id":577081,"date":"2025-11-15T09:09:17","date_gmt":"2025-11-15T09:09:17","guid":{"rendered":"https:\/\/www.europesays.com\/de\/577081\/"},"modified":"2025-11-15T09:09:17","modified_gmt":"2025-11-15T09:09:17","slug":"diese-buergerservicestelle-in-chemnitz-schliesst","status":"publish","type":"post","link":"https:\/\/www.europesays.com\/de\/577081\/","title":{"rendered":"Diese B\u00fcrgerservicestelle in Chemnitz schlie\u00dft"},"content":{"rendered":"<p>\t\t\tAb 2026: Diese B\u00fcrgerservicestelle in Chemnitz schlie\u00dft<br \/>\n\t\t\t\t\t\t\t\t\t\t\t\tK\u00fcnftig l\u00e4ngere Wege f\u00fcr B\u00fcrger<\/p>\n<p>\t\t\t\t<a id=\"whatsapp_channel_link\" href=\"https:\/\/whatsapp.com\/channel\/0029Va6RBvnLY6dCNLfeAA0c\" data-ct=\"SHARE\/WHATSAPPKANAL\" target=\"_blank\" rel=\"noopener\"><br \/>\n\t\t\t\t\t<img decoding=\"async\" alt=\"Zum Blick WhatsApp Kanal\" src=\"https:\/\/www.blick.de\/img\/WhatsApp-Kanal.svg\"\/><br \/>\n\t\t\t\t<\/a><\/p>\n<ul class=\"gallery-items\">\n<li class=\"img gallery-item\">\n<p>\t\t\t\t\t\t\t\t\t\t\t\t\t\t\t\t\t\t\t\t\t\t\t\t\t\t\t\t\t\t\t\t\t\t\t\t\t\t\t\t\t\t        \t\t\t\t<img decoding=\"async\" class=\"media-image \" loading=\"eager\" src=\"https:\/\/www.europesays.com\/de\/wp-content\/uploads\/2025\/11\/17580958_W400C2040x1360o0x0.jpg\" alt=\"Ab 2026: Diese B\u00fcrgerservicestelle in Chemnitz schlie\u00dft - Die B\u00fcrgerservicestelle Sachsen-Allee schlie\u00dft zum Jahresende.\"   style=\"&#10;&#9;&#9;&#9;aspect-ratio:2040\/1360;&#10;&#9;&#9;&#9;background: url(data:image\/jpg;base64,\/9j\/4AAQSkZJRgABAQEASABIAAD\/2wBDAAUDBAQEAwUEBAQFBQUGBwwIBwcHBw8LCwkMEQ8SEhEPERETFhwXExQaFRERGCEYGh0dHx8fExciJCIeJBweHx7\/2wBDAQUFBQcGBw4ICA4eFBEUHh4eHh4eHh4eHh4eHh4eHh4eHh4eHh4eHh4eHh4eHh4eHh4eHh4eHh4eHh4eHh4eHh7\/wAARCAAHAAoDASIAAhEBAxEB\/8QAFgABAQEAAAAAAAAAAAAAAAAAAAQF\/8QAIBAAAQMEAgMAAAAAAAAAAAAAAgEDBQAEESEGEhNC0f\/EABQBAQAAAAAAAAAAAAAAAAAAAAP\/xAAaEQEBAAIDAAAAAAAAAAAAAAABAgADEyEx\/9oADAMBAAIRAxEAPwDIjpOeO0PtGq46IorbzV0IgC7zkV2tXNy\/IfGORtl0nqPylKTgKmRXrFjcxVMnrn\/\/2Q==) no-repeat left top; background-size: cover;&#9;&#9;&#9;width: 100%;&#9;&#9;\"\/><\/p>\n<p>\n\t\t\t\t\t\t\t\t\tDie B\u00fcrgerservicestelle Sachsen-Allee schlie\u00dft zum Jahresende. Foto: Steffi Hofmann\n\t\t\t\t\t\t\t\t<\/p>\n<\/li>\n<li class=\"img gallery-item\">\n<p>\t\t\t\t\t\t\t\t\t\t\t\t\t\t\t\t\t\t\t\t\t\t\t\t\t\t\t\t\t\t\t\t\t\t\t\t\t        \t\t\t\t<img decoding=\"async\" class=\"media-image \" loading=\"lazy\" src=\"https:\/\/www.europesays.com\/de\/wp-content\/uploads\/2025\/11\/17580963_W400C2040x1360o0x0.jpg\" alt=\"Ab 2026: Diese B\u00fcrgerservicestelle in Chemnitz schlie\u00dft - Auf Grund der Feiertage ist letztmalig am Dienstag, dem 23. Dezember, f\u00fcr Kunden mit Termin ge\u00f6ffnet.\"   style=\"&#10;&#9;&#9;&#9;aspect-ratio:2040\/1360;&#10;&#9;&#9;&#9;background: url(data:image\/jpg;base64,\/9j\/4AAQSkZJRgABAQEAYABgAAD\/2wBDAAUDBAQEAwUEBAQFBQUGBwwIBwcHBw8LCwkMEQ8SEhEPERETFhwXExQaFRERGCEYGh0dHx8fExciJCIeJBweHx7\/2wBDAQUFBQcGBw4ICA4eFBEUHh4eHh4eHh4eHh4eHh4eHh4eHh4eHh4eHh4eHh4eHh4eHh4eHh4eHh4eHh4eHh4eHh7\/wAARCAAHAAoDASIAAhEBAxEB\/8QAFgABAQEAAAAAAAAAAAAAAAAAAAYH\/8QAIRAAAQIGAgMAAAAAAAAAAAAAAgEEAAMFBhETElEhMUH\/xAAUAQEAAAAAAAAAAAAAAAAAAAAC\/8QAGREAAwADAAAAAAAAAAAAAAAAAAECAxIh\/9oADAMBAAIRAxEAPwCnuymMxsGvlNdk7fTWrgQDQCauQqKCh8UVfec5+9RkLK0ai2ZyW6lMHVLEMbU8YTHcIQJxTC4Pds\/\/2Q==) no-repeat left top; background-size: cover;&#9;&#9;&#9;width: 100%;&#9;&#9;\"\/><\/p>\n<p>\n\t\t\t\t\t\t\t\t\tAuf Grund der Feiertage ist letztmalig am Dienstag, dem 23. Dezember, f\u00fcr Kunden mit Termin ge\u00f6ffnet. Foto: Steffi Hofmann\n\t\t\t\t\t\t\t\t<\/p>\n<\/li>\n<\/ul>\n<p>1\/2<\/p>\n<p>\t\t\t\t\t\t\t\t\t\t\t\t\t\t\t\t\t\t\t\t\t\t\t\t\t\t\t\t\t\t<b class=\"ortsmarke\">Chemnitz.<\/b>\u00a0<\/p>\n<p>Die B\u00fcrgerservicestelle Sachsen-Allee schlie\u00dft zum Jahresende. Auf Grund der Feiertage ist letztmalig am Dienstag, dem 23. Dezember, f\u00fcr Kunden mit Termin ge\u00f6ffnet. Das bedeutet f\u00fcr tausende B\u00fcrger: Ab 2026 l\u00e4ngere Wege zum Amt.<\/p>\n<p>\t\t\t\t\t\t\t\t\t\t\t\t\t\t\t\t\t\tEntwicklung zu st\u00e4rkster frequentierter Au\u00dfenstelle der Meldebeh\u00f6rde<\/p>\n<p>Die B\u00fcrgerservicestelle Sachsen-Allee war im Zuge der Entstehung des B\u00fcrgeramtes am 31. M\u00e4rz 2003 er\u00f6ffnet worden und hat sich seitdem zu der am st\u00e4rksten frequentierten Au\u00dfenstelle der Meldebeh\u00f6rde entwickelt.<\/p>\n<p>\t\t\t\t\t\t\t\t\t\t\t\t\t\t\t\t\t\tSchlie\u00dfung beschlossen<\/p>\n<p>Mit dem Ma\u00dfnahmenplan zum Abbau des Haushaltsdefizites hatte der Chemnitzer Stadtrat im Rathaus in seiner Sitzung am 12. M\u00e4rz dieses Jahres die Schlie\u00dfung der B\u00fcrgerservicestelle Sachsen-Allee beschlossen. Dieser Beschluss wird nun zum Jahresende umgesetzt.<\/p>\n<p>\t\t\t\t\t\t\t\t\t\t\t\t\t\t\t\t\t\tWelche Melde\u00e4mter noch zur Verf\u00fcgung stehen<\/p>\n<p>F\u00fcr die Beantragung von Leistungen des Einwohnermeldeamtes stehen damit neben dem B\u00fcrgerhaus am Wall noch die B\u00fcrgerservicestellen Morgenleite und <a href=\"https:\/\/www.blick.de\/thema\/ort\/rabenstein\" title=\"Nachrichten f\u00fcr den Ort: Rabenstein\" class=\"internal-article-link\" data-ct=\"ENTITY\/LOCATION\/RABENSTEIN\" target=\"_blank\" rel=\"noopener\">Rabenstein<\/a> nach Terminvereinbarung zur Verf\u00fcgung.<\/p>\n<p>\t\t\t\t\t\t\t\t\t\t\t\t\t\t\t\t\t\tInformationen im Internet zu finden<\/p>\n<p>Die B\u00fcrgerservicestellen in den Ortschaften haben an festgelegten Tagen (ohne Terminvereinbarung) ge\u00f6ffnet. <a href=\"https:\/\/www.chemnitz.de\/buergerservicestellen\" target=\"_blank\" rel=\"noopener\">Alle Informationen zu den \u00d6ffnungszeiten sowie zu den Leistungen sind im Internet zu finden.<\/a><\/p>\n","protected":false},"excerpt":{"rendered":"Ab 2026: Diese B\u00fcrgerservicestelle in Chemnitz schlie\u00dft K\u00fcnftig l\u00e4ngere Wege f\u00fcr B\u00fcrger Die B\u00fcrgerservicestelle Sachsen-Allee schlie\u00dft zum Jahresende.&hellip;\n","protected":false},"author":2,"featured_media":577082,"comment_status":"","ping_status":"","sticky":false,"template":"","format":"standard","meta":{"footnotes":""},"categories":[1851],"tags":[2770,3364,29,548,663,3934,30,13,12930,14,15,859,12],"class_list":{"0":"post-577081","1":"post","2":"type-post","3":"status-publish","4":"format-standard","5":"has-post-thumbnail","7":"category-chemnitz","8":"tag-chemnitz","9":"tag-de","10":"tag-deutschland","11":"tag-eu","12":"tag-europa","13":"tag-europe","14":"tag-germany","15":"tag-headlines","16":"tag-impfungen","17":"tag-nachrichten","18":"tag-news","19":"tag-sachsen","20":"tag-schlagzeilen"},"share_on_mastodon":{"url":"https:\/\/pubeurope.com\/@de\/115552935550007792","error":""},"_links":{"self":[{"href":"https:\/\/www.europesays.com\/de\/wp-json\/wp\/v2\/posts\/577081","targetHints":{"allow":["GET"]}}],"collection":[{"href":"https:\/\/www.europesays.com\/de\/wp-json\/wp\/v2\/posts"}],"about":[{"href":"https:\/\/www.europesays.com\/de\/wp-json\/wp\/v2\/types\/post"}],"author":[{"embeddable":true,"href":"https:\/\/www.europesays.com\/de\/wp-json\/wp\/v2\/users\/2"}],"replies":[{"embeddable":true,"href":"https:\/\/www.europesays.com\/de\/wp-json\/wp\/v2\/comments?post=577081"}],"version-history":[{"count":0,"href":"https:\/\/www.europesays.com\/de\/wp-json\/wp\/v2\/posts\/577081\/revisions"}],"wp:featuredmedia":[{"embeddable":true,"href":"https:\/\/www.europesays.com\/de\/wp-json\/wp\/v2\/media\/577082"}],"wp:attachment":[{"href":"https:\/\/www.europesays.com\/de\/wp-json\/wp\/v2\/media?parent=577081"}],"wp:term":[{"taxonomy":"category","embeddable":true,"href":"https:\/\/www.europesays.com\/de\/wp-json\/wp\/v2\/categories?post=577081"},{"taxonomy":"post_tag","embeddable":true,"href":"https:\/\/www.europesays.com\/de\/wp-json\/wp\/v2\/tags?post=577081"}],"curies":[{"name":"wp","href":"https:\/\/api.w.org\/{rel}","templated":true}]}}