{"id":577520,"date":"2025-11-15T13:24:53","date_gmt":"2025-11-15T13:24:53","guid":{"rendered":"https:\/\/www.europesays.com\/de\/577520\/"},"modified":"2025-11-15T13:24:53","modified_gmt":"2025-11-15T13:24:53","slug":"weihnachtsmarkt-magisch-maastricht-oeffnet-bald","status":"publish","type":"post","link":"https:\/\/www.europesays.com\/de\/577520\/","title":{"rendered":"Weihnachtsmarkt &#8222;Magisch Maastricht&#8220; \u00f6ffnet bald"},"content":{"rendered":"<p>Ausflugstipp ab Aachen <\/p>\n<p>&#8222;Magisch Maastricht&#8220; lockt mit Eisbahn und Riesenrad<\/p>\n<p>Aktualisiert am 15.11.2025 &#8211; 06:00 UhrLesedauer: 2 Min.<\/p>\n<p><a href=\"#focus-0\" class=\"transition-colors duration-200 block text-current relative\" data-sctrack=\"FocusGalleryImage.Reference\"><img fetchpriority=\"high\" data-testid=\"Opener.Image\" style=\"--lqipURL:url('https:\/\/images.t-online.de\/2025\/11\/dYspCjN0uXhS\/0x199:4000x2250\/fit-in\/150x0\/filters:blur(25)\/weihnachtsmarkt-auf-dem-vrijthof-archivbild-der-markt-oeffnet-2025-zwei-stunden-laenger-als-zuvor.jpg')\"   loading=\"eager\" src=\"https:\/\/www.europesays.com\/de\/wp-content\/uploads\/2025\/11\/weihnachtsmarkt-auf-dem-vrijthof-archivbild-der-markt-oeffnet-2025-zwei-stunden-laenger-als-zuvor.jp.jpeg\" alt=\"Weihnachtsmarkt auf dem Vrijthof (Archivbild): Der Markt \u00f6ffnet 2025 zwei Stunden l\u00e4nger als zuvor.\" title=\"Weihnachtsmarkt auf dem Vrijthof (Archivbild): Der Markt \u00f6ffnet 2025 zwei Stunden l\u00e4nger als zuvor.\" width=\"4000\" height=\"2250\" class=\"bg-[url:var(--lqipURL)] bg-cover bg-center flex h-full w-full max-w-full\" decoding=\"async\"\/><img style=\"--width:32;--height:32\" loading=\"lazy\" src=\"https:\/\/aachen.t-online.de\/s\/paper\/_next\/static\/media\/zoom-in.f7dae02f.svg\" alt=\"Vergr\u00f6\u00dfern des Bildes\" title=\"Vergr\u00f6\u00dfern des Bildes\" class=\"block h-[calc(var(--height)_\/_16_*_1rem)] w-[calc(var(--width)_\/_16_*_1rem)] max-w-none absolute bottom-8 right-8 rounded-4 bg-snow p-8\" decoding=\"async\"\/><\/a><\/p>\n<p>Weihnachtsmarkt auf dem Vrijthof (Archivbild): Der Markt \u00f6ffnet 2025 zwei Stunden l\u00e4nger als zuvor. (Quelle: imago stock&amp;people)<\/p>\n<p class=\"font-bold text-18 leading-17\">Der Aachener Weihnachtsmarkt ist in der Region bekannt. Weniger bekannt, aber nicht weit von Aachen entfernt, gibt es eine gute Alternative zu entdecken: &#8222;Magisch Maastricht&#8220;.<\/p>\n<p class=\"text-18 leading-17\">Wem der Trubel in Aachen etwas zu viel wird, sollte nach Maastricht in den Niederlanden fahren. Auf dem dortigen Weihnachtsmarkt mit dem vielversprechenden Namen &#8222;Magisch Maastricht&#8220; gibt es viele besondere Attraktionen zu entdecken, die es auf dem Aachener Weihnachtsmarkt nicht gibt.<\/p>\n<p class=\"text-18 leading-17\">Vom 28. November bis zum 29. Dezember ist der Weihnachtsmarkt auf dem Vrijthof in der historischen Innenstadt montags bis donnerstags von 10 bis 24 Uhr ge\u00f6ffnet, am Wochenende sogar bis ein Uhr. Neben den Klassikern Bratwurst, Gl\u00fchwein und Reibekuchen gibt es dort nat\u00fcrlich auch niederl\u00e4ndische Spezialit\u00e4ten wie Poffertjes und Bitterballen zu kosten. Au\u00dferdem kann man den &#8222;Schrobbeler Lik\u00f6r&#8220;, einen s\u00fc\u00dfen Kr\u00e4uterschnaps, probieren.<\/p>\n<p class=\"text-18 leading-17\">Zahlreiche Restaurants und Caf\u00e9s verteilen sich um den Weihnachtsmarkt herum. Ein weiterer Vorteil: In den Niederlanden sind die Gesch\u00e4fte auch an Sonntagen ge\u00f6ffnet, womit sich auch eine Shoppingtour durch das nahegelegene Jekerkwartier einplanen l\u00e4sst. Von den festlich geschm\u00fcckten Stra\u00dfen aus kann man die Servatiusbasilika erblicken, die das weihnachtliche Ambiente unterstreicht.<\/p>\n<p class=\"text-18 leading-17\">Eine Attraktion des Weihnachtsmarkts ist sicherlich das 45 Meter hohe Riesenrad. Bei der Fahrt bekommt man einen eindrucksvollen \u00dcberblick \u00fcber den Markt, den leuchtenden Vrijthof und die Servatiusbasilika.<\/p>\n<p class=\"text-18 leading-17\">F\u00fcr Aachener etwas ganz Besonderes: die Eisbahn auf dem Weihnachtsmarkt. So etwas hat die Kaiserstadt nicht zu bieten. Besonders am Abend ist es sehr romantisch, hier seine Kreise zu ziehen, immer mit Blick auf den glitzernden Weihnachtsbaum, die h\u00fcbsch beleuchtete Servatiusbasilika und bunt dekorierte Buden.<\/p>\n","protected":false},"excerpt":{"rendered":"Ausflugstipp ab Aachen &#8222;Magisch Maastricht&#8220; lockt mit Eisbahn und Riesenrad Aktualisiert am 15.11.2025 &#8211; 06:00 UhrLesedauer: 2 Min.&hellip;\n","protected":false},"author":2,"featured_media":577521,"comment_status":"","ping_status":"","sticky":false,"template":"","format":"standard","meta":{"footnotes":"","_share_on_mastodon":"0"},"categories":[1853],"tags":[125302,2201,83018,1424,52362,5071,3364,29,548,663,3934,30,13,15268,54076,14,15,965,1209,176,4116,7023,12,8497],"class_list":["post-577520","post","type-post","status-publish","format-standard","has-post-thumbnail","category-aachen","tag-eisbahn","tag-2201","tag-83018","tag-aachen","tag-ausflugstipp-aachen","tag-ausflugsziel","tag-de","tag-deutschland","tag-eu","tag-europa","tag-europe","tag-germany","tag-headlines","tag-holland","tag-maastricht","tag-nachrichten","tag-news","tag-niederlande","tag-nordrhein-westfalen","tag-nrw","tag-oeffnungszeit","tag-riesenrad","tag-schlagzeilen","tag-weihnachtsmarkt"],"share_on_mastodon":{"url":"https:\/\/pubeurope.com\/@de\/115553943005696295","error":""},"_links":{"self":[{"href":"https:\/\/www.europesays.com\/de\/wp-json\/wp\/v2\/posts\/577520","targetHints":{"allow":["GET"]}}],"collection":[{"href":"https:\/\/www.europesays.com\/de\/wp-json\/wp\/v2\/posts"}],"about":[{"href":"https:\/\/www.europesays.com\/de\/wp-json\/wp\/v2\/types\/post"}],"author":[{"embeddable":true,"href":"https:\/\/www.europesays.com\/de\/wp-json\/wp\/v2\/users\/2"}],"replies":[{"embeddable":true,"href":"https:\/\/www.europesays.com\/de\/wp-json\/wp\/v2\/comments?post=577520"}],"version-history":[{"count":0,"href":"https:\/\/www.europesays.com\/de\/wp-json\/wp\/v2\/posts\/577520\/revisions"}],"wp:featuredmedia":[{"embeddable":true,"href":"https:\/\/www.europesays.com\/de\/wp-json\/wp\/v2\/media\/577521"}],"wp:attachment":[{"href":"https:\/\/www.europesays.com\/de\/wp-json\/wp\/v2\/media?parent=577520"}],"wp:term":[{"taxonomy":"category","embeddable":true,"href":"https:\/\/www.europesays.com\/de\/wp-json\/wp\/v2\/categories?post=577520"},{"taxonomy":"post_tag","embeddable":true,"href":"https:\/\/www.europesays.com\/de\/wp-json\/wp\/v2\/tags?post=577520"}],"curies":[{"name":"wp","href":"https:\/\/api.w.org\/{rel}","templated":true}]}}