{"id":577701,"date":"2025-11-15T15:11:21","date_gmt":"2025-11-15T15:11:21","guid":{"rendered":"https:\/\/www.europesays.com\/de\/577701\/"},"modified":"2025-11-15T15:11:21","modified_gmt":"2025-11-15T15:11:21","slug":"konzert-des-minguet-quartetts-in-wuppertal-erkrath-jetzt","status":"publish","type":"post","link":"https:\/\/www.europesays.com\/de\/577701\/","title":{"rendered":"Konzert des Minguet Quartetts in Wuppertal | erkrath.jetzt"},"content":{"rendered":"<p> <img loading=\"lazy\" alt=\"\" title=\"\" src=\"https:\/\/www.europesays.com\/de\/wp-content\/uploads\/2025\/11\/Quartett-678x381.png\" decoding=\"async\" class=\"lazyload\" width=\"678\" height=\"381\" data-eio-rwidth=\"678\" data-eio-rheight=\"381\"\/>Minguet Quartett. Foto: Irene ZandelDas 1988 gegr\u00fcndete Minguet Quartett z\u00e4hlt heute zu den international gefragtesten Streichquartetten und gastiert in allen gro\u00dfen Konzerts\u00e4len der Welt.<\/p>\n<p>Ulrich Isfort und Annette Reisinger, Violine, Aida Carmen Soanea, Viola und Matthias Diener, Violoncello waren 2024 zum siebten Mal Gast bei den Salzburger Festspielen, nachdem sie dort bereits 2004 deb\u00fctierten. Highlights des Jahres 2024 waren: Wiener Konzerthaus, Festspielhaus Baden-Baden, Ludwigsburger Schlossfestspiele, Tonhalle D\u00fcsseldorf, Festspiele Europ\u00e4ische Wochen Passau, Schleswig- Holstein Musik Festival, Flagey Br\u00fcssel Klarafestival und Funda\u00e7\u00e3o Calouste Gulbenkian Lissabon. 2010 wurde das Minguet Quartett mit dem ECHO Klassik sowie 2015 mit dem renommierten franz\u00f6sischen Diapason d\u2019Or des Jahres ausgezeichnet. Das Quartett widmet sich der klassisch-romantischen Literatur, da auch weniger bekannten Komponisten, ebenso wie der zeitgen\u00f6ssischen Musik. Es weist eine beeindruckende Diskographie auf.<\/p>\n<p>Am Donnerstag, 27. November 2025, gastiert es im Rahmen der neuen Kammermusikreihe in der Historischen Stadthalle in Wuppertal. Auf dem Programm stehen Quartette von Joseph Haydn, Claude Debussy, Toshio Hosokawa und Maurice Ravel. Das Konzert beginnt um 19.30 Uhr. Karten zu 20\/ 10 gibt es an der Abendkasse und bei wuppertal live.<\/p>\n<p>   23<\/p>\n","protected":false},"excerpt":{"rendered":"Minguet Quartett. Foto: Irene ZandelDas 1988 gegr\u00fcndete Minguet Quartett z\u00e4hlt heute zu den international gefragtesten Streichquartetten und gastiert&hellip;\n","protected":false},"author":2,"featured_media":577702,"comment_status":"","ping_status":"","sticky":false,"template":"","format":"standard","meta":{"footnotes":""},"categories":[1840],"tags":[3364,29,30,810,1209,181,3866,4418],"class_list":{"0":"post-577701","1":"post","2":"type-post","3":"status-publish","4":"format-standard","5":"has-post-thumbnail","7":"category-wuppertal","8":"tag-de","9":"tag-deutschland","10":"tag-germany","11":"tag-musik","12":"tag-nordrhein-westfalen","13":"tag-pressemitteilungen","14":"tag-veranstaltungen","15":"tag-wuppertal"},"share_on_mastodon":{"url":"https:\/\/pubeurope.com\/@de\/115554359545680301","error":""},"_links":{"self":[{"href":"https:\/\/www.europesays.com\/de\/wp-json\/wp\/v2\/posts\/577701","targetHints":{"allow":["GET"]}}],"collection":[{"href":"https:\/\/www.europesays.com\/de\/wp-json\/wp\/v2\/posts"}],"about":[{"href":"https:\/\/www.europesays.com\/de\/wp-json\/wp\/v2\/types\/post"}],"author":[{"embeddable":true,"href":"https:\/\/www.europesays.com\/de\/wp-json\/wp\/v2\/users\/2"}],"replies":[{"embeddable":true,"href":"https:\/\/www.europesays.com\/de\/wp-json\/wp\/v2\/comments?post=577701"}],"version-history":[{"count":0,"href":"https:\/\/www.europesays.com\/de\/wp-json\/wp\/v2\/posts\/577701\/revisions"}],"wp:featuredmedia":[{"embeddable":true,"href":"https:\/\/www.europesays.com\/de\/wp-json\/wp\/v2\/media\/577702"}],"wp:attachment":[{"href":"https:\/\/www.europesays.com\/de\/wp-json\/wp\/v2\/media?parent=577701"}],"wp:term":[{"taxonomy":"category","embeddable":true,"href":"https:\/\/www.europesays.com\/de\/wp-json\/wp\/v2\/categories?post=577701"},{"taxonomy":"post_tag","embeddable":true,"href":"https:\/\/www.europesays.com\/de\/wp-json\/wp\/v2\/tags?post=577701"}],"curies":[{"name":"wp","href":"https:\/\/api.w.org\/{rel}","templated":true}]}}