{"id":577715,"date":"2025-11-15T15:18:14","date_gmt":"2025-11-15T15:18:14","guid":{"rendered":"https:\/\/www.europesays.com\/de\/577715\/"},"modified":"2025-11-15T15:18:14","modified_gmt":"2025-11-15T15:18:14","slug":"naturschuetzer-stoppen-umsiedlung-von-sachsen-nach-frankreich","status":"publish","type":"post","link":"https:\/\/www.europesays.com\/de\/577715\/","title":{"rendered":"Natursch\u00fctzer stoppen Umsiedlung von Sachsen nach Frankreich"},"content":{"rendered":"<p>In Kreba zwischen Niesky und Wei\u00dfwasser haben Biber Sch\u00e4den von mehr als 190.000 Euro verursacht. Sachsen will die unliebsamen Nager deshalb nach Frankreich \u201eabschieben\u201c. Doch die geplante Umsiedlung ist nun ein Fall f\u00fcr das Verwaltungsgericht Dresden.<\/p>\n<p class=\"Textstyled__Text-sc-1cqv9mi-0 dKgfuR\">Dresden\/Kreba. Das Corpus Delicti hei\u00dft Castor fiber. Genaugenommen m\u00fcssen die Richter des Dresdner Verwaltungsgerichtes demn\u00e4chst \u00fcber die osteurop\u00e4ische Unterart des Bibers befinden. Denn die Nager tun in der Oberlausitz das, was sie am besten k\u00f6nnen. Sie f\u00e4llen B\u00e4ume, bauen D\u00e4mme, stauen Wasser und geraten so in Konflikt mit menschlichen Interessen. Die streng gesch\u00fctzten Tiere werden f\u00fcr Sch\u00e4den verantwortlich gemacht, die etwa an Wohngeb\u00e4uden, Gew\u00e4ssern oder Ackerfl\u00e4chen entstehen. <\/p>\n<p>Naturschutzorganisation will geplante Umsiedlung verhindern <\/p>\n<p class=\"Textstyled__Text-sc-1cqv9mi-0 dKgfuR\">Sachsen will nun zwei unliebsame Biberfamilien aus der Oberlausitz nach Frankreich \u201eabschieben\u201c und st\u00f6\u00dft dabei auf Widerstand von Natursch\u00fctzern. Die Gr\u00fcne Liga im Freistaat stoppte die geplante Umsiedlung per Eilantrag. Denn sollten die Biber nicht lebend gefangen werden k\u00f6nnen, erlaubt die Entscheidung der zust\u00e4ndigen Landesdirektion Sachsen (LDS) als letztes Mittel auch eine T\u00f6tung der Tiere. <\/p>\n<p class=\"Textstyled__Text-sc-1cqv9mi-0 dKgfuR\">\u201eWir gehen nach jetzigem Stand jedoch davon aus, dass es dazu nicht kommen wird. Es geht nicht um eine deutliche Reduktion der Population\u201c, schildert die LDS das Anliegen. Die Biberpopulation in der Teichlausitz bleibe auch weiterhin im g\u00fcnstigen Erhaltungszustand. Mit der Genehmigung sei beabsichtigt, den wirtschaftlichen Schaden zu begrenzen und die Teichgruppe als ma\u00dfgeblichen Bestandteil des dortigen Schutzgebietes nachhaltig zu sichern. <\/p>\n","protected":false},"excerpt":{"rendered":"In Kreba zwischen Niesky und Wei\u00dfwasser haben Biber Sch\u00e4den von mehr als 190.000 Euro verursacht. Sachsen will die&hellip;\n","protected":false},"author":2,"featured_media":577716,"comment_status":"","ping_status":"","sticky":false,"template":"","format":"standard","meta":{"footnotes":""},"categories":[3974],"tags":[331,332,548,663,3934,3980,156,13,14,15,12],"class_list":{"0":"post-577715","1":"post","2":"type-post","3":"status-publish","4":"format-standard","5":"has-post-thumbnail","7":"category-frankreich","8":"tag-aktuelle-nachrichten","9":"tag-aktuelle-news","10":"tag-eu","11":"tag-europa","12":"tag-europe","13":"tag-france","14":"tag-frankreich","15":"tag-headlines","16":"tag-nachrichten","17":"tag-news","18":"tag-schlagzeilen"},"share_on_mastodon":{"url":"https:\/\/pubeurope.com\/@de\/115554386200306103","error":""},"_links":{"self":[{"href":"https:\/\/www.europesays.com\/de\/wp-json\/wp\/v2\/posts\/577715","targetHints":{"allow":["GET"]}}],"collection":[{"href":"https:\/\/www.europesays.com\/de\/wp-json\/wp\/v2\/posts"}],"about":[{"href":"https:\/\/www.europesays.com\/de\/wp-json\/wp\/v2\/types\/post"}],"author":[{"embeddable":true,"href":"https:\/\/www.europesays.com\/de\/wp-json\/wp\/v2\/users\/2"}],"replies":[{"embeddable":true,"href":"https:\/\/www.europesays.com\/de\/wp-json\/wp\/v2\/comments?post=577715"}],"version-history":[{"count":0,"href":"https:\/\/www.europesays.com\/de\/wp-json\/wp\/v2\/posts\/577715\/revisions"}],"wp:featuredmedia":[{"embeddable":true,"href":"https:\/\/www.europesays.com\/de\/wp-json\/wp\/v2\/media\/577716"}],"wp:attachment":[{"href":"https:\/\/www.europesays.com\/de\/wp-json\/wp\/v2\/media?parent=577715"}],"wp:term":[{"taxonomy":"category","embeddable":true,"href":"https:\/\/www.europesays.com\/de\/wp-json\/wp\/v2\/categories?post=577715"},{"taxonomy":"post_tag","embeddable":true,"href":"https:\/\/www.europesays.com\/de\/wp-json\/wp\/v2\/tags?post=577715"}],"curies":[{"name":"wp","href":"https:\/\/api.w.org\/{rel}","templated":true}]}}