{"id":577718,"date":"2025-11-15T15:21:00","date_gmt":"2025-11-15T15:21:00","guid":{"rendered":"https:\/\/www.europesays.com\/de\/577718\/"},"modified":"2025-11-15T15:21:00","modified_gmt":"2025-11-15T15:21:00","slug":"dfb-team-nick-woltemade-ist-angekommen-aber-viele-baustellen-bleiben","status":"publish","type":"post","link":"https:\/\/www.europesays.com\/de\/577718\/","title":{"rendered":"DFB-Team: Nick Woltemade ist angekommen, aber viele Baustellen bleiben"},"content":{"rendered":"<p class=\"css-1q8kfuz\">F\u00fcr das DFB-Team war der 2:0-Sieg gegen Luxemburg ein gro\u00dfer Schritt in Richtung WM. Die Erkenntnisse fallen jedoch positiv und negativ aus.<\/p>\n<p class=\"css-1cmglxz\">Von <a data-li-document-ref=\"314270\" href=\"https:\/\/www.ran.de\/sports\/mehr\/news\/justin-kraft-autor-314270\" target=\"_blank\" rel=\"noopener\">Justin Kraft<\/a><\/p>\n<p class=\"css-1cmglxz\">Ein Sieg oder ein Unentschieden gegen die Slowakei am Montagabend <a href=\"https:\/\/www.joyn.de\/play\/live-tv?channel_id=123&amp;utm_source=www.ran.de&amp;utm_campaign=joynlinkout&amp;utm_content=textlink_live_format&amp;utm_term=channel_live_tv&amp;utm_medium=referral\" target=\"_blank\" rel=\"noopener\">(17. November, ab 20:45 Uhr im Joyn-Livestream)<\/a>, und Deutschland ist qualifiziert. Das ist die wichtigste Erkenntnis, die das <a href=\"https:\/\/www.ran.de\/sports\/fussball\/dfb-nationalmannschaft-elf\" target=\"_blank\" rel=\"noopener\">DFB-Team<\/a>\u00a0aus Luxemburg mitnimmt.<\/p>\n<p class=\"css-1cmglxz\">Dort gelang den Deutschen nach schwacher erster Halbzeit noch ein 2:0-Sieg. Wieder nicht \u00fcberzeugt, wieder drei Punkte gegen den Au\u00dfenseiter eingesammelt und so auf einem guten Weg zur Weltmeisterschaft.<\/p>\n<p class=\"css-1cmglxz\">Auch wenn daf\u00fcr noch ein Spiel erfolgreich bestritten werden muss. Spieler und Trainer waren anschlie\u00dfend darum bem\u00fcht, das Ergebnis in den Mittelpunkt zu r\u00fccken. &#8222;Fu\u00dfball ist ein Ergebnissport und das haben wir heute geholt&#8220;, sagte beispielsweise Julian Nagelsmann bei &#8222;RTL&#8220;.<\/p>\n<p class=\"css-1cmglxz\">Gleichzeitig machte er klar, wie unzufrieden er mit der ersten Halbzeit war. Ein Grund daf\u00fcr d\u00fcrfte sein, dass die Probleme wiederkehrend sind.<\/p>\n<p class=\"css-1cmglxz\"><strong>ran<\/strong> hat die wichtigsten Erkenntnisse nach dem 2:0 in Luxemburg.<\/p>\n<p>Das DFB-Team und die &#8222;hei\u00dfe Kartoffel&#8220;<\/p>\n<p class=\"css-1cmglxz\">Vielleicht das gr\u00f6\u00dfte Problem: Im Aufbauspiel fehlt die Bewegung. Die &#8222;hei\u00dfe Kartoffel&#8220; werde &#8222;nur zum Nebenmann geschoben&#8220;, erkl\u00e4rte &#8222;RTL&#8220;-Experte Edin Terzic nach der Partie. Man habe den Gegner so zum Pressing eingeladen.<\/p>\n<p class=\"css-1cmglxz\">Nagelsmann monierte, dass man vor allem in den ersten 45 Minuten zu oft &#8222;r\u00fcckw\u00e4rts gespielt&#8220; habe. Erg\u00e4nzen k\u00f6nnte man h\u00f6chstens noch, dass Deutschland auch viel quer spielte.<\/p>\n<p class=\"css-1cmglxz\">Im Mittelfeld gab es jedoch kaum Ans\u00e4tze, um R\u00e4ume freizuziehen. In der letzten Linie fehlten gegenl\u00e4ufige Bewegungen und Aleksandar Pavlovic bekam von Leon Goretzka so gut wie keine Unterst\u00fctzung.<\/p>\n<p>Dieser Inhalt stammt von externen Anbietern wie Facebook, Instagram oder Youtube. Aktiviere bitte Personalisierte Anzeigen und Inhalte sowie Anbieter au\u00dferhalb des CMP Standards, um diese Inhalte anzuzeigen.Privatsph\u00e4re-EinstellungenDas Wichtigste in K\u00fcrzeLeon Goretzka k\u00f6nnte ein unangenehmes Deja-vu erleben<\/p>\n<p class=\"css-1cmglxz\">Die Leistung von Goretzka befeuerte die Kritik, die viele zuvor an der Nominierung des Bundestrainers \u00e4u\u00dferten \u2013 beziehungsweise viel mehr daran, dass weder Angelo Stiller noch Tom Bischof dabei waren. Gerade im Zentrum experimentierte Nagelsmann zuletzt viel.<\/p>\n<p class=\"css-1cmglxz\">Zun\u00e4chst kehrte Joshua Kimmich zur\u00fcck ins Mittelfeld, dann entstand der Eindruck, dass Pavlovic und Stiller die Doppelsechs bilden k\u00f6nnten. Nun ist Goretzka wieder der Mann neben Pavlovic. Viel Suche, bisher wenig Ertrag.<\/p>\n<p class=\"css-1cmglxz\">Als Felix Nmecha f\u00fcr den gelb-rot-gef\u00e4hrdeten Goretzka kam, wurde der Ballvortrag ein bisschen besser. F\u00fcr den Bayern-Star k\u00f6nnte es im Sommer 2026 ein Deja-vu geben. Schon 2024 wurde er \u00fcberraschend nicht nominiert. Bisher liefert er wenige Gr\u00fcnde daf\u00fcr, warum das bei der WM anders sein sollte.<\/p>\n<p>VIDEO: &#8222;Das haben wir nicht gut gemacht&#8220;Wer l\u00f6st Deutschlands Abwehrprobleme?<\/p>\n<p class=\"css-1cmglxz\">Was bis zur Weltmeisterschaft definitiv anders werden muss, ist die Abwehrleistung. Dass Nagelsmann auf den Au\u00dfenverteidigerpositionen nur begrenzte Auswahl hat, ist die eine Seite der Medaille.<\/p>\n<p class=\"css-1cmglxz\">Die andere ist, dass auch gestandene Innenverteidiger wie Jonathan Tah zuletzt unsicher wirkten. Gegen Luxemburg trug er erstmals die Kapit\u00e4nsbinde beim DFB. Der Rolle als Abwehrchef wurde er diesmal aber nicht gerecht.<\/p>\n<p class=\"css-1cmglxz\">Auch Waldemar Anton war alles andere als sattelfest \u2013 und letztlich gilt das f\u00fcr nahezu alle Spieler, die in den vergangenen Monaten in der Abwehr aufliefen. Die Defensive ist eine der gr\u00f6\u00dften Baustellen vor der WM.<\/p>\n<p>Ein F\u00fchrungsspieler fehlte<\/p>\n<p class=\"css-1cmglxz\">In Verbindung zu all diesen Sorgen steht auch die ewige Debatte dar\u00fcber, ob das Team F\u00fchrungsspieler hat oder nicht. Das Fehlen von Joshua Kimmich war in jedem Fall auff\u00e4llig. Der Bayern-Star ist jemand, der eine Mannschaft mitrei\u00dfen und emotionalisieren kann. David Raum erz\u00e4hlte nach dem Spiel, dass Kimmich eine Ansprache in der Kabine gehalten habe.<\/p>\n<p class=\"css-1cmglxz\">Aber auch mit ihm gab es schon \u00e4hnliche Auftritte. Es hat den Anschein, als ob der Nationalmannschaft eine Achse aus drei oder vier Spielern abgeht, die f\u00fcr Stabilit\u00e4t sorgt. Stattdessen schwanken die Leistungen zu stark \u2013 wom\u00f6glich auch deshalb, weil Nagelsmann immer wieder rotiert, teilweise rotieren muss<\/p>\n<p>Zwei gro\u00dfe Lichtblicke<\/p>\n<p class=\"css-1cmglxz\">Doch wer 2:0 gewinnt, kann nicht alles falsch gemacht haben. Nat\u00fcrlich gab es sowohl taktisch als auch personell den einen oder anderen Lichtblick. Gut war beispielsweise die Reaktion in der zweiten Halbzeit, noch st\u00e4rker auf Verlagerungen zu setzen.<\/p>\n<p class=\"css-1cmglxz\">Dadurch kam Leroy Sane noch h\u00e4ufiger in gef\u00e4hrliche Aktionen. Der Linksfu\u00df war schon in den ersten 45 Minuten einer der wenigen Deutschen, \u00fcber die ein bisschen Gefahr ausgestrahlt wurde. Als er von seinen Mitspielern h\u00e4ufiger und besser eingebunden wurde, zahlte er das Vertrauen von Nagelsmann endg\u00fcltig zur\u00fcck.<\/p>\n<p>WM 2026: Diese Teams sind bereits qualifiziert &#8211; Kroatien l\u00f6st Ticket<img alt=\"&lt;em&gt;&lt;strong&gt;Diese Teams sind bereits f\u00fcr die WM 2026 qualifiziert&lt;\/strong&gt;&lt;br&gt;Die WM 2026 r\u00fcckt immer n\u00e4her. Auch das Kontingent der feststehenden Teilnehmer wird gr\u00f6\u00dfer und gr\u00f6\u00dfer. Wer k\u00f6nnte Argentinien vom Thron sto\u00dfen? &lt;strong&gt;ran&lt;\/strong&gt; zeigt die Nationen, die sich schon qualifiziert haben.\u00a0&lt;\/em&gt;\" loading=\"lazy\" decoding=\"async\" data-nimg=\"fill\" style=\"position:absolute;height:100%;width:100%;left:0;top:0;right:0;bottom:0;object-fit:contain;color:transparent\" src=\"https:\/\/www.europesays.com\/de\/wp-content\/uploads\/2025\/11\/1763220018_430_profile:original\"\/>\u00a9 Xinhua<\/p>\n<p class=\"css-1cmglxz\"><strong>Diese Teams sind bereits f\u00fcr die WM 2026 qualifiziert<\/strong><br \/>Die WM 2026 r\u00fcckt immer n\u00e4her. Auch das Kontingent der feststehenden Teilnehmer wird gr\u00f6\u00dfer und gr\u00f6\u00dfer. Wer k\u00f6nnte Argentinien vom Thron sto\u00dfen? <strong>ran<\/strong> zeigt die Nationen, die sich schon qualifiziert haben.\u00a0<\/p>\n<p><img alt=\"&lt;strong&gt;USA&lt;\/strong&gt;&lt;br&gt;Die USA sind als Ausrichter der Weltmeisterschaft 2026 gesetzt. In den USA wird w\u00e4hrend der WM ein Gro\u00dfteil der Spiele stattfinden. K\u00f6nnen die US-Boys f\u00fcr eine \u00dcberraschung sorgen?\" loading=\"lazy\" decoding=\"async\" data-nimg=\"fill\" style=\"position:absolute;height:100%;width:100%;left:0;top:0;right:0;bottom:0;object-fit:contain;color:transparent\" src=\"https:\/\/www.europesays.com\/de\/wp-content\/uploads\/2025\/11\/1763220021_834_profile:original\"\/>\u00a9 ZUMA Press Wire<\/p>\n<p class=\"css-1cmglxz\"><strong>USA<\/strong><br \/>Die USA sind als Ausrichter der Weltmeisterschaft 2026 gesetzt. In den USA wird w\u00e4hrend der WM ein Gro\u00dfteil der Spiele stattfinden. K\u00f6nnen die US-Boys f\u00fcr eine \u00dcberraschung sorgen?<\/p>\n<p><img alt=\"&lt;strong&gt;Kanada&lt;\/strong&gt;&lt;br&gt;Auch Kanada ist als Ausrichter sicher dabei. Die Mannschaft wird von Bayern-Star Alphonso Davies und Top-St\u00fcrmer Jonathan David angef\u00fchrt.\" loading=\"lazy\" decoding=\"async\" data-nimg=\"fill\" style=\"position:absolute;height:100%;width:100%;left:0;top:0;right:0;bottom:0;object-fit:contain;color:transparent\" src=\"https:\/\/www.europesays.com\/de\/wp-content\/uploads\/2025\/11\/1763220025_697_profile:original\"\/>\u00a9 SOPA Images<\/p>\n<p class=\"css-1cmglxz\"><strong>Kanada<\/strong><br \/>Auch Kanada ist als Ausrichter sicher dabei. Die Mannschaft wird von Bayern-Star Alphonso Davies und Top-St\u00fcrmer Jonathan David angef\u00fchrt.<\/p>\n<p><img alt=\"&lt;strong&gt;Mexiko&lt;\/strong&gt; &lt;br&gt;Auch Mexiko ist als Austragungsland bei der WM 2026 mit am Start. Die Mexikaner sind immer mal wieder f\u00fcr ein Ausrufezeichen gut, besiegten beispielsweise 2018 die DFB-Elf zum Auftakt mit 1:0.\" loading=\"lazy\" decoding=\"async\" data-nimg=\"fill\" style=\"position:absolute;height:100%;width:100%;left:0;top:0;right:0;bottom:0;object-fit:contain;color:transparent\" src=\"https:\/\/www.europesays.com\/de\/wp-content\/uploads\/2025\/11\/1763220026_284_profile:original\"\/>\u00a9 Agencia-MexSport<\/p>\n<p class=\"css-1cmglxz\"><strong>Mexiko<\/strong> <br \/>Auch Mexiko ist als Austragungsland bei der WM 2026 mit am Start. Die Mexikaner sind immer mal wieder f\u00fcr ein Ausrufezeichen gut, besiegten beispielsweise 2018 die DFB-Elf zum Auftakt mit 1:0.<\/p>\n<p><img alt=\"&lt;strong&gt;Japan&lt;\/strong&gt; &lt;br&gt;\u00dcber die Qualifikation war Japan das erste Team, das sein Ticket f\u00fcr die WM l\u00f6ste. Auch Japan kann auf einen \u00fcberraschenden WM-Sieg gegen Deutschland zur\u00fcckblicken. 2022 in Katar gelang dem Team ein 2:1-Erfolg \u00fcber das DFB-Team.\" loading=\"lazy\" decoding=\"async\" data-nimg=\"fill\" style=\"position:absolute;height:100%;width:100%;left:0;top:0;right:0;bottom:0;object-fit:contain;color:transparent\" src=\"https:\/\/www.europesays.com\/de\/wp-content\/uploads\/2025\/11\/1763220027_274_profile:original\"\/>\u00a9 AFLOSPORT<\/p>\n<p class=\"css-1cmglxz\"><strong>Japan<\/strong> <br \/>\u00dcber die Qualifikation war Japan das erste Team, das sein Ticket f\u00fcr die WM l\u00f6ste. Auch Japan kann auf einen \u00fcberraschenden WM-Sieg gegen Deutschland zur\u00fcckblicken. 2022 in Katar gelang dem Team ein 2:1-Erfolg \u00fcber das DFB-Team.<\/p>\n<p><img alt=\"&lt;strong&gt;Neuseeland&lt;\/strong&gt;&lt;br&gt;Neuseeland hatte dann wohl doch kein Interesse an einem Fu\u00dfball-M\u00e4rchen. Im\u00a0entscheidenden Spiel um das WM-Ticket setzten sich die &quot;All Whites&quot; mit 3:0 gegen Neukaledonien durch. F\u00fcr Neuseeland ist es erst die dritte WM-Teilnahme der Geschichte. Zuletzt scheiterte man 2010 in S\u00fcdafrika nach drei Unentschieden in der Gruppenphase, konnte allerdings den damals amtierenden Weltmeister Italien hinter sich lassen.\" loading=\"lazy\" decoding=\"async\" data-nimg=\"fill\" style=\"position:absolute;height:100%;width:100%;left:0;top:0;right:0;bottom:0;object-fit:contain;color:transparent\" src=\"https:\/\/www.europesays.com\/de\/wp-content\/uploads\/2025\/11\/1763220029_254_profile:original\"\/>\u00a9 Sports Press Photo<\/p>\n<p class=\"css-1cmglxz\"><strong>Neuseeland<\/strong><br \/>Neuseeland hatte dann wohl doch kein Interesse an einem Fu\u00dfball-M\u00e4rchen. Im\u00a0entscheidenden Spiel um das WM-Ticket setzten sich die &#8222;All Whites&#8220; mit 3:0 gegen Neukaledonien durch. F\u00fcr Neuseeland ist es erst die dritte WM-Teilnahme der Geschichte. Zuletzt scheiterte man 2010 in S\u00fcdafrika nach drei Unentschieden in der Gruppenphase, konnte allerdings den damals amtierenden Weltmeister Italien hinter sich lassen.<\/p>\n<p><img alt=\"&lt;strong&gt;Iran&lt;\/strong&gt;&lt;br&gt;Zum vierten Mal in Folge wird der Iran 2026 bei einer WM am Start sein. &quot;Team Melli&quot; gen\u00fcgte in der asiatischen Qualifikation ein 2:2 gegen Usbekistan, um vorzeitig das Ticket zu l\u00f6sen. Insgesamt wird es die siebte WM-Teilnahme f\u00fcr den Iran sein.\" loading=\"lazy\" decoding=\"async\" data-nimg=\"fill\" style=\"position:absolute;height:100%;width:100%;left:0;top:0;right:0;bottom:0;object-fit:contain;color:transparent\" src=\"https:\/\/www.europesays.com\/de\/wp-content\/uploads\/2025\/11\/1763220030_19_profile:original\"\/>\u00a9 Sebastian Frej<\/p>\n<p class=\"css-1cmglxz\"><strong>Iran<\/strong><br \/>Zum vierten Mal in Folge wird der Iran 2026 bei einer WM am Start sein. &#8222;Team Melli&#8220; gen\u00fcgte in der asiatischen Qualifikation ein 2:2 gegen Usbekistan, um vorzeitig das Ticket zu l\u00f6sen. Insgesamt wird es die siebte WM-Teilnahme f\u00fcr den Iran sein.<\/p>\n<p><img alt=\"&lt;strong&gt;Argentinien&lt;\/strong&gt;&lt;br&gt;Als viertes Team machte der Titelverteidiger sportlich seine Teilnahme perfekt - und das ohne eigenes Zutun. Argentinien l\u00f6ste das Ticket bereits vor dem ewigen Klassiker gegen Brasilien, weil Bolivien wenige Stunden zuvor gegen Uruguay nicht gewann.\" loading=\"lazy\" decoding=\"async\" data-nimg=\"fill\" style=\"position:absolute;height:100%;width:100%;left:0;top:0;right:0;bottom:0;object-fit:contain;color:transparent\" src=\"https:\/\/www.europesays.com\/de\/wp-content\/uploads\/2025\/11\/1763220031_651_profile:original\"\/>\u00a9 2022 Getty Images<\/p>\n<p class=\"css-1cmglxz\"><strong>Argentinien<\/strong><br \/>Als viertes Team machte der Titelverteidiger sportlich seine Teilnahme perfekt &#8211; und das ohne eigenes Zutun. Argentinien l\u00f6ste das Ticket bereits vor dem ewigen Klassiker gegen Brasilien, weil Bolivien wenige Stunden zuvor gegen Uruguay nicht gewann.<\/p>\n<p><img alt=\"&lt;strong&gt;Usbekistan&lt;\/strong&gt;&lt;br&gt;Premiere f\u00fcr Usbekistan: Das zentralasiatische Land darf erstmals bei einer WM-Endrunde mitspielen. Ein torloses Remis bei den Vereinigten Arabischen Emiraten gen\u00fcgte zur vorzeitigen Qualifikation.\" loading=\"lazy\" decoding=\"async\" data-nimg=\"fill\" style=\"position:absolute;height:100%;width:100%;left:0;top:0;right:0;bottom:0;object-fit:contain;color:transparent\" src=\"https:\/\/www.europesays.com\/de\/wp-content\/uploads\/2025\/11\/profile:original.jpeg\"\/>\u00a9 AFP\/SID\/FADEL SENNA<\/p>\n<p class=\"css-1cmglxz\"><strong>Usbekistan<\/strong><br \/>Premiere f\u00fcr Usbekistan: Das zentralasiatische Land darf erstmals bei einer WM-Endrunde mitspielen. Ein torloses Remis bei den Vereinigten Arabischen Emiraten gen\u00fcgte zur vorzeitigen Qualifikation.<\/p>\n<p><img alt=\"&lt;strong&gt;Jordanien&lt;\/strong&gt;&lt;br&gt;Auch Jordanien wird 2026 erstmals bei einer WM dabei sein, ein klarer 3:0-Sieg im Oman sorgte f\u00fcr die Vorentscheidung, die sp\u00e4ter durch ein anderes Land offiziell wurde ...\" loading=\"lazy\" decoding=\"async\" data-nimg=\"fill\" style=\"position:absolute;height:100%;width:100%;left:0;top:0;right:0;bottom:0;object-fit:contain;color:transparent\" src=\"https:\/\/www.europesays.com\/de\/wp-content\/uploads\/2025\/11\/1763220033_439_profile:original\"\/>\u00a9 SOPA Images<\/p>\n<p class=\"css-1cmglxz\"><strong>Jordanien<\/strong><br \/>Auch Jordanien wird 2026 erstmals bei einer WM dabei sein, ein klarer 3:0-Sieg im Oman sorgte f\u00fcr die Vorentscheidung, die sp\u00e4ter durch ein anderes Land offiziell wurde &#8230;<\/p>\n<p><img alt=\"&lt;strong&gt;S\u00fcdkorea&lt;\/strong&gt;&lt;br&gt;... und das war S\u00fcdkorea. Der WM-Stammgast l\u00f6ste sein Ticket durch einen Sieg im Irak und verhalf Jordanien zeitgleich ebenfalls zur Teilnahme.\" loading=\"lazy\" decoding=\"async\" data-nimg=\"fill\" style=\"position:absolute;height:100%;width:100%;left:0;top:0;right:0;bottom:0;object-fit:contain;color:transparent\" src=\"https:\/\/www.europesays.com\/de\/wp-content\/uploads\/2025\/11\/1763220035_856_profile:original\"\/>\u00a9 2025 Getty Images<\/p>\n<p class=\"css-1cmglxz\"><strong>S\u00fcdkorea<\/strong><br \/>&#8230; und das war S\u00fcdkorea. Der WM-Stammgast l\u00f6ste sein Ticket durch einen Sieg im Irak und verhalf Jordanien zeitgleich ebenfalls zur Teilnahme.<\/p>\n<p><img alt=\"&lt;strong&gt;Australien&lt;\/strong&gt;&lt;br&gt;Die Socceroos l\u00f6sten als sechste Mannschaft der Asien-Qualifikation das Ticket f\u00fcr die WM 2026 durch einen 2:1-Sieg beim direkten Konkurrenten Saudi-Arabien.\" loading=\"lazy\" decoding=\"async\" data-nimg=\"fill\" style=\"position:absolute;height:100%;width:100%;left:0;top:0;right:0;bottom:0;object-fit:contain;color:transparent\" src=\"https:\/\/www.europesays.com\/de\/wp-content\/uploads\/2025\/11\/1763220036_278_profile:original\"\/>\u00a9 2025 Getty Images<\/p>\n<p class=\"css-1cmglxz\"><strong>Australien<\/strong><br \/>Die Socceroos l\u00f6sten als sechste Mannschaft der Asien-Qualifikation das Ticket f\u00fcr die WM 2026 durch einen 2:1-Sieg beim direkten Konkurrenten Saudi-Arabien.<\/p>\n<p><img alt=\"&lt;strong&gt;Brasilien&lt;\/strong&gt;&lt;br&gt;Auch aus S\u00fcdamerika f\u00fcllt sich das Kontingent der WM-Teilnehmer. Am drittletzten Spieltag der Eliminatorias Sudamericanas erreichte Rekord-Weltmeister Brasilien mit einem 1:0-Sieg gegen Paraguay die Endrunde im kommenden Jahr.\" loading=\"lazy\" decoding=\"async\" data-nimg=\"fill\" style=\"position:absolute;height:100%;width:100%;left:0;top:0;right:0;bottom:0;object-fit:contain;color:transparent\" src=\"https:\/\/www.europesays.com\/de\/wp-content\/uploads\/2025\/11\/1763220037_838_profile:original\"\/>\u00a9 2025 Getty Images<\/p>\n<p class=\"css-1cmglxz\"><strong>Brasilien<\/strong><br \/>Auch aus S\u00fcdamerika f\u00fcllt sich das Kontingent der WM-Teilnehmer. Am drittletzten Spieltag der Eliminatorias Sudamericanas erreichte Rekord-Weltmeister Brasilien mit einem 1:0-Sieg gegen Paraguay die Endrunde im kommenden Jahr.<\/p>\n<p><img alt=\"&lt;strong&gt;Ecuador&lt;\/strong&gt;&lt;br&gt;Am selben Spieltag durften auch die Ecuadorianer jubeln. Ihnen reichte schon ein schn\u00f6des 0:0 gegen Peru zu WM-Teilnahme.\" loading=\"lazy\" decoding=\"async\" data-nimg=\"fill\" style=\"position:absolute;height:100%;width:100%;left:0;top:0;right:0;bottom:0;object-fit:contain;color:transparent\" src=\"https:\/\/www.europesays.com\/de\/wp-content\/uploads\/2025\/11\/1763220038_716_profile:original\"\/>\u00a9 2025 Getty Images<\/p>\n<p class=\"css-1cmglxz\"><strong>Ecuador<\/strong><br \/>Am selben Spieltag durften auch die Ecuadorianer jubeln. Ihnen reichte schon ein schn\u00f6des 0:0 gegen Peru zu WM-Teilnahme.<\/p>\n<p><img alt=\"&lt;strong&gt;Uruguay&lt;\/strong&gt;&lt;br&gt;Auch am vorletzten Spieltag mussten die Peruaner mit ansehen, wie sich eine Nationalmannschaft \u00fcber die WM-Qualifikation freut. Diesmal ist es Uruguay nach einem 3:0-Sieg \u00fcber den Tabellenvorletzten.\" loading=\"lazy\" decoding=\"async\" data-nimg=\"fill\" style=\"position:absolute;height:100%;width:100%;left:0;top:0;right:0;bottom:0;object-fit:contain;color:transparent\" src=\"https:\/\/www.europesays.com\/de\/wp-content\/uploads\/2025\/11\/1763220040_618_profile:original\"\/>\u00a9 2025 Getty Images<\/p>\n<p class=\"css-1cmglxz\"><strong>Uruguay<\/strong><br \/>Auch am vorletzten Spieltag mussten die Peruaner mit ansehen, wie sich eine Nationalmannschaft \u00fcber die WM-Qualifikation freut. Diesmal ist es Uruguay nach einem 3:0-Sieg \u00fcber den Tabellenvorletzten.<\/p>\n<p><img alt=\"&lt;strong&gt;Paraguay&lt;\/strong&gt;&lt;br&gt;Paraguay machte ebenfalls am vorletzten Spieltag alles klar - mit einem 0:0 gegen Ecuador.\" loading=\"lazy\" decoding=\"async\" data-nimg=\"fill\" style=\"position:absolute;height:100%;width:100%;left:0;top:0;right:0;bottom:0;object-fit:contain;color:transparent\" src=\"https:\/\/www.europesays.com\/de\/wp-content\/uploads\/2025\/11\/1763220042_262_profile:original\"\/>\u00a9 2025 Getty Images<\/p>\n<p class=\"css-1cmglxz\"><strong>Paraguay<\/strong><br \/>Paraguay machte ebenfalls am vorletzten Spieltag alles klar &#8211; mit einem 0:0 gegen Ecuador.<\/p>\n<p><img alt=\"&lt;strong&gt;Kolumbien&lt;\/strong&gt;&lt;br&gt;Als vorerst letzte Mannschaft aus S\u00fcdamerika qualifizierte sich auch Kolumbien f\u00fcr die WM. Der ehemalige Bayern-Star James Rodriguez erzielte beim 3:0 \u00fcber Bolivien das F\u00fchrungstor.\" loading=\"lazy\" decoding=\"async\" data-nimg=\"fill\" style=\"position:absolute;height:100%;width:100%;left:0;top:0;right:0;bottom:0;object-fit:contain;color:transparent\" src=\"https:\/\/www.europesays.com\/de\/wp-content\/uploads\/2025\/11\/1763220043_826_profile:original\"\/>\u00a9 2025 Getty Images<\/p>\n<p class=\"css-1cmglxz\"><strong>Kolumbien<\/strong><br \/>Als vorerst letzte Mannschaft aus S\u00fcdamerika qualifizierte sich auch Kolumbien f\u00fcr die WM. Der ehemalige Bayern-Star James Rodriguez erzielte beim 3:0 \u00fcber Bolivien das F\u00fchrungstor.<\/p>\n<p><img alt=\"&lt;strong&gt;Marokko&lt;\/strong&gt;&lt;br&gt;Marokko hat sich als erstes afrikanisches Land f\u00fcr die WM 2026 in den USA, Mexiko und Kanada qualifiziert. Das Team um Kapit\u00e4n Achraf Hakimi (li.) bezwang den Niger am Freitag in Rabat 5:0 (2:0) und sicherte sich vorzeitig den Sieg in Gruppe E. F\u00fcr Marokko ist es die dritte WM-Teilnahme in Folge, 2022 in Katar hatte das Team \u00fcberraschend das Halbfinale erreicht.\" loading=\"lazy\" decoding=\"async\" data-nimg=\"fill\" style=\"position:absolute;height:100%;width:100%;left:0;top:0;right:0;bottom:0;object-fit:contain;color:transparent\" src=\"https:\/\/www.europesays.com\/de\/wp-content\/uploads\/2025\/11\/1763220044_530_profile:original.jpeg\"\/>\u00a9 IMAGO\/PanoramiC<\/p>\n<p class=\"css-1cmglxz\"><strong>Marokko<\/strong><br \/>Marokko hat sich als erstes afrikanisches Land f\u00fcr die WM 2026 in den USA, Mexiko und Kanada qualifiziert. Das Team um Kapit\u00e4n Achraf Hakimi (li.) bezwang den Niger am Freitag in Rabat 5:0 (2:0) und sicherte sich vorzeitig den Sieg in Gruppe E. F\u00fcr Marokko ist es die dritte WM-Teilnahme in Folge, 2022 in Katar hatte das Team \u00fcberraschend das Halbfinale erreicht.<\/p>\n<p><img alt=\"&lt;strong&gt;Tunesien&lt;\/strong&gt;&lt;br&gt;Tunesien hat sich als zweites afrikanisches Land nach Marokko f\u00fcr die WM-Endrunde qualifiziert. Die Nordafrikaner sind zum dritten Mal in Serie dabei und werden 2026 ihre insgesamt siebte WM bestreiten. Mit einem 1:0-Sieg gegen \u00c4quatorialguinea konnte Tunesien das Ticket schon zwei Spieltage vor Abschluss der Quali-Phase sichern.\" loading=\"lazy\" decoding=\"async\" data-nimg=\"fill\" style=\"position:absolute;height:100%;width:100%;left:0;top:0;right:0;bottom:0;object-fit:contain;color:transparent\" src=\"https:\/\/www.europesays.com\/de\/wp-content\/uploads\/2025\/11\/1763220044_814_profile:original.jpeg\"\/>\u00a9 Imago\/NurPhoto\/SID\/Ahmed Mosaad<\/p>\n<p class=\"css-1cmglxz\"><strong>Tunesien<\/strong><br \/>Tunesien hat sich als zweites afrikanisches Land nach Marokko f\u00fcr die WM-Endrunde qualifiziert. Die Nordafrikaner sind zum dritten Mal in Serie dabei und werden 2026 ihre insgesamt siebte WM bestreiten. Mit einem 1:0-Sieg gegen \u00c4quatorialguinea konnte Tunesien das Ticket schon zwei Spieltage vor Abschluss der Quali-Phase sichern.<\/p>\n<p><img alt=\"&lt;strong&gt;\u00c4gypten&lt;\/strong&gt;&lt;br&gt;Mohamed Salah (r.) und \u00c4gypten fahren zur WM! Als drittes afrikanisches Team haben die \u00c4gypter ihre Qualifikation am vorletzten Spieltag der Qualifikation mit einem 3:0-Sieg gegen Dschibuti klargemacht. Salah gelang dabei ein Doppelpack. F\u00fcr \u00c4gypten ist die WM 2026 bereits die vierte Teilnahme an einer Weltmeisterschaft. Zuletzt nahm das Team 2018 teil, auf einen Sieg bei einer WM-Endrunde wartet das fu\u00dfballbegeisterte Land jedoch noch.\" loading=\"lazy\" decoding=\"async\" data-nimg=\"fill\" style=\"position:absolute;height:100%;width:100%;left:0;top:0;right:0;bottom:0;object-fit:contain;color:transparent\" src=\"https:\/\/www.europesays.com\/de\/wp-content\/uploads\/2025\/11\/1763220045_21_profile:original.jpeg\"\/>\u00a9 AFP\/SID\/Abdel Majid BZIOUAT<\/p>\n<p class=\"css-1cmglxz\"><strong>\u00c4gypten<\/strong><br \/>Mohamed Salah (r.) und \u00c4gypten fahren zur WM! Als drittes afrikanisches Team haben die \u00c4gypter ihre Qualifikation am vorletzten Spieltag der Qualifikation mit einem 3:0-Sieg gegen Dschibuti klargemacht. Salah gelang dabei ein Doppelpack. F\u00fcr \u00c4gypten ist die WM 2026 bereits die vierte Teilnahme an einer Weltmeisterschaft. Zuletzt nahm das Team 2018 teil, auf einen Sieg bei einer WM-Endrunde wartet das fu\u00dfballbegeisterte Land jedoch noch.<\/p>\n<p><img alt=\"&lt;strong&gt;Algerien&lt;\/strong&gt;&lt;br&gt;Als vierte nordafrikanische Mannschaft haben sich die Algerier f\u00fcr die WM 2026 qualifiziert. Dank des Wolfsburgers Mohamed Amoura, der gegen Somalia gleich zweimal traf, sicherte sich das Team das Ticket. Insgesamt ist Algerien nun zum f\u00fcnften Mal bei einer Weltmeisterschaft dabei.\" loading=\"lazy\" decoding=\"async\" data-nimg=\"fill\" style=\"position:absolute;height:100%;width:100%;left:0;top:0;right:0;bottom:0;object-fit:contain;color:transparent\" src=\"https:\/\/www.europesays.com\/de\/wp-content\/uploads\/2025\/11\/1763220047_815_profile:original\"\/>\u00a9 IMAGO\/NurPhoto<\/p>\n<p class=\"css-1cmglxz\"><strong>Algerien<\/strong><br \/>Als vierte nordafrikanische Mannschaft haben sich die Algerier f\u00fcr die WM 2026 qualifiziert. Dank des Wolfsburgers Mohamed Amoura, der gegen Somalia gleich zweimal traf, sicherte sich das Team das Ticket. Insgesamt ist Algerien nun zum f\u00fcnften Mal bei einer Weltmeisterschaft dabei.<\/p>\n<p><img alt=\"&lt;strong&gt;Ghana&lt;\/strong&gt;&lt;br&gt;Ex-Bundesliga-Profi Otto Addo hat Ghana als Trainer zur WM 2026 gef\u00fchrt. Am letzten Spieltag der Afrika-Qualifikation gewann das Team des 50 Jahre alten Hamburgers mit 1:0 (0:0) in Accra gegen die Komoren. Mohammed Kudus von Tottenham erzielte den Treffer des Abends (47.). Selbst eine Pleite h\u00e4tte gereicht, weil Madagaskar parallel mit 1:4 (0:2) in Mali verlor. Ghana qualifizierte sich als 21. Nation f\u00fcr die XXL-WM im Sommer 2026.\" loading=\"lazy\" decoding=\"async\" data-nimg=\"fill\" style=\"position:absolute;height:100%;width:100%;left:0;top:0;right:0;bottom:0;object-fit:contain;color:transparent\" src=\"https:\/\/www.europesays.com\/de\/wp-content\/uploads\/2025\/11\/1763220048_124_profile:original.jpeg\"\/>\u00a9 IMAGO\/Shutterstock<\/p>\n<p class=\"css-1cmglxz\"><strong>Ghana<\/strong><br \/>Ex-Bundesliga-Profi Otto Addo hat Ghana als Trainer zur WM 2026 gef\u00fchrt. Am letzten Spieltag der Afrika-Qualifikation gewann das Team des 50 Jahre alten Hamburgers mit 1:0 (0:0) in Accra gegen die Komoren. Mohammed Kudus von Tottenham erzielte den Treffer des Abends (47.). Selbst eine Pleite h\u00e4tte gereicht, weil Madagaskar parallel mit 1:4 (0:2) in Mali verlor. Ghana qualifizierte sich als 21. Nation f\u00fcr die XXL-WM im Sommer 2026.<\/p>\n<p><img alt=\"&lt;strong&gt;Kap Verde&lt;\/strong&gt;&lt;br&gt;Diese WM-Teilnahme ist eine Sensation: Exot Kap Verde hat durch einen 3:0 (0:0)-Sieg gegen Eswatini erstmals das Ticket f\u00fcr eine Fu\u00dfball-Weltmeisterschaft gel\u00f6st und Kamerun auf Rang zwei der Gruppe verdr\u00e4ngt. Mit 490.000 Einwohnern sind die Kapverden der kleinste afrikanische WM-Teilnehmer der Geschichte und weltweit die Nummer zwei nach Island 2018 (330.000).\" loading=\"lazy\" decoding=\"async\" data-nimg=\"fill\" style=\"position:absolute;height:100%;width:100%;left:0;top:0;right:0;bottom:0;object-fit:contain;color:transparent\" src=\"https:\/\/www.europesays.com\/de\/wp-content\/uploads\/2025\/11\/1763220049_724_profile:original\"\/>\u00a9 Imago\/SID\/Mohamed Elshahed<\/p>\n<p class=\"css-1cmglxz\"><strong>Kap Verde<\/strong><br \/>Diese WM-Teilnahme ist eine Sensation: Exot Kap Verde hat durch einen 3:0 (0:0)-Sieg gegen Eswatini erstmals das Ticket f\u00fcr eine Fu\u00dfball-Weltmeisterschaft gel\u00f6st und Kamerun auf Rang zwei der Gruppe verdr\u00e4ngt. Mit 490.000 Einwohnern sind die Kapverden der kleinste afrikanische WM-Teilnehmer der Geschichte und weltweit die Nummer zwei nach Island 2018 (330.000).<\/p>\n<p><img alt=\"&lt;strong&gt;England&lt;\/strong&gt;&lt;br&gt;England hat sich trotz anfangs gro\u00dfer Kritik an Thomas Tuchel eindrucksvoll in Gruppe K der europ\u00e4ischen Qualifikation durchgesetzt. nach sechs Spielen steht man mit vollen 18 Punkten, 18 Toren und null Gegentoren fr\u00fchzeitig als Gruppensieger fest.\" loading=\"lazy\" decoding=\"async\" data-nimg=\"fill\" style=\"position:absolute;height:100%;width:100%;left:0;top:0;right:0;bottom:0;object-fit:contain;color:transparent\" src=\"https:\/\/www.europesays.com\/de\/wp-content\/uploads\/2025\/11\/1763220050_355_profile:original\"\/>\u00a9 AFP\/SID\/Gints Ivuskans<\/p>\n<p class=\"css-1cmglxz\"><strong>England<\/strong><br \/>England hat sich trotz anfangs gro\u00dfer Kritik an Thomas Tuchel eindrucksvoll in Gruppe K der europ\u00e4ischen Qualifikation durchgesetzt. nach sechs Spielen steht man mit vollen 18 Punkten, 18 Toren und null Gegentoren fr\u00fchzeitig als Gruppensieger fest.<\/p>\n<p><img alt=\"&lt;strong&gt;Katar&lt;\/strong&gt;&lt;br&gt;Der Gastgeber aus dem Jahr 2022 hat sich erstmals sportlich f\u00fcr eine WM-Endrunde qualifiziert und tritt damit zum zweiten Mal beim Finalturnier an. Mit einem 2:1-Sieg gegen die Vereinigten Arabischen Emirate sicherte man sich das Ticket in letzter Sekunde.\" loading=\"lazy\" decoding=\"async\" data-nimg=\"fill\" style=\"position:absolute;height:100%;width:100%;left:0;top:0;right:0;bottom:0;object-fit:contain;color:transparent\" src=\"https:\/\/www.europesays.com\/de\/wp-content\/uploads\/2025\/11\/1763220051_208_profile:original\"\/>\u00a9 AFP\/AFP\/Karim JAAFAR<\/p>\n<p class=\"css-1cmglxz\"><strong>Katar<\/strong><br \/>Der Gastgeber aus dem Jahr 2022 hat sich erstmals sportlich f\u00fcr eine WM-Endrunde qualifiziert und tritt damit zum zweiten Mal beim Finalturnier an. Mit einem 2:1-Sieg gegen die Vereinigten Arabischen Emirate sicherte man sich das Ticket in letzter Sekunde.<\/p>\n<p><img alt=\"&lt;strong&gt;Saudi-Arabien&lt;\/strong&gt;&lt;br&gt;Am selben Abend wie Katar sicherte sich auch Nachbarland Saudi-Arabien das Ticket zur WM. Ein 0:0-Unentschieden reichte dem Team aus dem nahem Osten. Damit stehen alle neun Teilnehmer aus Asien bereits fest.\" loading=\"lazy\" decoding=\"async\" data-nimg=\"fill\" style=\"position:absolute;height:100%;width:100%;left:0;top:0;right:0;bottom:0;object-fit:contain;color:transparent\" src=\"https:\/\/www.europesays.com\/de\/wp-content\/uploads\/2025\/11\/1763220053_737_profile:original\"\/>\u00a9 2025 Getty Images<\/p>\n<p class=\"css-1cmglxz\"><strong>Saudi-Arabien<\/strong><br \/>Am selben Abend wie Katar sicherte sich auch Nachbarland Saudi-Arabien das Ticket zur WM. Ein 0:0-Unentschieden reichte dem Team aus dem nahem Osten. Damit stehen alle neun Teilnehmer aus Asien bereits fest.<\/p>\n<p><img alt=\"&lt;strong&gt;S\u00fcdafrika&lt;\/strong&gt;&lt;br&gt;Die Gute-Laune-Truppe aus dem Jahr 2010 ist auch sicher dabei. Letztmals war man im eigenen Land angetreten, sportlich qualifiziert war man letztmals 2002 in S\u00fcdkorea und Japan. Ein Riesen-Erfolg f\u00fcr die S\u00fcdafrikaner.\" loading=\"lazy\" decoding=\"async\" data-nimg=\"fill\" style=\"position:absolute;height:100%;width:100%;left:0;top:0;right:0;bottom:0;object-fit:contain;color:transparent\" src=\"https:\/\/www.europesays.com\/de\/wp-content\/uploads\/2025\/11\/1763220054_428_profile:original\"\/>\u00a9 IMAGO\/Shengolpixs<\/p>\n<p class=\"css-1cmglxz\"><strong>S\u00fcdafrika<\/strong><br \/>Die Gute-Laune-Truppe aus dem Jahr 2010 ist auch sicher dabei. Letztmals war man im eigenen Land angetreten, sportlich qualifiziert war man letztmals 2002 in S\u00fcdkorea und Japan. Ein Riesen-Erfolg f\u00fcr die S\u00fcdafrikaner.<\/p>\n<p><img alt=\"&lt;strong&gt;Senegal&lt;\/strong&gt;&lt;br&gt;Auch Sadio Mane und der Senegal sind dabei. Zum dritten Mal in Folge qualifizieren sich die Mittelafrikaner. Mit einem deutlichen 4:0-Erfolg gegen Mauretanien lie\u00df man auch die letzten Zweifel erblassen. Der Ex-Bayern-Spieler steuerte einen Doppelpack bei.\" loading=\"lazy\" decoding=\"async\" data-nimg=\"fill\" style=\"position:absolute;height:100%;width:100%;left:0;top:0;right:0;bottom:0;object-fit:contain;color:transparent\" src=\"https:\/\/www.europesays.com\/de\/wp-content\/uploads\/2025\/11\/1763220056_341_profile:original\"\/>\u00a9 Anadolu Agency<\/p>\n<p class=\"css-1cmglxz\"><strong>Senegal<\/strong><br \/>Auch Sadio Mane und der Senegal sind dabei. Zum dritten Mal in Folge qualifizieren sich die Mittelafrikaner. Mit einem deutlichen 4:0-Erfolg gegen Mauretanien lie\u00df man auch die letzten Zweifel erblassen. Der Ex-Bayern-Spieler steuerte einen Doppelpack bei.<\/p>\n<p><img alt=\"&lt;strong&gt;Elfenbeink\u00fcste&lt;\/strong&gt;&lt;br&gt;Die Elfenbeink\u00fcste spielte 3:0 gegen Kenia und buchte damit das Ticket zur WM. Mit einem Punkt Vorsprung vor dem Gabun ging es in Gruppe F der Afrika-Qualifikation m\u00e4chtig eng zu.\" loading=\"lazy\" decoding=\"async\" data-nimg=\"fill\" style=\"position:absolute;height:100%;width:100%;left:0;top:0;right:0;bottom:0;object-fit:contain;color:transparent\" src=\"https:\/\/www.europesays.com\/de\/wp-content\/uploads\/2025\/11\/1763220057_829_profile:original\"\/>\u00a9 IMAGO\/Shengolpixs<\/p>\n<p class=\"css-1cmglxz\"><strong>Elfenbeink\u00fcste<\/strong><br \/>Die Elfenbeink\u00fcste spielte 3:0 gegen Kenia und buchte damit das Ticket zur WM. Mit einem Punkt Vorsprung vor dem Gabun ging es in Gruppe F der Afrika-Qualifikation m\u00e4chtig eng zu.<\/p>\n<p><img alt=\"&lt;strong&gt;Frankreich&lt;\/strong&gt;&lt;br&gt;Mit einem 4:0-Heimsieg gegen die Ukraine hat sich Frankreich vorzeitig f\u00fcr die WM-Endrunde 2026 qualifiziert. Die &quot;L'Equipe Tricolore&quot; kann damit einen Spieltag vor Ende der Qualifikation in Gruppe D nicht mehr von Platz 1 verdr\u00e4ngt werden. Diesen letzten Schritt in der WM-Quali gegen die Ukraine ging Frankreich auf den Tag genau zehn Jahre nach den Terroranschl\u00e4gen am 13. November 2015 in Paris, damals am Rande des L\u00e4nderspiels gegen das DFB-Team.\" loading=\"lazy\" decoding=\"async\" data-nimg=\"fill\" style=\"position:absolute;height:100%;width:100%;left:0;top:0;right:0;bottom:0;object-fit:contain;color:transparent\" src=\"https:\/\/www.europesays.com\/de\/wp-content\/uploads\/2025\/11\/1763220060_991_profile:original\"\/>\u00a9 2025 Getty Images<\/p>\n<p class=\"css-1cmglxz\"><strong>Frankreich<\/strong><br \/>Mit einem 4:0-Heimsieg gegen die Ukraine hat sich Frankreich vorzeitig f\u00fcr die WM-Endrunde 2026 qualifiziert. Die &#8222;L&#8217;Equipe Tricolore&#8220; kann damit einen Spieltag vor Ende der Qualifikation in Gruppe D nicht mehr von Platz 1 verdr\u00e4ngt werden. Diesen letzten Schritt in der WM-Quali gegen die Ukraine ging Frankreich auf den Tag genau zehn Jahre nach den Terroranschl\u00e4gen am 13. November 2015 in Paris, damals am Rande des L\u00e4nderspiels gegen das DFB-Team.<\/p>\n<p><img alt=\"&lt;strong&gt;Kroatien&lt;\/strong&gt;&lt;br&gt;Durch einen 3:1-Heimsieg gegen die F\u00e4r\u00f6er hat sich Kroatien einen Spieltag vor dem Ende der WM-Qualifikation f\u00fcr die Endrunde 2026 qualifizieren k\u00f6nnen. Damit sind die Kroaten um Hoffenheim-Star Andrej Kramaric (re.) in Gruppe L mit 19 Punkten nicht mehr von Platz 1 zu verdr\u00e4ngen.\" loading=\"lazy\" decoding=\"async\" data-nimg=\"fill\" style=\"position:absolute;height:100%;width:100%;left:0;top:0;right:0;bottom:0;object-fit:contain;color:transparent\" src=\"https:\/\/www.europesays.com\/de\/wp-content\/uploads\/2025\/11\/1763220060_627_profile:original.jpeg\"\/>\u00a9 IMAGO\/HANZA MEDIA<\/p>\n<p class=\"css-1cmglxz\"><strong>Kroatien<\/strong><br \/>Durch einen 3:1-Heimsieg gegen die F\u00e4r\u00f6er hat sich Kroatien einen Spieltag vor dem Ende der WM-Qualifikation f\u00fcr die Endrunde 2026 qualifizieren k\u00f6nnen. Damit sind die Kroaten um Hoffenheim-Star Andrej Kramaric (re.) in Gruppe L mit 19 Punkten nicht mehr von Platz 1 zu verdr\u00e4ngen.<\/p>\n<p class=\"css-1cmglxz\">Bei beiden Treffern hatte er einen entscheidenden Anteil, immer wieder versuchte er, Tempo reinzubringen und ihm gelang das deutlich h\u00e4ufiger als manchem Teamkollegen. Mit Nick Woltemade hatten die Deutschen zudem einen Angreifer, der aus wenigen M\u00f6glichkeiten das Maximum herausgeholt hat.<\/p>\n<p class=\"css-1cmglxz\">Der ehemalige Stuttgarter scheint beim DFB angekommen zu sein, ist gerade auch bei seinem neuen Klub Newcastle in Topform. Diese Konstante auf der Neunerposition tut der Mannschaft gut. Woltemade ist Kombinations-, aber auch Abschlussspieler. Qualit\u00e4ten, die sehr wertvoll sind.<\/p>\n<p>Noch ist das Ticket nicht gel\u00f6st<\/p>\n<p class=\"css-1cmglxz\">Bei aller Freude \u00fcber den Sieg ist das WM-Ticket aber noch nicht gel\u00f6st. Die Slowakei ist der Gegner, der die abermaligen Zweifel in Deutschland erst anheizen konnte. Am ersten Spieltag gab es ausw\u00e4rts eine verdiente 0:2-Niederlage.<\/p>\n<p class=\"css-1cmglxz\">Nun steht das Heimspiel an. Eine weitere Niederlage w\u00fcrde daf\u00fcr sorgen, dass Deutschland den Umweg \u00fcber die Playoffs gehen muss. Es ist eine gef\u00e4hrliche Situation. Gerade das Hinspiel muss als Warnung verstanden werden.<\/p>\n<p class=\"css-1cmglxz\">Eine Halbzeit wie die erste in Luxemburg darf sich das DFB-Team am Montag nicht erlauben. Die Slowakei wird genau das tun, was den Deutschen zuletzt gar nicht gefiel: Aggressiv die Mittelfeldoptionen pressen und Ballverluste erzwingen.<\/p>\n<p class=\"css-1cmglxz\">Dennoch ist der Weg zur WM durch den Sieg wieder etwas k\u00fcrzer geworden. Wenngleich der Weg zu einer erfolgreichen WM im Moment noch sehr lang erscheint.<\/p>\n","protected":false},"excerpt":{"rendered":"F\u00fcr das DFB-Team war der 2:0-Sieg gegen Luxemburg ein gro\u00dfer Schritt in Richtung WM. Die Erkenntnisse fallen jedoch&hellip;\n","protected":false},"author":2,"featured_media":577719,"comment_status":"","ping_status":"","sticky":false,"template":"","format":"standard","meta":{"footnotes":""},"categories":[3933],"tags":[331,332,29,5974,70698,548,663,158,3934,3935,13,276,17614,14,15,1770,12,7109,11404,58622],"class_list":{"0":"post-577718","1":"post","2":"type-post","3":"status-publish","4":"format-standard","5":"has-post-thumbnail","7":"category-eu","8":"tag-aktuelle-nachrichten","9":"tag-aktuelle-news","10":"tag-deutschland","11":"tag-dfb-team","12":"tag-erkenntnisse","13":"tag-eu","14":"tag-europa","15":"tag-europaeische-union","16":"tag-europe","17":"tag-european-union","18":"tag-headlines","19":"tag-leroy-sane","20":"tag-luxemburg","21":"tag-nachrichten","22":"tag-news","23":"tag-nick-woltemade","24":"tag-schlagzeilen","25":"tag-weltmeisterschaft","26":"tag-wm","27":"tag-wm-qualifikation"},"share_on_mastodon":{"url":"https:\/\/pubeurope.com\/@de\/115554400125140704","error":""},"_links":{"self":[{"href":"https:\/\/www.europesays.com\/de\/wp-json\/wp\/v2\/posts\/577718","targetHints":{"allow":["GET"]}}],"collection":[{"href":"https:\/\/www.europesays.com\/de\/wp-json\/wp\/v2\/posts"}],"about":[{"href":"https:\/\/www.europesays.com\/de\/wp-json\/wp\/v2\/types\/post"}],"author":[{"embeddable":true,"href":"https:\/\/www.europesays.com\/de\/wp-json\/wp\/v2\/users\/2"}],"replies":[{"embeddable":true,"href":"https:\/\/www.europesays.com\/de\/wp-json\/wp\/v2\/comments?post=577718"}],"version-history":[{"count":0,"href":"https:\/\/www.europesays.com\/de\/wp-json\/wp\/v2\/posts\/577718\/revisions"}],"wp:featuredmedia":[{"embeddable":true,"href":"https:\/\/www.europesays.com\/de\/wp-json\/wp\/v2\/media\/577719"}],"wp:attachment":[{"href":"https:\/\/www.europesays.com\/de\/wp-json\/wp\/v2\/media?parent=577718"}],"wp:term":[{"taxonomy":"category","embeddable":true,"href":"https:\/\/www.europesays.com\/de\/wp-json\/wp\/v2\/categories?post=577718"},{"taxonomy":"post_tag","embeddable":true,"href":"https:\/\/www.europesays.com\/de\/wp-json\/wp\/v2\/tags?post=577718"}],"curies":[{"name":"wp","href":"https:\/\/api.w.org\/{rel}","templated":true}]}}