{"id":577730,"date":"2025-11-15T15:27:13","date_gmt":"2025-11-15T15:27:13","guid":{"rendered":"https:\/\/www.europesays.com\/de\/577730\/"},"modified":"2025-11-15T15:27:13","modified_gmt":"2025-11-15T15:27:13","slug":"klartext-fuer-kinder-weihnachtswunschbaumaktion-in-moers-startet","status":"publish","type":"post","link":"https:\/\/www.europesays.com\/de\/577730\/","title":{"rendered":"Klartext f\u00fcr Kinder: Weihnachtswunschbaumaktion in Moers startet"},"content":{"rendered":"<p class=\"text_ohne_einzug richtext text-em-55 !leading-serif mx-6 desktop:mx-0\">  Krieg in der Ukraine, Pulverfass Nahost, Trumps <a href=\"https:\/\/rp-online.de\/thema\/amerika\/\" rel=\"nofollow noopener\" target=\"_blank\">Amerika<\/a> unberechenbar, die Bundesregierung ringt um Einheit, die deutsche Wirtschaft lahmt und die soziale Schere ist weit ge\u00f6ffnet: Auch am sch\u00f6nen Niederrhein wird das Zusammenleben der vielen Kulturen, Religionen und politischen Einstellungen t\u00e4glich auf eine harte Probe gestellt. Darunter leiden die Schw\u00e4chsten. F\u00fcr 1600 von ihnen kann zu <a href=\"https:\/\/rp-online.de\/thema\/weihnachten\/\" rel=\"nofollow noopener\" target=\"_blank\">Weihnachten<\/a> gemeinsam etwas Gutes getan werden.<\/p>\n","protected":false},"excerpt":{"rendered":"Krieg in der Ukraine, Pulverfass Nahost, Trumps Amerika unberechenbar, die Bundesregierung ringt um Einheit, die deutsche Wirtschaft lahmt&hellip;\n","protected":false},"author":2,"featured_media":577731,"comment_status":"","ping_status":"","sticky":false,"template":"","format":"standard","meta":{"footnotes":"","_share_on_mastodon":"0"},"categories":[1838],"tags":[3807,115446,138884,3364,29,3715,30,4791,138883,30407,24417,1209,18524,133694,4787,60679],"class_list":["post-577730","post","type-post","status-publish","format-standard","has-post-thumbnail","category-duisburg","tag-moers","tag-115446","tag-40klartext","tag-de","tag-deutschland","tag-duisburg","tag-germany","tag-kamp","tag-klartext","tag-lintfort","tag-neukirchen","tag-nordrhein-westfalen","tag-rheinberg","tag-rheinkamper","tag-sparkasse","tag-vluyn"],"share_on_mastodon":{"url":"https:\/\/pubeurope.com\/@de\/115554421538432620","error":""},"_links":{"self":[{"href":"https:\/\/www.europesays.com\/de\/wp-json\/wp\/v2\/posts\/577730","targetHints":{"allow":["GET"]}}],"collection":[{"href":"https:\/\/www.europesays.com\/de\/wp-json\/wp\/v2\/posts"}],"about":[{"href":"https:\/\/www.europesays.com\/de\/wp-json\/wp\/v2\/types\/post"}],"author":[{"embeddable":true,"href":"https:\/\/www.europesays.com\/de\/wp-json\/wp\/v2\/users\/2"}],"replies":[{"embeddable":true,"href":"https:\/\/www.europesays.com\/de\/wp-json\/wp\/v2\/comments?post=577730"}],"version-history":[{"count":0,"href":"https:\/\/www.europesays.com\/de\/wp-json\/wp\/v2\/posts\/577730\/revisions"}],"wp:featuredmedia":[{"embeddable":true,"href":"https:\/\/www.europesays.com\/de\/wp-json\/wp\/v2\/media\/577731"}],"wp:attachment":[{"href":"https:\/\/www.europesays.com\/de\/wp-json\/wp\/v2\/media?parent=577730"}],"wp:term":[{"taxonomy":"category","embeddable":true,"href":"https:\/\/www.europesays.com\/de\/wp-json\/wp\/v2\/categories?post=577730"},{"taxonomy":"post_tag","embeddable":true,"href":"https:\/\/www.europesays.com\/de\/wp-json\/wp\/v2\/tags?post=577730"}],"curies":[{"name":"wp","href":"https:\/\/api.w.org\/{rel}","templated":true}]}}