{"id":578139,"date":"2025-11-15T19:29:16","date_gmt":"2025-11-15T19:29:16","guid":{"rendered":"https:\/\/www.europesays.com\/de\/578139\/"},"modified":"2025-11-15T19:29:16","modified_gmt":"2025-11-15T19:29:16","slug":"wdr-sport-schwimm-dm-in-wuppertal-titel-fuer-nachwuchstalente-benkler-und-graefe","status":"publish","type":"post","link":"https:\/\/www.europesays.com\/de\/578139\/","title":{"rendered":"WDR-Sport: Schwimm-DM in Wuppertal &#8211; Titel f\u00fcr Nachwuchstalente Benkler und Gr\u00e4fe"},"content":{"rendered":"<p>            <img loading=\"lazy\" decoding=\"async\" class=\"ts-image\" src=\"https:\/\/www.europesays.com\/de\/wp-content\/uploads\/2025\/11\/wdr-die-deutsche-schwimmerin-angelina-koehler-bei-einem-rennen-ueber-die-100-meter-schmetterling-100.jpeg\" alt=\"Die deutsche Schwimmerin Angelina K\u00f6hler bei einem Rennen \u00fcber die 100-Meter-Schmetterling\" title=\"Die deutsche Schwimmerin Angelina K\u00f6hler bei einem Rennen \u00fcber die 100-Meter-Schmetterling | IMAGO\/Laci Perenyi\"\/><\/p>\n<p class=\"metatextline\">Stand: 15.11.2025 20:16 Uhr<\/p>\n<p class=\"textabsatz columns twelve  m-ten  m-offset-one l-eight l-offset-two\">\n        <strong>Die deutschen Nachwuchshoggnungen Jan-Malte Gr\u00e4fe und Noelle Benkler durften bei der Kurzbahn-DM Titel feiern.<\/strong>\n    <\/p>\n<p class=\"textabsatz m-ten m-offset-one l-eight l-offset-two columns twelve\">Noelle Benkler hei\u00dft die neue Deutsche Meisterin \u00fcber 100 Meter R\u00fccken auf der Kurzbahn. Die 17-j\u00e4hrige Nachwuchshoffnung schlug im Duell der Talente Lise Seidel und war mit neuem deutschen Junioren-Rekord von 58,88 Sekuden die Schnellste. Bei der Kurzbahn-EM im Dezember soll Benkler ihre internationale Premiere feiern.<\/p>\n<p>    Gr\u00e4fe siegt im Krimi<\/p>\n<p class=\"textabsatz m-ten m-offset-one l-eight l-offset-two columns twelve\">Der mit Spannung erwartete Dreikampf \u00fcber 50 Meter Brust ging zu Gunsten von Junioren-Weltrekordler Jan-Malte Gr\u00e4fe aus. In 26,57 Sekunden holte er sich benfalls mit neuem Deutschen Junioren-Rekord den Titel. Nur einen Wimpernschlag dahinter &#8211; genauer 0,01 Sekunden &#8211; schlug Melvin Imoudu an. Vielstarterin Angelina K\u00f6hler durfte sich am Samstag \u00fcber einen weiteren Titel freuen. Die fr\u00fchere Weltmeisterin siegte \u00fcber 50 Meter Freistil in 24,15 Sekunden.<\/p>\n<p>    K\u00f6hler im Vorlauf mit Rekord<\/p>\n<p class=\"textabsatz m-ten m-offset-one l-eight l-offset-two columns twelve\">Die 25 Jahre alte Berlinerin hatte bereits am Freitag im Vorlauf \u00fcber 50 Meter Schmetterling mit einer Zeit von 25,31 Sekunden\u00a018 Hundertstel unter der acht Jahre alten Bestmarke der Magdeburgerin Aliena Schmidtke (25,49) unterboten und sich danach den Titel gesichert. &#8222;Ich wei\u00df, dass ich noch schneller kann&#8220;, sagte K\u00f6hler. Langfristig wolle sie auch mal unter die 25-Sekunden-Marke kommen. &#8222;Am besten schon bei der Kurzbahn-EM im Dezember&#8220;, betonte die Schwimmerin.<\/p>\n<p class=\"textabsatz m-ten m-offset-one l-eight l-offset-two columns twelve\">K\u00f6hler hatte sich bereits am ersten Wettkampftag der Kurzbahn-DM in <a href=\"https:\/\/www1.wdr.de\/uebersicht-wuppertal-100.html\" title=\"Wuppertal\" class=\"textlink--extern\" target=\"_blank\" rel=\"noopener\">Wuppertal<\/a> ihren ersten Titel gesichert. Die Weltmeisterin von 2024 gewann ihr Rennen \u00fcber 200 Meter Schmetterling. \u00dcber 100 Meter Freistil musste sich die Berlinerin, die bei der DM in Wuppertal mit gleich 16 Starts plant, nur der Essenerin Nina Sandrine Jazy geschlagen geben.<\/p>\n<p>    Einige Top-Schwimmer fehlen<\/p>\n<p class=\"textabsatz m-ten m-offset-one l-eight l-offset-two columns twelve\">In Abwesenheit der deutschen Schwimm-Prominenz in Person von Isabel Gose und Anna Elendt sicherten sich Lena Ludwig (Heidelberg\/100m Brust) und Julia Ackermann (Chemnitz\/800m Freistil) zum Auftakt weitere Meistertitel. Gose und Elendt blieben den Deutschen Meisterschaften wie auch Lukas M\u00e4rtens und Florian Wellbrock fern und bereiten sich in den USA auf die Olympischen Spiele 2028 vor.<\/p>\n<p>    Matzerath ist deutscher Meister \u00fcber 100m Brust<\/p>\n<p class=\"textabsatz m-ten m-offset-one l-eight l-offset-two columns twelve\">In Wuppertal setzte sich WM-Starter Lucas Matzerath \u00fcber 100 Meter Brust gegen den zweiten WM-Starter Melvin Imoudu (2.) und den neuen Junioren-Weltrekordler Jan Malte Gr\u00e4fe (3.) durch. Moritz Schaller aus Essen wurde Deutscher Meister \u00fcber die 100 Meter Freistil.<\/p>\n<p class=\"textabsatz m-ten m-offset-one l-eight l-offset-two columns twelve\">\u00dcber 200 Meter Schmetterling setzte sich der Bochumer Jarno B\u00e4rschnitt durch. Auf 1.500 Meter Freistil gewann, in Abwesenheit von Wellbrock, Moritz Bockes aus M\u00fcnchen. \u00dcber die 4&#215;50 Meter Lagen setzte sich die SG Frankfurt vor der dem SC Wiesbaden und dem Team Bochum durch.<\/p>\n<p>    Ungew\u00f6hnliche Stille am Sonntag<\/p>\n<p class=\"textabsatz m-ten m-offset-one l-eight l-offset-two columns twelve\">Bei den diesj\u00e4hrigen Deutschen Meisterschaften in Wuppertal geht nicht nur um die nationalen Titel, sondern auch um die Qualifikation f\u00fcr die Kurzbahn-Weltmeisterschaften im polnischen Lublin Anfang Dezember. Gesetzt daf\u00fcr sind bislang einzig die erfolgreichen Athleten der WM in Singapur. Das erkl\u00e4rt auch die Abwesenheit der deutschen Top-Athletinnen und Athleten.<\/p>\n<p class=\"textabsatz m-ten m-offset-one l-eight l-offset-two columns twelve\">Ungew\u00f6hnlich wird es f\u00fcr alle am Sonntag: Bei den Vorl\u00e4ufen am Morgen sind keine Zuschauer zugelassen. Es wird zudem keine Musik gespielt. Die Regelungen zum Volkstrauertag des Landes NRW verbieten &#8222;kommerzielle Sportveranstaltungen&#8220; zwischen 5 und 13 Uhr. F\u00fcr die Finall\u00e4ufe gibt es keine Einschr\u00e4nkungen.<\/p>\n<ul class=\"buttongroup buttongroup--copytext\">\n<li class=\"buttongroup__item\">\n<p>    <a class=\"btn btn--text btn--standard-secondary btn--fullwidth\" href=\"https:\/\/www1.wdr.de\/sport\/volkstrauertag-sport-regeln-100.html\" target=\"_blank\" rel=\"noopener\"><br \/>\n        Sport am Volkstrauertag &#8211; was ist in NRW erlaubt, was verboten?<br \/>\n        Pfeil rechts<\/p>\n<p>    <\/a>\n<\/li>\n<\/ul>\n<p class=\"textabsatz m-ten m-offset-one l-eight l-offset-two columns twelve\"><strong>Unsere Quellen: <\/strong><\/p>\n<ul class=\"bulletpoint-list \">\n<li>Nachrichtenagenturen SID und dpa<\/li>\n<li>Ergebnisliste der Kurzbahn-DM<\/li>\n<li>NRW-Regeln zu stillen Feiertagen<\/li>\n<\/ul>\n<p>                                        <a class=\"backlink__link\" href=\"https:\/\/www1.wdr.de\/sport\/mehr-sport\/schwimmen-kurzbahn-dm-wuppertal-110.html\" target=\"_blank\" rel=\"noopener\"><\/p>\n<p>                                                <img decoding=\"async\" src=\"https:\/\/images.sportschau.de\/image\/9ef70e2e-6dd6-4b18-afd2-7063c40e8939\/AAABlap_yqU\/AAABmgWnBPY\/original\/lra-wdr-logo-100.svg\" alt=\"Westdeutscher Rundfunk\"\/><\/p>\n<p>                                        <\/a><\/p>\n","protected":false},"excerpt":{"rendered":"Stand: 15.11.2025 20:16 Uhr Die deutschen Nachwuchshoggnungen Jan-Malte Gr\u00e4fe und Noelle Benkler durften bei der Kurzbahn-DM Titel feiern.&hellip;\n","protected":false},"author":2,"featured_media":578140,"comment_status":"","ping_status":"","sticky":false,"template":"","format":"standard","meta":{"footnotes":""},"categories":[1840],"tags":[20373,3364,29,9903,30,1209,265,225,4418],"class_list":{"0":"post-578139","1":"post","2":"type-post","3":"status-publish","4":"format-standard","5":"has-post-thumbnail","7":"category-wuppertal","8":"tag-schwimmen","9":"tag-de","10":"tag-deutschland","11":"tag-ergebnisse","12":"tag-germany","13":"tag-nordrhein-westfalen","14":"tag-sport","15":"tag-wdr","16":"tag-wuppertal"},"share_on_mastodon":{"url":"https:\/\/pubeurope.com\/@de\/115555374265348663","error":""},"_links":{"self":[{"href":"https:\/\/www.europesays.com\/de\/wp-json\/wp\/v2\/posts\/578139","targetHints":{"allow":["GET"]}}],"collection":[{"href":"https:\/\/www.europesays.com\/de\/wp-json\/wp\/v2\/posts"}],"about":[{"href":"https:\/\/www.europesays.com\/de\/wp-json\/wp\/v2\/types\/post"}],"author":[{"embeddable":true,"href":"https:\/\/www.europesays.com\/de\/wp-json\/wp\/v2\/users\/2"}],"replies":[{"embeddable":true,"href":"https:\/\/www.europesays.com\/de\/wp-json\/wp\/v2\/comments?post=578139"}],"version-history":[{"count":0,"href":"https:\/\/www.europesays.com\/de\/wp-json\/wp\/v2\/posts\/578139\/revisions"}],"wp:featuredmedia":[{"embeddable":true,"href":"https:\/\/www.europesays.com\/de\/wp-json\/wp\/v2\/media\/578140"}],"wp:attachment":[{"href":"https:\/\/www.europesays.com\/de\/wp-json\/wp\/v2\/media?parent=578139"}],"wp:term":[{"taxonomy":"category","embeddable":true,"href":"https:\/\/www.europesays.com\/de\/wp-json\/wp\/v2\/categories?post=578139"},{"taxonomy":"post_tag","embeddable":true,"href":"https:\/\/www.europesays.com\/de\/wp-json\/wp\/v2\/tags?post=578139"}],"curies":[{"name":"wp","href":"https:\/\/api.w.org\/{rel}","templated":true}]}}