{"id":578187,"date":"2025-11-15T20:00:17","date_gmt":"2025-11-15T20:00:17","guid":{"rendered":"https:\/\/www.europesays.com\/de\/578187\/"},"modified":"2025-11-15T20:00:17","modified_gmt":"2025-11-15T20:00:17","slug":"strafbefehl-gegen-karim-adeyemi-illegaler-waffenbesitz","status":"publish","type":"post","link":"https:\/\/www.europesays.com\/de\/578187\/","title":{"rendered":"Strafbefehl gegen Karim Adeyemi \u2013 illegaler Waffenbesitz"},"content":{"rendered":"<p>Illegaler Waffenbesitz <\/p>\n<p>Nationalspieler erh\u00e4lt Strafbefehl \u2013 hohe Geldbu\u00dfe<\/p>\n<p>15.11.2025 &#8211; 19:39 UhrLesedauer: 2 Min.<\/p>\n<p><a href=\"#focus-0\" class=\"transition-colors duration-200 block text-current relative\" data-sctrack=\"FocusGalleryImage.Reference\"><img fetchpriority=\"high\" data-testid=\"Opener.Image\" style=\"--lqipURL:url('https:\/\/images.t-online.de\/2025\/11\/tdGTiXVxpfvY\/866x271:3134x1763\/fit-in\/150x0\/filters:blur(25)\/karim-adeyemi-der-dortmunder-aeusserte-sich-bislang-nicht.jpg')\"   loading=\"eager\" src=\"https:\/\/www.europesays.com\/de\/wp-content\/uploads\/2025\/11\/karim-adeyemi-der-dortmunder-aeusserte-sich-bislang-nicht.jpg\" alt=\"Karim Adeyemi: Der Dortmunder \u00e4u\u00dferte sich bislang nicht.\" title=\"Karim Adeyemi: Der Dortmunder \u00e4u\u00dferte sich bislang nicht.\" width=\"3134\" height=\"1763\" class=\"bg-[url:var(--lqipURL)] bg-cover bg-center flex h-full w-full max-w-full\" decoding=\"async\"\/><img style=\"--width:32;--height:32\" loading=\"lazy\" src=\"https:\/\/www.t-online.de\/s\/paper\/_next\/static\/media\/zoom-in.f7dae02f.svg\" alt=\"Vergr\u00f6\u00dfern des Bildes\" title=\"Vergr\u00f6\u00dfern des Bildes\" class=\"block h-[calc(var(--height)_\/_16_*_1rem)] w-[calc(var(--width)_\/_16_*_1rem)] max-w-none absolute bottom-8 right-8 rounded-4 bg-snow p-8\" decoding=\"async\"\/><\/a><\/p>\n<p>Karim Adeyemi: Der Dortmunder \u00e4u\u00dferte sich bislang nicht. (Quelle: IMAGO\/Laci Perenyi)<\/p>\n<p class=\"font-bold text-18 leading-17\">Die Polizei ermittelte \u00fcber Monate, jetzt ist der Strafbefehl gegen Karim Adeyemi rechtskr\u00e4ftig. Er wurde wegen illegalen Waffenbesitzes zu einer hohen Geldstrafe verurteilt.<\/p>\n<p class=\"text-18 leading-17\"><a class=\"transition-colors duration-200 cursor-pointer text-inherit no-underline text-salemsfur md:hover:text-magenta md:hover:border-magenta md:focus:text-magenta border-current border-b border-solid break-words\" href=\"https:\/\/www.t-online.de\/themen\/karim-adeyemi\/\" data-sctrack=\"BodyAnchor\" target=\"_blank\" rel=\"noopener\">Karim Adeyemi<\/a> ist wegen illegalen Waffenbesitzes zu einer Geldstrafe in H\u00f6he von 450.000 Euro verurteilt worden. Der Strafbefehl gegen den 23-j\u00e4hrigen Offensivspieler von <a class=\"transition-colors duration-200 cursor-pointer text-inherit no-underline text-salemsfur md:hover:text-magenta md:hover:border-magenta md:focus:text-magenta border-current border-b border-solid break-words\" href=\"https:\/\/www.t-online.de\/themen\/borussia-dortmund\/\" data-sctrack=\"BodyAnchor\" target=\"_blank\" rel=\"noopener\">Borussia Dortmund<\/a> wurde am 30. Oktober 2025 rechtskr\u00e4ftig, wie die Staatsanwaltschaft Hagen mitteilte.<\/p>\n<p class=\"text-18 leading-17\">Aus einem Bericht der &#8222;Bild&#8220;-Zeitung geht hervor, dass die Geldstrafe 60 Tagess\u00e4tzen zu je 7.500 Euro entspricht und auf Grundlage seines Nettoeinkommens festgelegt wurde. Adeyemi gilt damit nicht als vorbestraft, erh\u00e4lt jedoch einen Eintrag im Bundeszentralregister.<\/p>\n<p class=\"text-18 leading-17\">Die Ermittlungen gegen den Nationalspieler hatten dem Bericht zufolge bereits im Sommer 2024 begonnen. Damals war Adeyemi nicht f\u00fcr das deutsche EM-Aufgebot nominiert worden und reiste stattdessen mit seiner Partnerin Loredana nach Griechenland. In diesem Zeitraum stie\u00dfen die Beamten offenbar auf einen Schlagring sowie ein Elektroimpulsger\u00e4t \u2013 beides Gegenst\u00e4nde, deren Erwerb, Besitz und das F\u00fchren in Deutschland strafbar sind.<\/p>\n<p class=\"text-18 leading-17\">Zu den konkreten Hintergr\u00fcnden \u00e4u\u00dferte sich Adeyemi bislang nicht \u00f6ffentlich. Sein Anwalt Jorge Mendes verwies auf &#8222;Bild&#8220;-Anfrage lediglich darauf, dass der Fall mit einer sogenannten &#8222;Mystery Box&#8220; zu tun habe, die \u00fcber TikTok bestellt worden sei. Weitere Details sind unklar.<\/p>\n<p class=\"text-18 leading-17\">Borussia Dortmund nahm auf Anfrage Stellung und betonte: &#8222;Der <a class=\"transition-colors duration-200 cursor-pointer text-inherit no-underline text-salemsfur md:hover:text-magenta md:hover:border-magenta md:focus:text-magenta border-current border-b border-solid break-words\" href=\"https:\/\/www.t-online.de\/themen\/borussia-dortmund\/\" data-sctrack=\"BodyAnchor\" target=\"_blank\" rel=\"noopener\">BVB<\/a> nimmt strafrechtliche Vorw\u00fcrfe stets ernst und zum Anlass, sie unter Wahrung von Verschwiegenheitspflichten mit seinen Angestellten zu er\u00f6rtern.&#8220;<\/p>\n<p class=\"text-18 leading-17\">Adeyemi ist aktuell mit der deutschen Nationalmannschaft unterwegs. Beim 2:0 in Luxemburg kam er wegen einer Gelbsperre nicht zum Einsatz, steht jedoch f\u00fcr das anstehende Duell gegen die Slowakei im Kader von Bundestrainer <a class=\"transition-colors duration-200 cursor-pointer text-inherit no-underline text-salemsfur md:hover:text-magenta md:hover:border-magenta md:focus:text-magenta border-current border-b border-solid break-words\" href=\"https:\/\/www.t-online.de\/themen\/julian-nagelsmann\/\" data-sctrack=\"BodyAnchor\" target=\"_blank\" rel=\"noopener\">Julian Nagelsmann<\/a> (Montag, ab 20.45 Uhr im t-online-Liveticker).<\/p>\n","protected":false},"excerpt":{"rendered":"Illegaler Waffenbesitz Nationalspieler erh\u00e4lt Strafbefehl \u2013 hohe Geldbu\u00dfe 15.11.2025 &#8211; 19:39 UhrLesedauer: 2 Min. Karim Adeyemi: Der Dortmunder&hellip;\n","protected":false},"author":2,"featured_media":578188,"comment_status":"","ping_status":"","sticky":false,"template":"","format":"standard","meta":{"footnotes":""},"categories":[1833],"tags":[722,9492,403,3364,29,217,13270,3926,30,20442,41106,1209,121,1997,43706,37037],"class_list":{"0":"post-578187","1":"post","2":"type-post","3":"status-publish","4":"format-standard","5":"has-post-thumbnail","7":"category-dortmund","8":"tag-722","9":"tag-bild-zeitung","10":"tag-bvb","11":"tag-de","12":"tag-deutschland","13":"tag-dortmund","14":"tag-geldbusse","15":"tag-geldstrafe","16":"tag-germany","17":"tag-hagen","18":"tag-karim-adeyemi","19":"tag-nordrhein-westfalen","20":"tag-polizei","21":"tag-staatsanwaltschaft","22":"tag-strafbefehl","23":"tag-waffenbesitz"},"share_on_mastodon":{"url":"https:\/\/pubeurope.com\/@de\/115555495166075672","error":""},"_links":{"self":[{"href":"https:\/\/www.europesays.com\/de\/wp-json\/wp\/v2\/posts\/578187","targetHints":{"allow":["GET"]}}],"collection":[{"href":"https:\/\/www.europesays.com\/de\/wp-json\/wp\/v2\/posts"}],"about":[{"href":"https:\/\/www.europesays.com\/de\/wp-json\/wp\/v2\/types\/post"}],"author":[{"embeddable":true,"href":"https:\/\/www.europesays.com\/de\/wp-json\/wp\/v2\/users\/2"}],"replies":[{"embeddable":true,"href":"https:\/\/www.europesays.com\/de\/wp-json\/wp\/v2\/comments?post=578187"}],"version-history":[{"count":0,"href":"https:\/\/www.europesays.com\/de\/wp-json\/wp\/v2\/posts\/578187\/revisions"}],"wp:featuredmedia":[{"embeddable":true,"href":"https:\/\/www.europesays.com\/de\/wp-json\/wp\/v2\/media\/578188"}],"wp:attachment":[{"href":"https:\/\/www.europesays.com\/de\/wp-json\/wp\/v2\/media?parent=578187"}],"wp:term":[{"taxonomy":"category","embeddable":true,"href":"https:\/\/www.europesays.com\/de\/wp-json\/wp\/v2\/categories?post=578187"},{"taxonomy":"post_tag","embeddable":true,"href":"https:\/\/www.europesays.com\/de\/wp-json\/wp\/v2\/tags?post=578187"}],"curies":[{"name":"wp","href":"https:\/\/api.w.org\/{rel}","templated":true}]}}