{"id":578198,"date":"2025-11-15T20:06:14","date_gmt":"2025-11-15T20:06:14","guid":{"rendered":"https:\/\/www.europesays.com\/de\/578198\/"},"modified":"2025-11-15T20:06:14","modified_gmt":"2025-11-15T20:06:14","slug":"kapitaen-des-vfb-stuttgart-atakan-karazor-feiert-laenderspiel-debuet-fuer-die-tuerkei","status":"publish","type":"post","link":"https:\/\/www.europesays.com\/de\/578198\/","title":{"rendered":"Kapit\u00e4n des VfB Stuttgart: Atakan Karazor feiert L\u00e4nderspiel-Deb\u00fct f\u00fcr die T\u00fcrkei"},"content":{"rendered":"<p>\t\t\t\t\t\t\t\t\t\t\t\t\t\t\t\t\t\t\t\t\t\t\t\t\t\t\t\t      \t\t            \t\t             \t\t\t\t   \t\t\t\t\t   <img decoding=\"async\" id=\"article-image\" fetchpriority=\"high\" alt=\"Kapit\u00e4n des VfB Stuttgart: Atakan Karazor feiert L\u00e4nderspiel-Deb\u00fct f\u00fcr die T\u00fcrkei\" title=\"Kapit\u00e4n des VfB Stuttgart: Atakan Karazor feiert L\u00e4nderspiel-Deb\u00fct f\u00fcr die T\u00fcrkei\" src=\"https:\/\/www.europesays.com\/de\/wp-content\/uploads\/2025\/11\/media.media.b0243512-b76b-457a-ba63-3f3b7bbea7ad.16x9_700.jpg\" data-linkto=\"https:\/\/www.stuttgarter-nachrichten.de\/javascript:void(0);\"\/>\t\t\t\t\t\t\t\t\t\t\t\t\t\t\t\t\t\t\t\t\t\t\t\tAtakan Karazor ist seit Sommer 2024 VfB-Kapit\u00e4n.\u00a0Foto: IMAGO\/DeFodi Images\/IMAGO\/Harry Langer\/DeFodi Images\t\t\t<\/p>\n<p>Nach langem Warten endlich auf dem Platz: Der Stuttgarter Mittelfeldspieler Atakan Karazor feiert beim Erfolg gegen Bulgarien seinen Einstand f\u00fcr die T\u00fcrkei.<\/p>\n<p>Nach drei Berufungen ohne L\u00e4nderspiel-Einsatz hat <a href=\"https:\/\/www.stuttgarter-nachrichten.de\/thema\/Atakan_Karazor\" title=\"Atakan Karazor\" class=\"art_thema\" target=\"_blank\" rel=\"noopener\">Atakan Karazor<\/a> vom Fu\u00dfball-Bundesligisten <a href=\"https:\/\/www.stuttgarter-nachrichten.de\/thema\/VfB_Stuttgart\" title=\"VfB Stuttgart\" class=\"art_thema\" target=\"_blank\" rel=\"noopener\">VfB Stuttgart<\/a> sein Deb\u00fct f\u00fcr die <a href=\"https:\/\/www.stuttgarter-nachrichten.de\/thema\/T%C3%BCrkei\" title=\"T\u00fcrkei\" class=\"art_thema\" target=\"_blank\" rel=\"noopener\">T\u00fcrkei<\/a> gefeiert. Der 29 Jahre alte Mittelfeldspieler kam gegen Bulgarien beim 2:0 (1:0)-Erfolg in der WM-Qualifikation erstmalig zum Einsatz.\u00a0<\/p>\n<p>Der erste Platz in der Gruppe E und die damit verbundene direkte Teilnahme an der Endrunde im kommenden Jahr ist f\u00fcr die T\u00fcrkei indes nur noch theoretisch m\u00f6glich. Denn Spanien setzte sich zeitgleich mit 4:0 in Georgien durch und hat die klar bessere Tordifferenz.\u00a0<\/p>\n<p>Atakan Karazor in der Schlussphase eingewechselt  <\/p>\n<p>Nationaltrainer Vincenzo Montella wechselte Karazor in der 81. Minute f\u00fcr den fr\u00fcheren Bundesliga-Profi Kaan Ayhan ein. Bereits zuvor jubelte die T\u00fcrkei nach einem Elfmeter von Hakan \u00c7alhano\u011flu (18.). Beim Eigentor von Atanas Tschernew stand Karazor bereits zwei Minuten auf dem Platz.<\/p>\n<p><img decoding=\"async\" class=\"meinvfbIcon\" src=\"https:\/\/www.stuttgarter-nachrichten.de\/media.media.0ea35dc3-cd0f-4f5f-9738-e5db772ac229.original.svg\"\/> <\/p>\n<p>Bislang war der VfB-Kapit\u00e4n mehrfach nominiert, aber nie eingesetzt worden. Entweder schaffte er es erst gar nicht in den Spieltagskader oder sa\u00df die komplette Spielzeit \u00fcber auf der Bank &#8211; trotz enormer Reisestrapazen. Zuletzt hatten gesundheitliche Probleme die Premiere verhindert.<\/p>\n","protected":false},"excerpt":{"rendered":"Atakan Karazor ist seit Sommer 2024 VfB-Kapit\u00e4n.\u00a0Foto: IMAGO\/DeFodi Images\/IMAGO\/Harry Langer\/DeFodi Images Nach langem Warten endlich auf dem Platz:&hellip;\n","protected":false},"author":2,"featured_media":578199,"comment_status":"","ping_status":"","sticky":false,"template":"","format":"standard","meta":{"footnotes":""},"categories":[1830],"tags":[17689,1634,3364,29,30,4917,13328,1441,143,2915],"class_list":{"0":"post-578198","1":"post","2":"type-post","3":"status-publish","4":"format-standard","5":"has-post-thumbnail","7":"category-stuttgart","8":"tag-atakan-karazor","9":"tag-baden-wuerttemberg","10":"tag-de","11":"tag-deutschland","12":"tag-germany","13":"tag-kapitaen","14":"tag-laenderspiel","15":"tag-stuttgart","16":"tag-tuerkei","17":"tag-vfb-stuttgart"},"share_on_mastodon":{"url":"https:\/\/pubeurope.com\/@de\/115555519740872280","error":""},"_links":{"self":[{"href":"https:\/\/www.europesays.com\/de\/wp-json\/wp\/v2\/posts\/578198","targetHints":{"allow":["GET"]}}],"collection":[{"href":"https:\/\/www.europesays.com\/de\/wp-json\/wp\/v2\/posts"}],"about":[{"href":"https:\/\/www.europesays.com\/de\/wp-json\/wp\/v2\/types\/post"}],"author":[{"embeddable":true,"href":"https:\/\/www.europesays.com\/de\/wp-json\/wp\/v2\/users\/2"}],"replies":[{"embeddable":true,"href":"https:\/\/www.europesays.com\/de\/wp-json\/wp\/v2\/comments?post=578198"}],"version-history":[{"count":0,"href":"https:\/\/www.europesays.com\/de\/wp-json\/wp\/v2\/posts\/578198\/revisions"}],"wp:featuredmedia":[{"embeddable":true,"href":"https:\/\/www.europesays.com\/de\/wp-json\/wp\/v2\/media\/578199"}],"wp:attachment":[{"href":"https:\/\/www.europesays.com\/de\/wp-json\/wp\/v2\/media?parent=578198"}],"wp:term":[{"taxonomy":"category","embeddable":true,"href":"https:\/\/www.europesays.com\/de\/wp-json\/wp\/v2\/categories?post=578198"},{"taxonomy":"post_tag","embeddable":true,"href":"https:\/\/www.europesays.com\/de\/wp-json\/wp\/v2\/tags?post=578198"}],"curies":[{"name":"wp","href":"https:\/\/api.w.org\/{rel}","templated":true}]}}