{"id":57821,"date":"2025-04-24T16:10:08","date_gmt":"2025-04-24T16:10:08","guid":{"rendered":"https:\/\/www.europesays.com\/de\/57821\/"},"modified":"2025-04-24T16:10:08","modified_gmt":"2025-04-24T16:10:08","slug":"stadtgruen-berlin-gegen-den-stadtbaum-schwund","status":"publish","type":"post","link":"https:\/\/www.europesays.com\/de\/57821\/","title":{"rendered":"Stadtgr\u00fcn \u2013 Berlin: Gegen den Stadtbaum-Schwund"},"content":{"rendered":"<p>\t\t\t\t\t\t<img decoding=\"async\" id=\"img304720\" src=\"https:\/\/www.nd-aktuell.de\/img\/jpeg\/640\/304720\" alt=\"Im April erfreuen zahlreiche bl\u00fchende Kirschb\u00e4ume die Berliner Gem\u00fcter. B\u00e4ume sind aber ganzj\u00e4hrig wichtig f\u00fcr die Lebensqualit\u00e4t, den Hitzeschutz und die Wasserspeicherung in der Stadt.\"\/><\/p>\n<p>Im April erfreuen zahlreiche bl\u00fchende Kirschb\u00e4ume die Berliner Gem\u00fcter. B\u00e4ume sind aber ganzj\u00e4hrig wichtig f\u00fcr die Lebensqualit\u00e4t, den Hitzeschutz und die Wasserspeicherung in der Stadt.<\/p>\n<p>Foto: dpa\/Monika Skolimowska<\/p>\n<p>Berlin braucht B\u00e4ume. Sie k\u00fchlen die Stadt, sch\u00fctzen den Boden vor Austrocknung und erh\u00f6hen die Lebensqualit\u00e4t. Doch anstatt mehr gibt es von Jahr zu Jahr weniger des hohen Gr\u00fcns. Einerseits m\u00fcssen die Stadtb\u00e4ume wegen zahlreicher Bauprojekte weichen. Andererseits vertrocknen und erkranken sie so drastisch, dass sie sterben oder aus Sicherheitsgr\u00fcnden gef\u00e4llt werden m\u00fcssen. An diesem Freitag ist der internationale Tag des Baumes. Das nehmen zahlreiche Initiativen zum Anlass, um gegen aktuelle Senatspl\u00e4ne zu protestieren. Denn am Tempelhofer Damm sollen fast 200 Stra\u00dfenb\u00e4ume aufgrund von Bauarbeiten gef\u00e4llt werden.<\/p>\n<p>\u00bbAllein f\u00fcr eine tempor\u00e4re Asphaltfl\u00e4che\u00ab solle ein Drittel der B\u00e4ume in Tempelhof gef\u00e4llt werden, \u00bbknapp 40 weitere, damit breitere Fahrbahnen f\u00fcr immer breitere SUVs gebaut werden k\u00f6nnen\u00ab, sagt die Initiative Volksentscheid Baum in einer Pressemitteilung zu den Senatspl\u00e4nen in Tempelhof. Sie h\u00e4lt mindestens 100 der Baumf\u00e4llungen f\u00fcr vermeidbar \u2013 \u00bbmit korrekten Daten und aktuellem verkehrswissenschaftlichem Wissen, moderner Verkehrsf\u00fchrung, angepasster Planung und dem n\u00f6tigen politischen Willen f\u00fcr die Bedeutung von B\u00e4umen\u00ab.<\/p>\n<p>Deswegen ruft die Initiative zur \u00bbHappy-Baum-Hour-Demo\u00ab an diesem Freitag um 18 Uhr vor dem S\u00fcdeingang des <a data-id=\"https:\/\/www.nd-aktuell.de\/artikel\/1189118.stadtentwicklung-baupolitik-sanieren-anstatt-abreissen.html?sstr=tempelhofer|feld\" data-type=\"link\" href=\"https:\/\/www.nd-aktuell.de\/artikel\/1189118.stadtentwicklung-baupolitik-sanieren-anstatt-abreissen.html\" target=\"_blank\" rel=\"noopener\">Tempelhofer Felds<\/a> auf. \u00bbKlimavorsorge braucht B\u00e4ume \u2013 nicht Asphalt. Wir feiern die B\u00e4ume, um sie hier noch retten zu k\u00f6nnen und f\u00fcr eine Million gesunde Stra\u00dfenb\u00e4ume in ganz Berlin\u00ab, sagt G\u00e9nica Sch\u00e4fgen, Ko-Initiatorin des Volksentscheids Baum, der die Berliner Bev\u00f6lkerung \u00fcber ein neues Klimaanpassungsgesetz abstimmen lassen will. Der Entwurf des Gesetzes befinde sich aktuell in einer Zul\u00e4ssigkeitspr\u00fcfung durch den Senat, hei\u00dft es von der Initiative.<\/p>\n<p>An der Demonstration zum Erhalt der Stra\u00dfenb\u00e4ume beteiligen sich laut Volksentscheid Baum zahlreiche weitere Initiativen \u2013 etwa Changing Cities, Omas for Future, das Netzwerk fahrradfreundliches Tempelhof-Sch\u00f6neberg und die Senior*innenvertretung im Bezirk. \u00bbDes Deutschen liebstes Kind ist der Baum, nicht das Auto. Damit dieses Baumbewusstsein im Berliner Senat zum Ma\u00df der Dinge wird, feiern wir die Happy-Baum-Hour\u00ab, so Heinrich Str\u00f6\u00dfenreuther von Volksentscheid Baum.<\/p>\n<blockquote class=\"wp-block-quote\"><p>&#13;<\/p>\n<p>\u00bbWir m\u00fcssen den stetigen Gr\u00fcnverlust jetzt stoppen, sonst leben wir irgendwann in einer grauen Stadt ohne Lebensqualit\u00e4t f\u00fcr Mensch und Natur.\u00ab<\/p>\n<p>&#13;<br \/>\nJanna Einr\u00f6der\u2003Nabu Berlin<\/p><\/blockquote>\n<p>Anl\u00e4sslich des internationalen Tag des Baumes kritisiert auch die Naturschutzorganisation Nabu Berlin den R\u00fcckgang des hauptst\u00e4dtischen Baumbestands. 2024 seien von 431\u2009431 Stra\u00dfenb\u00e4umen 5280 gef\u00e4llt, aber bislang nur 2571 nachgepflanzt worden \u2013 ein Defizit also von 2709 B\u00e4umen. \u00bbSobald eine Stra\u00dfe saniert, eine Leitung verlegt oder eine U-Bahn gebaut werden soll, m\u00fcssen B\u00e4ume weichen \u2013 oft ohne zeit- und ortsnahen Ersatz\u00ab, sagt Janna Einr\u00f6der, Stadtgr\u00fcn-Referentin beim Nabu Berlin, in einer Pressemitteilung.<\/p>\n<p>Die Naturschutzorganisation fordert ein <a href=\"https:\/\/www.nd-aktuell.de\/artikel\/1190055.klimaanpassung-stadtentwicklung-in-berlin-ziel-schwammstadt.html\" target=\"_blank\" rel=\"noopener\">Kurswechsel bei Bauvorhaben<\/a>. \u00bbEs muss zur Regel werden, dass ein Baum nur dann gef\u00e4llt werden darf, wenn eine umfassende Alternativenpr\u00fcfung eindeutig ergibt, dass sein Erhalt nicht m\u00f6glich ist\u00ab, sagt Einr\u00f6der. Bauprojekte m\u00fcssten im Zweifel \u00bbum den Baum herum\u00ab geplant werden. \u00bbWir m\u00fcssen den stetigen Gr\u00fcnverlust jetzt stoppen, sonst leben wir irgendwann in einer grauen Stadt ohne Lebensqualit\u00e4t f\u00fcr Mensch und Natur.\u00ab<\/p>\n","protected":false},"excerpt":{"rendered":"Im April erfreuen zahlreiche bl\u00fchende Kirschb\u00e4ume die Berliner Gem\u00fcter. B\u00e4ume sind aber ganzj\u00e4hrig wichtig f\u00fcr die Lebensqualit\u00e4t, den&hellip;\n","protected":false},"author":2,"featured_media":57822,"comment_status":"","ping_status":"","sticky":false,"template":"","format":"standard","meta":{"footnotes":""},"categories":[1825],"tags":[1941,1939,26836,296,1937,29,30,1940,953,1938,12031],"class_list":{"0":"post-57821","1":"post","2":"type-post","3":"status-publish","4":"format-standard","5":"has-post-thumbnail","7":"category-berlin","8":"tag-aktuelle-nachrichten-aus-berlin","9":"tag-aktuelle-news-aus-berlin","10":"tag-basisdemokratie","11":"tag-berlin","12":"tag-berlin-news","13":"tag-deutschland","14":"tag-germany","15":"tag-nachrichten-aus-berlin","16":"tag-naturschutz","17":"tag-news-aus-berlin","18":"tag-umweltschutz"},"share_on_mastodon":{"url":"https:\/\/pubeurope.com\/@de\/114393817105799624","error":""},"_links":{"self":[{"href":"https:\/\/www.europesays.com\/de\/wp-json\/wp\/v2\/posts\/57821","targetHints":{"allow":["GET"]}}],"collection":[{"href":"https:\/\/www.europesays.com\/de\/wp-json\/wp\/v2\/posts"}],"about":[{"href":"https:\/\/www.europesays.com\/de\/wp-json\/wp\/v2\/types\/post"}],"author":[{"embeddable":true,"href":"https:\/\/www.europesays.com\/de\/wp-json\/wp\/v2\/users\/2"}],"replies":[{"embeddable":true,"href":"https:\/\/www.europesays.com\/de\/wp-json\/wp\/v2\/comments?post=57821"}],"version-history":[{"count":0,"href":"https:\/\/www.europesays.com\/de\/wp-json\/wp\/v2\/posts\/57821\/revisions"}],"wp:featuredmedia":[{"embeddable":true,"href":"https:\/\/www.europesays.com\/de\/wp-json\/wp\/v2\/media\/57822"}],"wp:attachment":[{"href":"https:\/\/www.europesays.com\/de\/wp-json\/wp\/v2\/media?parent=57821"}],"wp:term":[{"taxonomy":"category","embeddable":true,"href":"https:\/\/www.europesays.com\/de\/wp-json\/wp\/v2\/categories?post=57821"},{"taxonomy":"post_tag","embeddable":true,"href":"https:\/\/www.europesays.com\/de\/wp-json\/wp\/v2\/tags?post=57821"}],"curies":[{"name":"wp","href":"https:\/\/api.w.org\/{rel}","templated":true}]}}