{"id":578247,"date":"2025-11-15T20:33:13","date_gmt":"2025-11-15T20:33:13","guid":{"rendered":"https:\/\/www.europesays.com\/de\/578247\/"},"modified":"2025-11-15T20:33:13","modified_gmt":"2025-11-15T20:33:13","slug":"steffen-krach-mit-100-prozent-zum-spitzenkandidaten-seiner-partei-gewaehlt","status":"publish","type":"post","link":"https:\/\/www.europesays.com\/de\/578247\/","title":{"rendered":"Steffen Krach mit 100 Prozent zum Spitzenkandidaten seiner Partei gew\u00e4hlt"},"content":{"rendered":"<p class=\"tspCAnc tspCAnd\">Der SPD-Politiker Steffen Krach ist mit 100 Prozent Zustimmung zum Spitzenkandidaten seiner Partei f\u00fcr die Abgeordnetenhauswahl 2026 gew\u00e4hlt worden. Bei der Abstimmung per Akklamation auf dem Landesparteitag am Sonnabend gab es keine Gegenstimmen oder Enthaltungen. Im Anschluss an die Abstimmung gab es langanhaltenden Applaus.<\/p>\n<p class=\"tspCAnc\">\u201eIch bin \u00fcberw\u00e4ltigt\u201c, sagte Krach. \u201eEs wird ein langer Wahlkampf, aber ich glaube, wir haben heute gesehen, was in uns steckt\u201c, sagte er an die Delegierten gerichtet.<\/p>\n<p><a href=\"https:\/\/www.tagesspiegel.de\/berlin\/da-fuhle-ich-mich-als-vater-von-drei-kindern-verarscht-spd-spitzenkandidat-krach-kritisiert-verkehrspolitik-des-berliner-senats-14312102.html?icid=single-topic_14849603___\" data-gtm-class=\"article-mzt-link\" class=\"tspCYpn\" target=\"_blank\" rel=\"noopener\">\u201eDa f\u00fchle ich mich als Vater von drei Kindern verarscht\u201c SPD-Spitzenkandidat Krach kritisiert Verkehrspolitik des Berliner Senats <\/a><\/p>\n<p class=\"tspCAnc\">Zuvor hatte Krach in seiner Rede angek\u00fcndigt, er wolle Berlin zur Familienmetropole Europas machen \u2013 mit sauberen Spielpl\u00e4tzen, einer besseren Versorgung durch Kinder\u00e4rzte und einer \u201evern\u00fcnftigen Infrastruktur\u201c. <\/p>\n<p class=\"tspCAnc\">\u201eIn dieser Stadt leben \u00fcber 370.000 Familien und \u00fcber 630.000 Kinder. Sie alle sollen hier ein gutes Leben f\u00fchren k\u00f6nnen\u201c,\u00a0sagte er.<\/p>\n<blockquote class=\"tspCZpt\">\n<p>Ich will das Rote Rathaus von der CDU zur\u00fcckholen.<\/p>\n<\/blockquote>\n<p class=\"tspCZpu\"><strong>Steffen Krach<\/strong>, Spitzenkandidat der Berliner SPD<\/p>\n<p class=\"tspCAnc\">In Paris habe er gesehen, was die Stadt vor den Schulen erreicht habe. \u201eDa w\u00fcrde keiner sich hinstellen und sagen, das wollen wir nicht. Au\u00dfer m\u00f6glicherweise Frau Bonde\u201c, sagte er mit Blick auf die aktuelle Verkehrssenatorin Ute Bonde (CDU), deren Verkehrspolitik er als \u201egescheitert\u201c bezeichnete. Paris hat vor vielen Schulen verkehrsberuhigte Bereiche eingef\u00fchrt und die Stra\u00dfen begr\u00fcnt.<\/p>\n<p class=\"tspCAnc\">Familienfreundlichkeit bedeute eine bezahlbare Stadt, in der sich Familien mit kleinem Geldbeutel ein gutes Leben f\u00fcr sich und ihre Kinder leisten k\u00f6nnten, sagte Krach. Egal, ob Alleinerziehende, Patchworkfamilien, Mann und Frau, queere Familien, kleine oder gro\u00dfe. <\/p>\n<p> Einzug zu \u201eBella Ciao\u201c <\/p>\n<p class=\"tspCAnc\">Nach einer turbulenten, von inneren Ersch\u00fctterungen gepr\u00e4gten Woche rissen sich die Berliner Sozialdemokraten am Parteitag zusammen. Begleitet von lang anhaltendem Applaus und zum antifaschistischen Lied \u201eBella Ciao\u201c lief Krach gemeinsam mit den ehemaligen SPD-Regierenden Berlins Walter Momper, Klaus Wowereit und Franziska Giffey in den Saal ein. <\/p>\n<p class=\"tspCAnc\">Nach der einstimmigen Nominierung winkten Genossen mit Blick auf Parallelen zu Martin Schulz, der 2017 bei der Nominierung als Kanzlerkandidat ebenfalls 100 Prozent erhalten und im Anschluss dennoch ein historisch schlechtes Wahlergebnis erhalten hatte, ab. Im Gegenteil: Die Berliner Genossen zeigten sich erleichtert, dass der Parteitag trotz der Konflikte im Vorfeld reibungslos ablief.<\/p>\n<p class=\"tspCAnc\">Erst am vergangenen Wochenende war ein Beben durch die Berliner SPD gegangen, als der Neuk\u00f6llner Bezirksb\u00fcrgermeister Martin Hikel nach einer emotionalen Kreisdelegiertenkonferenz und einem Wahlergebnis von 68,5 Prozent erkl\u00e4rt hatte,<a href=\"https:\/\/www.tagesspiegel.de\/berlin\/zerwurfnisse-machtspiele-grabenkampfe-neukollner-spd-steht-nach-dem-hikel-ruckzug-vor-einem-scherbenhaufen-14802035.html?icid=in-text-link_14849603\" class=\"link link--internal\" data-gtm-class=\"article-text-link\" data-gtm-val=\"internal\" target=\"_blank\" rel=\"noopener\"> nicht erneut in seinem Bezirk kandidieren zu wollen<\/a>. Hikel ist auch Co-Landesvorsitzender der Berliner SPD. <\/p>\n<p class=\"tspCAnc\">Krach rief seine Partei vor dem Hintergrund dieser Ereignisse am Sonnabend zu Geschlossenheit auf. \u201eWir alle zusammen sind die SPD, wir brauchen die unterschiedlichen Fl\u00fcgel zum Fliegen\u201c, sagte er.<\/p>\n<p class=\"tspCAnc\">Er wiederholte seinen Anspruch, trotz aktuell bescheidener Umfragewerte die Berliner SPD zum Wahlsieg zu f\u00fchren: \u201eIch will das Rote Rathaus von der CDU zur\u00fcckholen\u201c, sagte er. Einen besonderen Schwerpunkt legte er auf das Thema bezahlbarer Wohnraum. \u201eDas Thema Wohnen und Mieten ist die soziale Frage der Zukunft\u201c, sagte er. Berlin m\u00fcsse den \u201eKampf gegen das Treiben der Mietmafia\u201c konsequent f\u00fchren. \u201eIch will, dass wir alle Register ziehen\u201c, sagte Krach.<\/p>\n<blockquote class=\"tspCZpt\">\n<p>Kai Wegner l\u00e4uft durch die Stadt, aber er regiert nicht, er besichtigt diese Stadt.<\/p>\n<\/blockquote>\n<p class=\"tspCZpu\"><strong>Steffen Krach (SPD) <\/strong>\u00fcber den Regierenden B\u00fcrgermeister<\/p>\n<p class=\"tspCAnc\">Er forderte eine Sozialquote f\u00fcr private Vermieter und bessere Unterst\u00fctzung f\u00fcr die Verwaltung, gegen Mietwucher vorzugehen. Er rief auch den Bund auf, ein \u201escharfes, gesetzliches Schwert mit hohen Bu\u00dfgeldern\u201c zu schaffen. \u201eWir brauchen klare Botschaften an die Management-Etagen dieser skrupellosen Unternehmen. Systematischer Betrug muss strafrechtliche Folgen f\u00fcr die verantwortliche Person haben\u201c, sagte er.<\/p>\n<p> Krach attackiert Wegner <\/p>\n<p class=\"tspCAnc\">Den aktuellen Regierenden B\u00fcrgermeister Kai Wegner (CDU) griff Krach an. Er sehe Wegner, aber er sehe keinen Regierenden B\u00fcrgermeister. \u201eKai Wegner l\u00e4uft durch die Stadt, aber er regiert nicht, er besichtigt diese Stadt\u201c, sagte Krach.<\/p>\n<p class=\"tspCAnc\">Zu Beginn seiner Rede bezeichnete der SPD-Politiker die AfD als \u201egr\u00f6\u00dfte Gefahr f\u00fcr unsere Demokratie\u201c. Diese Partei stelle alles infrage, wof\u00fcr die Sozialdemokratie seit 75 Jahren gek\u00e4mpft habe. \u201eDie AfD als Partei ist der Feind unserer Demokratie und den werden wir alle bek\u00e4mpfen\u201c, sagte er unter Applaus der Delegierten.<\/p>\n<p class=\"tspCAnc\">Hinter den Kulissen diskutierten die Delegierten die Vorf\u00e4lle in Neuk\u00f6lln und die Entscheidung des Landesvorsitzenden Hikel, nicht mehr in seinem Bezirk zu kandidieren. Hikel selbst war zu Beginn des Parteitags nicht anwesend, hielt aber gegen Mittag eine kurze Ansprache, bevor er den Parteitag fr\u00fchzeitig verlie\u00df.<\/p>\n<p> Mehr \u00fcber die Berliner SPD <a href=\"https:\/\/www.tagesspiegel.de\/berlin\/er-soll-die-berliner-spd-retten-wofur-steht-spitzenkandidat-steffen-krach-14843537.html?icid=topic-list_14849603___\" data-gtm-class=\"article-mzt-link\" class=\"tspCYpn\" target=\"_blank\" rel=\"noopener\">Er soll die Berliner SPD retten Wof\u00fcr steht Spitzenkandidat Steffen Krach? <\/a><a href=\"https:\/\/www.tagesspiegel.de\/berlin\/berlins-spd-chef-hikel-uber-neukollner-wahl-eklat-am-ende-muss-ich-mein-gesicht-hinhalten-14811743.html?icid=topic-list_14849603___\" data-gtm-class=\"article-mzt-link\" class=\"tspCYpn\" target=\"_blank\" rel=\"noopener\">Berlins SPD-Chef Hikel \u00fcber Neuk\u00f6llner Wahl-Eklat \u201eAm Ende muss ich mein Gesicht hinhalten\u201c <\/a><a href=\"https:\/\/www.tagesspiegel.de\/berlin\/zerwurfnisse-machtspiele-grabenkampfe-neukollner-spd-steht-nach-dem-hikel-ruckzug-vor-einem-scherbenhaufen-14802035.html?icid=topic-list_14849603___\" data-gtm-class=\"article-mzt-link\" class=\"tspCYpn\" target=\"_blank\" rel=\"noopener\">Zerw\u00fcrfnisse, Machtspiele, Grabenk\u00e4mpfe Neuk\u00f6llner SPD steht nach dem Hikel-R\u00fcckzug vor einem Scherbenhaufen <\/a><\/p>\n<p class=\"tspCAnc\">Vertreter des linken wie pragmatischen Fl\u00fcgels \u00e4u\u00dferten am Rande des Parteitags Unmut \u00fcber Hikel, der mit seiner Entscheidung auch der Gesamtpartei geschadet habe. Viele Funktion\u00e4re fragen sich, ob Hikel angesichts der Ereignisse bis zur geplanten regul\u00e4ren Neuwahl des Landesvorstands im Juni 2026 Landesvorsitzender bleiben kann. Denkbar w\u00e4re, dass etwa beim Parteitag im M\u00e4rz, bei dem das Wahlprogramm beschlossen werden soll, auch vorgezogene Wahlen zum Landesvorsitz stattfinden. Gespr\u00e4che dazu laufen, sind aber noch nicht entschieden.<\/p>\n<p class=\"tspCAnc\">Spitzenkandidat Krach appellierte am Sonnabend, innerparteiliche Debatten fair auszutragen. \u201eWenn wir uns selber streiten, dann wird es umso schwieriger nach au\u00dfen deutlich zu machen, dass wir Geschlossenheit wollen\u201c, sagte er. Der ehemalige SPD-Regierende Klaus Wowereit rief die Genossen dazu auf, Krach im Wahlkampf Beinfreiheit zu lassen. Nur so k\u00f6nne man auch Menschen au\u00dferhalb der Parteigrenzen erreichen. <\/p>\n","protected":false},"excerpt":{"rendered":"Der SPD-Politiker Steffen Krach ist mit 100 Prozent Zustimmung zum Spitzenkandidaten seiner Partei f\u00fcr die Abgeordnetenhauswahl 2026 gew\u00e4hlt&hellip;\n","protected":false},"author":2,"featured_media":578248,"comment_status":"","ping_status":"","sticky":false,"template":"","format":"standard","meta":{"footnotes":""},"categories":[2],"tags":[64594,31,29,94201,30,13,2384,3056,1891,7134,14,15,12,966,184,10,8,9,11,12385],"class_list":{"0":"post-578247","1":"post","2":"type-post","3":"status-publish","4":"format-standard","5":"has-post-thumbnail","7":"category-deutschland","8":"tag-berlin-wahl","9":"tag-cdu","10":"tag-deutschland","11":"tag-fahrrad-und-verkehr-in-berlin","12":"tag-germany","13":"tag-headlines","14":"tag-kai-wegner","15":"tag-klaus-wowereit","16":"tag-landespolitik-berlin","17":"tag-mieten","18":"tag-nachrichten","19":"tag-news","20":"tag-schlagzeilen","21":"tag-schule","22":"tag-spd","23":"tag-top-news","24":"tag-top-meldungen","25":"tag-topmeldungen","26":"tag-topnews","27":"tag-wohnen-in-berlin"},"share_on_mastodon":{"url":"https:\/\/pubeurope.com\/@de\/115555624926044024","error":""},"_links":{"self":[{"href":"https:\/\/www.europesays.com\/de\/wp-json\/wp\/v2\/posts\/578247","targetHints":{"allow":["GET"]}}],"collection":[{"href":"https:\/\/www.europesays.com\/de\/wp-json\/wp\/v2\/posts"}],"about":[{"href":"https:\/\/www.europesays.com\/de\/wp-json\/wp\/v2\/types\/post"}],"author":[{"embeddable":true,"href":"https:\/\/www.europesays.com\/de\/wp-json\/wp\/v2\/users\/2"}],"replies":[{"embeddable":true,"href":"https:\/\/www.europesays.com\/de\/wp-json\/wp\/v2\/comments?post=578247"}],"version-history":[{"count":0,"href":"https:\/\/www.europesays.com\/de\/wp-json\/wp\/v2\/posts\/578247\/revisions"}],"wp:featuredmedia":[{"embeddable":true,"href":"https:\/\/www.europesays.com\/de\/wp-json\/wp\/v2\/media\/578248"}],"wp:attachment":[{"href":"https:\/\/www.europesays.com\/de\/wp-json\/wp\/v2\/media?parent=578247"}],"wp:term":[{"taxonomy":"category","embeddable":true,"href":"https:\/\/www.europesays.com\/de\/wp-json\/wp\/v2\/categories?post=578247"},{"taxonomy":"post_tag","embeddable":true,"href":"https:\/\/www.europesays.com\/de\/wp-json\/wp\/v2\/tags?post=578247"}],"curies":[{"name":"wp","href":"https:\/\/api.w.org\/{rel}","templated":true}]}}