{"id":578269,"date":"2025-11-15T20:48:31","date_gmt":"2025-11-15T20:48:31","guid":{"rendered":"https:\/\/www.europesays.com\/de\/578269\/"},"modified":"2025-11-15T20:48:31","modified_gmt":"2025-11-15T20:48:31","slug":"vfr-mannheim-mit-schuetzenfest-ssv-reutlingen-ueberrascht-gegen-vierten","status":"publish","type":"post","link":"https:\/\/www.europesays.com\/de\/578269\/","title":{"rendered":"VfR Mannheim mit Sch\u00fctzenfest, SSV Reutlingen \u00fcberrascht gegen Vierten"},"content":{"rendered":"<p>Der 17. Spieltag der Oberliga Baden-W\u00fcrttemberg brachte klare Kanten im Titelrennen, einen Ausrutscher im Tabellenmittelfeld und ein deftiges Ausrufezeichen des \u00e4rgsten Verfolgers. W\u00e4hrend der VfR Mannheim mit sieben Treffern an Aalen dranbleibt, feierten Reutlingen und Neckarsulm wichtige Heimsiege \u2013 und in Denzlingen entschied eine bittere Schlussphase.<\/p>\n<p data-start=\"508\" data-end=\"846\">Der FC N\u00f6ttingen hat ein deutliches Ausrufezeichen gesetzt. Schon nach zwei Minuten brachte Egemen Sarikaya seine Mannschaft in F\u00fchrung und sorgte damit f\u00fcr einen perfekten Start. In der 37. Minute erh\u00f6hte Stefan Zimmermann auf 2:0. Kurz nach dem Seitenwechsel beseitigte Jannis Rabold mit dem 3:0 in der 52. Minute die letzten Zweifel am Ausgang des Spiels. N\u00f6ttingen feierte einen klaren Heimsieg. <\/p>\n<p data-start=\"710\" data-end=\"979\">&#8212;<\/p>\n<p data-start=\"1437\" data-end=\"1852\">Vor 1095 Zuschauern setzte sich der FC 08 Villingen im s\u00fcdbadischen Duell knapp mit 2:1 gegen den T\u00fcrkischen SV Singen durch. Der FC 08 \u00fcbernahm von Beginn an die Initiative und belohnte sich in der 34. Minute, als Gabriel Cristilli zur F\u00fchrung traf. Nur f\u00fcnf Minuten sp\u00e4ter legte Christian Derflinger mit dem 2:0 nach \u2013 eine komfortable Halbzeitf\u00fchrung schien greifbar. Doch die G\u00e4ste gaben sich nicht geschlagen: Dominik Emminger brachte Singen in der 43. Minute mit dem Anschlusstreffer wieder ins Spiel. Nach dem Seitenwechsel wahrte Villingen den knappen Vorsprung.<\/p>\n<p data-start=\"981\" data-end=\"1237\">&#8212;<\/p>\n<p> <br data-start=\"997\" data-end=\"1000\"\/>G\u00f6ppingen brach den Bann sp\u00e4t, als Christian Cernenchi ungl\u00fccklich ins eigene Tor traf (69.). In einer langen Nachspielzeit setzte Chigaemezu Francis Ubabuike den Schlusspunkt (90.+9). <\/p>\n<p data-start=\"981\" data-end=\"1237\">&#8212;<\/p>\n<p> <br data-start=\"1255\" data-end=\"1258\"\/>Hollenbach ging durch Hannes Scherer in F\u00fchrung (34.), doch Pforzheim antwortete nach der Pause durch Dominik Salz (62.). Rico Hofmann entschied das enge Spiel mit dem sp\u00e4ten 1:2 (84.). <\/p>\n<p data-start=\"1239\" data-end=\"1466\">&#8212;<\/p>\n<p> <br data-start=\"1484\" data-end=\"1487\"\/>Nach einer Roten Karte gegen Luis Dettling (42.) nutzte T\u00fcrkspor die \u00dcberzahl: Pascal Sohm markierte kurz nach der Stunde das Tor des Tages (56.). In der Schlussphase verteidigten die Gastgeber kompakt und brachten den knappen Sieg \u00fcber die Zeit. <\/p>\n<p data-start=\"1468\" data-end=\"1741\">&#8212;<\/p>\n<p> <br data-start=\"1759\" data-end=\"1762\"\/>Ravensburg legte durch Nicolas Jann per Foulelfmeter (38.) und Felix Sch\u00e4ch (90.+158) vor, Gm\u00fcnd konterte mit zwei sp\u00e4ten Treffern: Tim Grupp traf vom Punkt (62.), ehe ein Eigentor von Philipp Altmann den Ausgleich brachte (86.). Ein wechselhaftes Spiel, das in der Schlussphase kippte. <\/p>\n<p data-start=\"1743\" data-end=\"1986\">&#8212;<\/p>\n<p> <br data-start=\"2004\" data-end=\"2007\"\/>Mannheim zog fr\u00fch davon \u00fcber Alexandru Paraschiv (12.), Shaban Veselaj (24.), Jannik Marx (42.) und legte nach Oberacherns Anschluss durch Marin Stefotic (61.) erneut zu: Veselaj (68.), Alexander Esswein (75.), Vincent Hofer (81.) und Lennart Thum (86.) stellten auf 1:7. Der Zweite unterstrich mit Wucht und Effizienz seinen Anspruch. <\/p>\n<p data-start=\"1988\" data-end=\"2231\">&#8212;<\/p>\n<p> <br data-start=\"2249\" data-end=\"2252\"\/>Reutlingen setzte mit dem fr\u00fchen 1:0 von Maxim Schmalz (14.) den Ton, Ben Schaal erh\u00f6hte vor der Pause (44.). Noah-Elias Maurer machte nach einer Stunde alles klar (66.). <\/p>\n<p data-start=\"2233\" data-end=\"2485\">&#8212;<\/p>\n<p><br data-start=\"2503\" data-end=\"2506\"\/>Die TSG Backnang fordert den ungeschlagenen VfR Aalen und braucht eine nahezu fehlerfreie Defensivleistung. Kann der Spitzenreiter sein Tempo dosieren und die beste Defensive der Liga abrufen, werden wenige Aktionen vor dem Tor gen\u00fcgen. <\/p>\n","protected":false},"excerpt":{"rendered":"Der 17. Spieltag der Oberliga Baden-W\u00fcrttemberg brachte klare Kanten im Titelrennen, einen Ausrutscher im Tabellenmittelfeld und ein deftiges&hellip;\n","protected":false},"author":2,"featured_media":578270,"comment_status":"","ping_status":"","sticky":false,"template":"","format":"standard","meta":{"footnotes":""},"categories":[1845],"tags":[21038,21039,43546,1634,3364,29,548,663,3934,21048,101163,21036,21041,21040,21042,30,13,3850,2096,14,15,21030,12,21035,21045,21044,21043,106994,106995,21031,21037],"class_list":{"0":"post-578269","1":"post","2":"type-post","3":"status-publish","4":"format-standard","5":"has-post-thumbnail","7":"category-mannheim","8":"tag-1-cfr-pforzheim","9":"tag-1-fc-normannia-gmuend","10":"tag-1-goeppinger-sv","11":"tag-baden-wuerttemberg","12":"tag-de","13":"tag-deutschland","14":"tag-eu","15":"tag-europa","16":"tag-europe","17":"tag-fc-08-villingen","18":"tag-fc-denzlingen","19":"tag-fc-noettingen","20":"tag-fsv-08-bietigheim-bissingen","21":"tag-fsv-hollenbach","22":"tag-fv-ravensburg","23":"tag-germany","24":"tag-headlines","25":"tag-karlsruher-sc","26":"tag-mannheim","27":"tag-nachrichten","28":"tag-news","29":"tag-oberliga-baden-wuerttemberg","30":"tag-schlagzeilen","31":"tag-ssv-reutlingen","32":"tag-sv-oberachern","33":"tag-tsg-backnang","34":"tag-tsv-essingen","35":"tag-tuerkischer-sv-singen","36":"tag-tuerkspor-neckarsulm","37":"tag-vfr-aalen","38":"tag-vfr-mannheim"},"share_on_mastodon":{"url":"","error":"Validation failed: Text character limit of 500 exceeded"},"_links":{"self":[{"href":"https:\/\/www.europesays.com\/de\/wp-json\/wp\/v2\/posts\/578269","targetHints":{"allow":["GET"]}}],"collection":[{"href":"https:\/\/www.europesays.com\/de\/wp-json\/wp\/v2\/posts"}],"about":[{"href":"https:\/\/www.europesays.com\/de\/wp-json\/wp\/v2\/types\/post"}],"author":[{"embeddable":true,"href":"https:\/\/www.europesays.com\/de\/wp-json\/wp\/v2\/users\/2"}],"replies":[{"embeddable":true,"href":"https:\/\/www.europesays.com\/de\/wp-json\/wp\/v2\/comments?post=578269"}],"version-history":[{"count":0,"href":"https:\/\/www.europesays.com\/de\/wp-json\/wp\/v2\/posts\/578269\/revisions"}],"wp:featuredmedia":[{"embeddable":true,"href":"https:\/\/www.europesays.com\/de\/wp-json\/wp\/v2\/media\/578270"}],"wp:attachment":[{"href":"https:\/\/www.europesays.com\/de\/wp-json\/wp\/v2\/media?parent=578269"}],"wp:term":[{"taxonomy":"category","embeddable":true,"href":"https:\/\/www.europesays.com\/de\/wp-json\/wp\/v2\/categories?post=578269"},{"taxonomy":"post_tag","embeddable":true,"href":"https:\/\/www.europesays.com\/de\/wp-json\/wp\/v2\/tags?post=578269"}],"curies":[{"name":"wp","href":"https:\/\/api.w.org\/{rel}","templated":true}]}}