{"id":578292,"date":"2025-11-15T21:02:15","date_gmt":"2025-11-15T21:02:15","guid":{"rendered":"https:\/\/www.europesays.com\/de\/578292\/"},"modified":"2025-11-15T21:02:15","modified_gmt":"2025-11-15T21:02:15","slug":"trump-soll-vor-freunden-mit-affaere-geprahlt-haben","status":"publish","type":"post","link":"https:\/\/www.europesays.com\/de\/578292\/","title":{"rendered":"Trump soll vor Freunden mit Aff\u00e4re geprahlt haben"},"content":{"rendered":"<p>&#8222;Knalle meine Assistentin&#8220; <\/p>\n<p>Trump soll vor Freunden mit Aff\u00e4re geprahlt haben<\/p>\n<p>15.11.2025 &#8211; 21:57 UhrLesedauer: 3 Min.<\/p>\n<p><a href=\"#focus-0\" class=\"transition-colors duration-200 block text-current relative\" data-sctrack=\"FocusGalleryImage.Reference\"><img fetchpriority=\"high\" data-testid=\"Opener.Image\" style=\"--lqipURL:url('https:\/\/images.t-online.de\/2025\/11\/wszoMp0dW5NG\/0x214:2048x1152\/fit-in\/150x0\/filters:blur(25)\/donald-trump-der-us-praesident-kaempft-mit-sinkenden-zustimmungswerten-in-den-usa.jpg')\"   loading=\"eager\" src=\"https:\/\/www.europesays.com\/de\/wp-content\/uploads\/2025\/11\/donald-trump-der-us-praesident-kaempft-mit-sinkenden-zustimmungswerten-in-den-usa.jpg\" alt=\"Donald Trump: Der US-Pr\u00e4sident k\u00e4mpft mit sinkenden Zustimmungswerten in den USA.\" title=\"Donald Trump: Der US-Pr\u00e4sident k\u00e4mpft mit sinkenden Zustimmungswerten in den USA.\" width=\"2048\" height=\"1152\" class=\"bg-[url:var(--lqipURL)] bg-cover bg-center flex h-full w-full max-w-full\" decoding=\"async\"\/><img style=\"--width:32;--height:32\" loading=\"lazy\" src=\"https:\/\/www.t-online.de\/s\/paper\/_next\/static\/media\/zoom-in.f7dae02f.svg\" alt=\"Vergr\u00f6\u00dfern des Bildes\" title=\"Vergr\u00f6\u00dfern des Bildes\" class=\"block h-[calc(var(--height)_\/_16_*_1rem)] w-[calc(var(--width)_\/_16_*_1rem)] max-w-none absolute bottom-8 right-8 rounded-4 bg-snow p-8\" decoding=\"async\"\/><\/a><\/p>\n<p>US-Pr\u00e4sident Donald Trump: Seine fr\u00fchere Assistentin wies die Ger\u00fcchte um eine Aff\u00e4re zur\u00fcck. (Quelle: Kevin Lamarque\/reuters)<\/p>\n<p class=\"font-bold text-18 leading-17\">K\u00fcrzlich ver\u00f6ffentlichte Emails von Sexualstraft\u00e4ter Jeffrey Epstein bringen den US-Pr\u00e4sidenten in Bedr\u00e4ngnis. Hatte Trump eine Aff\u00e4re mit seiner Assistentin?<\/p>\n<p class=\"text-18 leading-17\">In den k\u00fcrzlich ver\u00f6ffentlichten Emails aus dem Nachlass von Sexualstraft\u00e4ter <a class=\"transition-colors duration-200 cursor-pointer text-inherit no-underline text-salemsfur md:hover:text-magenta md:hover:border-magenta md:focus:text-magenta border-current border-b border-solid break-words\" href=\"https:\/\/www.t-online.de\/themen\/jeffrey-epstein\/\" data-sctrack=\"BodyAnchor\" target=\"_blank\" rel=\"noopener\">Jeffrey Epstein<\/a> findet sich eine pikante Behauptung des US-Starjournalisten Michael Wolff, der mehrere Bestseller \u00fcber Pr\u00e4sident <a class=\"transition-colors duration-200 cursor-pointer text-inherit no-underline text-salemsfur md:hover:text-magenta md:hover:border-magenta md:focus:text-magenta border-current border-b border-solid break-words\" href=\"https:\/\/www.t-online.de\/themen\/donald-trump\/\" data-sctrack=\"BodyAnchor\" target=\"_blank\" rel=\"noopener\">Donald Trump<\/a> geschrieben hat. In einer Nachricht aus dem M\u00e4rz 2019 an Epstein schreibt Wolff, dass Trump vor Freunden damit geprahlt habe, eine Aff\u00e4re mit seiner damals 28-j\u00e4hrigen Assistentin Madeleine Westerhout zu haben.<\/p>\n<p class=\"text-18 leading-17\">In der Email an Epstein berichtet Wolff, dass Westerhout Freunden erz\u00e4hlt habe, wie sie Trump in dessen Privatr\u00e4umen im Wei\u00dfen Haus in Unterw\u00e4sche vorgefunden habe, als sie ihm Papiere zur Durchsicht bringen wollte. Als es um die Frage ging, warum Trump im Januar 2019 ein Wochenende lieber im Wei\u00dfen Haus statt wie \u00fcblich auf seinem Anwesen in Mar-a-Lago in <a class=\"transition-colors duration-200 cursor-pointer text-inherit no-underline text-salemsfur md:hover:text-magenta md:hover:border-magenta md:focus:text-magenta border-current border-b border-solid break-words\" href=\"https:\/\/www.t-online.de\/themen\/florida\/\" data-sctrack=\"BodyAnchor\" target=\"_blank\" rel=\"noopener\">Florida<\/a> verbringen wollte, habe er Freunden erkl\u00e4rt: Weil er Madeleine &#8222;knalle&#8220;, zitiert Wolff den damaligen Pr\u00e4sidenten.<\/p>\n<p class=\"text-18 leading-17\">Wolff selbst konnte die angebliche Aussage Trumps offenbar nicht hinreichend belegen. In der Email bittet er Epstein um eine Einsch\u00e4tzung, ob die Angaben glaubhaft seien. Eine Antwort Epsteins findet sich in dem mehr als 20.000 Emails umfassenden Konvolut allerdings nicht. Westerhout selbst wies die Behauptungen gegen\u00fcber dem britischen &#8222;Mirror&#8220; als &#8222;absurd und von der Realit\u00e4t losgel\u00f6st&#8220; zur\u00fcck. Ganz abwegig ist die M\u00f6glichkeit einer Aff\u00e4re aber wohl nicht \u2013 zumindest nicht aus Sicht Trumps.<\/p>\n<p class=\"text-18 leading-17\">Vor ihrer T\u00e4tigkeit als Assistentin im Wei\u00dfen Haus diente Westerhout Trump bereits als Empfangsdame und Aufzugf\u00fchrerin im Trump Tower in <a class=\"transition-colors duration-200 cursor-pointer text-inherit no-underline text-salemsfur md:hover:text-magenta md:hover:border-magenta md:focus:text-magenta border-current border-b border-solid break-words\" href=\"https:\/\/www.t-online.de\/themen\/new-york\/\" data-sctrack=\"BodyAnchor\" target=\"_blank\" rel=\"noopener\">New York<\/a>. Nach seinem Wahlsieg 2015 f\u00fchrte sie Kandidaten f\u00fcr Trumps Kabinett \u00f6ffentlichkeitswirksam zu dessen B\u00fcro \u2013 und erlangte so selbst eine gewisse Bekanntheit. Ende 2016 assistierte Westerhout Trump auch auf dessen Anwesen Mar-a-Lago. Schon zu dieser Zeit soll Trump der 1990 geborenen Westerhout mehrfach hinterhergeschaut und gesagt haben: &#8222;Sie hat so eine Art an sich&#8220;, schreibt Michael Wolff an Jeffrey Epstein. Wolff selbst hat die Episode aber nie ver\u00f6ffentlicht.<\/p>\n<p class=\"text-18 leading-17\">Wolff gilt als intimer Kenner der M\u00e4chtigen in <a class=\"transition-colors duration-200 cursor-pointer text-inherit no-underline text-salemsfur md:hover:text-magenta md:hover:border-magenta md:focus:text-magenta border-current border-b border-solid break-words\" href=\"https:\/\/www.t-online.de\/themen\/washington\/\" data-sctrack=\"BodyAnchor\" target=\"_blank\" rel=\"noopener\">Washington<\/a>. Sein Buch &#8222;Feuer und Zorn: Im Wei\u00dfen Haus von Donald Trump&#8220; warf 2018 ein Schlaglicht auf die chaotischen Verh\u00e4ltnisse in der US-Regierung w\u00e4hrend Trumps erster Amtszeit. Anfang dieses Jahres sprach Wolff im Interview mit t-online \u00fcber sein j\u00fcngstes Werk <a class=\"transition-colors duration-200 cursor-pointer text-inherit no-underline text-salemsfur md:hover:text-magenta md:hover:border-magenta md:focus:text-magenta border-current border-b border-solid break-words\" href=\"https:\/\/www.t-online.de\/nachrichten\/ausland\/usa\/id_100613362\/michael-wolff-ueber-donald-trump-nicht-wie-ein-normaler-mensch-.html\" data-sctrack=\"BodyAnchor\" target=\"_blank\" rel=\"noopener\">&#8222;Alles oder nichts: Donald Trumps R\u00fcckkehr an die Macht&#8220;<\/a>. Darin \u00e4u\u00dferte sich Wolff auch \u00fcber Trumps Ehe mit Melania, die f\u00fcr beide Partner ein &#8222;n\u00fctzliches Arrangement&#8220; sei. &#8222;Und in Trumps Umfeld wei\u00df jeder Bescheid&#8220;, so Wolff.<\/p>\n","protected":false},"excerpt":{"rendered":"&#8222;Knalle meine Assistentin&#8220; Trump soll vor Freunden mit Aff\u00e4re geprahlt haben 15.11.2025 &#8211; 21:57 UhrLesedauer: 3 Min. US-Pr\u00e4sident&hellip;\n","protected":false},"author":2,"featured_media":578293,"comment_status":"","ping_status":"","sticky":false,"template":"","format":"standard","meta":{"footnotes":""},"categories":[3977],"tags":[326,566,331,332,26182,106,6784,13,23542,40138,138943,65199,14,15,12,4017,4018,4016,64,4019,4020],"class_list":{"0":"post-578292","1":"post","2":"type-post","3":"status-publish","4":"format-standard","5":"has-post-thumbnail","7":"category-usa","8":"tag-326","9":"tag-affaere","10":"tag-aktuelle-nachrichten","11":"tag-aktuelle-news","12":"tag-bedraengnis","13":"tag-donald-trump","14":"tag-florida","15":"tag-headlines","16":"tag-jeffrey-epstein","17":"tag-knall","18":"tag-madeleine-westerhout","19":"tag-michael-wolff","20":"tag-nachrichten","21":"tag-news","22":"tag-schlagzeilen","23":"tag-united-states","24":"tag-united-states-of-america","25":"tag-us","26":"tag-usa","27":"tag-vereinigte-staaten","28":"tag-vereinigte-staaten-von-amerika"},"share_on_mastodon":{"url":"https:\/\/pubeurope.com\/@de\/115555739022094528","error":""},"_links":{"self":[{"href":"https:\/\/www.europesays.com\/de\/wp-json\/wp\/v2\/posts\/578292","targetHints":{"allow":["GET"]}}],"collection":[{"href":"https:\/\/www.europesays.com\/de\/wp-json\/wp\/v2\/posts"}],"about":[{"href":"https:\/\/www.europesays.com\/de\/wp-json\/wp\/v2\/types\/post"}],"author":[{"embeddable":true,"href":"https:\/\/www.europesays.com\/de\/wp-json\/wp\/v2\/users\/2"}],"replies":[{"embeddable":true,"href":"https:\/\/www.europesays.com\/de\/wp-json\/wp\/v2\/comments?post=578292"}],"version-history":[{"count":0,"href":"https:\/\/www.europesays.com\/de\/wp-json\/wp\/v2\/posts\/578292\/revisions"}],"wp:featuredmedia":[{"embeddable":true,"href":"https:\/\/www.europesays.com\/de\/wp-json\/wp\/v2\/media\/578293"}],"wp:attachment":[{"href":"https:\/\/www.europesays.com\/de\/wp-json\/wp\/v2\/media?parent=578292"}],"wp:term":[{"taxonomy":"category","embeddable":true,"href":"https:\/\/www.europesays.com\/de\/wp-json\/wp\/v2\/categories?post=578292"},{"taxonomy":"post_tag","embeddable":true,"href":"https:\/\/www.europesays.com\/de\/wp-json\/wp\/v2\/tags?post=578292"}],"curies":[{"name":"wp","href":"https:\/\/api.w.org\/{rel}","templated":true}]}}