{"id":578338,"date":"2025-11-15T21:29:14","date_gmt":"2025-11-15T21:29:14","guid":{"rendered":"https:\/\/www.europesays.com\/de\/578338\/"},"modified":"2025-11-15T21:29:14","modified_gmt":"2025-11-15T21:29:14","slug":"polizei-stellt-gefaehrliche-gegenstaende-sicher","status":"publish","type":"post","link":"https:\/\/www.europesays.com\/de\/578338\/","title":{"rendered":"Polizei stellt gef\u00e4hrliche Gegenst\u00e4nde sicher"},"content":{"rendered":"<p>Schwerpunkteinsatz am Hauptbahnhof <\/p>\n<p>Polizei stellt gef\u00e4hrliche Gegenst\u00e4nde sicher<\/p>\n<p>15.11.2025 &#8211; 21:09 UhrLesedauer: 1 Min.<\/p>\n<p><a href=\"#focus-0\" class=\"transition-colors duration-200 block text-current relative\" data-sctrack=\"FocusGalleryImage.Reference\"><img fetchpriority=\"high\" data-testid=\"Opener.Image\" style=\"--lqipURL:url('https:\/\/images.t-online.de\/2025\/11\/PdUmddoOSNMw\/0x208:4000x2250\/fit-in\/150x0\/filters:blur(25)\/image.jpg')\"   loading=\"eager\" src=\"https:\/\/www.europesays.com\/de\/wp-content\/uploads\/2025\/11\/1763242154_499_image.jpg\" alt=\"imago images 147235186\" title=\"imago images 147235186\" width=\"4000\" height=\"2250\" class=\"bg-[url:var(--lqipURL)] bg-cover bg-center flex h-full w-full max-w-full\" decoding=\"async\"\/><img style=\"--width:32;--height:32\" loading=\"lazy\" src=\"https:\/\/duesseldorf.t-online.de\/s\/paper\/_next\/static\/media\/zoom-in.f7dae02f.svg\" alt=\"Vergr\u00f6\u00dfern des Bildes\" title=\"Vergr\u00f6\u00dfern des Bildes\" class=\"block h-[calc(var(--height)_\/_16_*_1rem)] w-[calc(var(--width)_\/_16_*_1rem)] max-w-none absolute bottom-8 right-8 rounded-4 bg-snow p-8\" decoding=\"async\"\/><\/a><\/p>\n<p>Bundespolizisten am Hauptbahnhof D\u00fcsseldorf (Symbolbild): Am Wochenende finden hier Schwerpunkteins\u00e4tze statt. (Quelle: Michael Gstettenbauer via www.imago-images.de)<\/p>\n<p class=\"font-bold text-18 leading-17\">Am D\u00fcsseldorfer Hauptbahnhof stellt die Bundespolizei gef\u00e4hrliche Gegenst\u00e4nde sicher. Die Ma\u00dfnahme ist Teil eines Schwerpunkteinsatzes.<\/p>\n<p class=\"text-18 leading-17\">Die Bundespolizei hat am Freitagabend am D\u00fcsseldorfer Hauptbahnhof verschiedene gef\u00e4hrliche Gegenst\u00e4nde sichergestellt. Nach Angaben der Polizei fand der Einsatz im Rahmen eines bundesweiten Schwerpunkteinsatzes statt, der auf die hohe Zahl an Gewaltdelikten an Bahnh\u00f6fen reagiert.<\/p>\n<p class=\"text-18 leading-17\">Bei zwei Jugendlichen im Alter von 13 und 14 Jahren seien Feuerwerksk\u00f6rper und ein Tierabwehrspray entdeckt worden. Zudem h\u00e4tten die Beamten bei einem 44-j\u00e4hrigen Mann einen h\u00f6lzernen M\u00f6rser mit breitem, kegelf\u00f6rmigem Ende sichergestellt. Die betroffenen Personen seien \u00fcber die Sicherstellung der Gegenst\u00e4nde informiert worden und es sei ihnen ein Zwangsgeld angedroht worden.<\/p>\n<p class=\"text-18 leading-17\">Der Einsatz sei Teil einer verst\u00e4rkten Pr\u00e4senz der Bundespolizei an Bahnh\u00f6fen, die bis Sonntag andauern w\u00fcrde. Ziel sei es, die Mitf\u00fchrung von Gegenst\u00e4nden zu verhindern, die erhebliche Verletzungen verursachen k\u00f6nnten.<\/p>\n","protected":false},"excerpt":{"rendered":"Schwerpunkteinsatz am Hauptbahnhof Polizei stellt gef\u00e4hrliche Gegenst\u00e4nde sicher 15.11.2025 &#8211; 21:09 UhrLesedauer: 1 Min. Bundespolizisten am Hauptbahnhof D\u00fcsseldorf&hellip;\n","protected":false},"author":2,"featured_media":578339,"comment_status":"","ping_status":"","sticky":false,"template":"","format":"standard","meta":{"footnotes":""},"categories":[1831],"tags":[722,17161,421,3364,29,3405,13049,30,3601,3467,1209,176,121,40277],"class_list":{"0":"post-578338","1":"post","2":"type-post","3":"status-publish","4":"format-standard","5":"has-post-thumbnail","7":"category-duesseldorf","8":"tag-722","9":"tag-17161","10":"tag-bundespolizei","11":"tag-de","12":"tag-deutschland","13":"tag-duesseldorf","14":"tag-duesseldorf-hauptbahnhof","15":"tag-germany","16":"tag-hauptbahnhof","17":"tag-landeshauptstadt","18":"tag-nordrhein-westfalen","19":"tag-nrw","20":"tag-polizei","21":"tag-schwerpunkteinsatz"},"share_on_mastodon":{"url":"https:\/\/pubeurope.com\/@de\/115555845295759907","error":""},"_links":{"self":[{"href":"https:\/\/www.europesays.com\/de\/wp-json\/wp\/v2\/posts\/578338","targetHints":{"allow":["GET"]}}],"collection":[{"href":"https:\/\/www.europesays.com\/de\/wp-json\/wp\/v2\/posts"}],"about":[{"href":"https:\/\/www.europesays.com\/de\/wp-json\/wp\/v2\/types\/post"}],"author":[{"embeddable":true,"href":"https:\/\/www.europesays.com\/de\/wp-json\/wp\/v2\/users\/2"}],"replies":[{"embeddable":true,"href":"https:\/\/www.europesays.com\/de\/wp-json\/wp\/v2\/comments?post=578338"}],"version-history":[{"count":0,"href":"https:\/\/www.europesays.com\/de\/wp-json\/wp\/v2\/posts\/578338\/revisions"}],"wp:featuredmedia":[{"embeddable":true,"href":"https:\/\/www.europesays.com\/de\/wp-json\/wp\/v2\/media\/578339"}],"wp:attachment":[{"href":"https:\/\/www.europesays.com\/de\/wp-json\/wp\/v2\/media?parent=578338"}],"wp:term":[{"taxonomy":"category","embeddable":true,"href":"https:\/\/www.europesays.com\/de\/wp-json\/wp\/v2\/categories?post=578338"},{"taxonomy":"post_tag","embeddable":true,"href":"https:\/\/www.europesays.com\/de\/wp-json\/wp\/v2\/tags?post=578338"}],"curies":[{"name":"wp","href":"https:\/\/api.w.org\/{rel}","templated":true}]}}