{"id":578391,"date":"2025-11-15T22:01:20","date_gmt":"2025-11-15T22:01:20","guid":{"rendered":"https:\/\/www.europesays.com\/de\/578391\/"},"modified":"2025-11-15T22:01:20","modified_gmt":"2025-11-15T22:01:20","slug":"initiativkreis-humanitaet-laedt-zu-gespraechsabend-ueber-geschlechtsidentitaet-ein-hallespektrum-de","status":"publish","type":"post","link":"https:\/\/www.europesays.com\/de\/578391\/","title":{"rendered":"\u201eInitiativkreis Humanit\u00e4t\u201c l\u00e4dt zu Gespr\u00e4chsabend \u00fcber Geschlechtsidentit\u00e4t ein &#8211; HalleSpektrum.de"},"content":{"rendered":"<p>\t<img width=\"1024\" height=\"798\" src=\"https:\/\/www.europesays.com\/de\/wp-content\/uploads\/2025\/11\/androgyn-geschlecht.jpg\" class=\"attachment-1024x1024 size-1024x1024 wp-post-image\" alt=\"\" decoding=\"async\" fetchpriority=\"high\"  \/><\/p>\n<p>\n\t\t\t15. November 2025\t\t<\/p>\n<p>Halle 15. November 2025 \u2013 Der \u201eInitiativkreis Humanit\u00e4t\u201c veranstaltet am 21. November 2025 einen offenen Gespr\u00e4chsabend zum Thema <strong>\u201eDas neue Selbstbestimmungsrecht aus psychologischer Sicht und der Wandel des gesellschaftlichen Miteinanders\u201c<\/strong>. Eingeladen sind alle Interessierten, die sich \u00fcber aktuelle Entwicklungen und Fragen rund um Geschlechtsidentit\u00e4t informieren oder dar\u00fcber austauschen m\u00f6chten.<\/p>\n<p>Initiator <strong>Uwe R\u00f6\u00dfler<\/strong> betont, dass der Kreis als offener, nicht-hierarchischer Freundeskreis organisiert sei. Ziel sei ein respektvoller Austausch ohne verpflichtende Zugeh\u00f6rigkeiten: \u201eUnser Kreis ist ein Ort der Selbstentwicklung und Resonanz, nicht der Hierarchie.\u201c<\/p>\n<p>Der Abend wird von <strong>Frank Bangert<\/strong> moderiert, der als Gespr\u00e4chsleiter durch die Themen und Fragen f\u00fchrt. Diskutiert werden sollen sowohl psychologische Aspekte des neuen Selbstbestimmungsrechts als auch die Auswirkungen auf das gesellschaftliche Zusammenleben.<\/p>\n<p><strong>Termin:<\/strong> 21. November 2025, 19:00 Uhr<br \/><strong>Ort:<\/strong> Rollercaf\u00e9, Universit\u00e4tsring 8, 06108 Halle (Saale)<\/p>\n<p>R\u00fcckfragen und Kontakt:<br \/><strong>Uwe R\u00f6\u00dfler<\/strong><br \/>Tel.: 0179 9348347<br \/>E-Mail: <a>03455231919-0001@t-online.de<\/a><\/p>\n","protected":false},"excerpt":{"rendered":"15. November 2025 Halle 15. November 2025 \u2013 Der \u201eInitiativkreis Humanit\u00e4t\u201c veranstaltet am 21. November 2025 einen offenen&hellip;\n","protected":false},"author":2,"featured_media":578392,"comment_status":"","ping_status":"","sticky":false,"template":"","format":"standard","meta":{"footnotes":""},"categories":[1860],"tags":[3364,29,138956,548,663,3934,30,134866,4062,17332,13,138957,14,15,138958,17331,860,12,68935],"class_list":{"0":"post-578391","1":"post","2":"type-post","3":"status-publish","4":"format-standard","5":"has-post-thumbnail","7":"category-halle-saale","8":"tag-de","9":"tag-deutschland","10":"tag-dialogkultur","11":"tag-eu","12":"tag-europa","13":"tag-europe","14":"tag-germany","15":"tag-geschlechtsidentitaet","16":"tag-halle","17":"tag-halle-saale","18":"tag-headlines","19":"tag-identitaetsentwicklung","20":"tag-nachrichten","21":"tag-news","22":"tag-rechtsreform","23":"tag-saale","24":"tag-sachsen-anhalt","25":"tag-schlagzeilen","26":"tag-soziale-teilhabe"},"share_on_mastodon":{"url":"https:\/\/pubeurope.com\/@de\/115555971576917418","error":""},"_links":{"self":[{"href":"https:\/\/www.europesays.com\/de\/wp-json\/wp\/v2\/posts\/578391","targetHints":{"allow":["GET"]}}],"collection":[{"href":"https:\/\/www.europesays.com\/de\/wp-json\/wp\/v2\/posts"}],"about":[{"href":"https:\/\/www.europesays.com\/de\/wp-json\/wp\/v2\/types\/post"}],"author":[{"embeddable":true,"href":"https:\/\/www.europesays.com\/de\/wp-json\/wp\/v2\/users\/2"}],"replies":[{"embeddable":true,"href":"https:\/\/www.europesays.com\/de\/wp-json\/wp\/v2\/comments?post=578391"}],"version-history":[{"count":0,"href":"https:\/\/www.europesays.com\/de\/wp-json\/wp\/v2\/posts\/578391\/revisions"}],"wp:featuredmedia":[{"embeddable":true,"href":"https:\/\/www.europesays.com\/de\/wp-json\/wp\/v2\/media\/578392"}],"wp:attachment":[{"href":"https:\/\/www.europesays.com\/de\/wp-json\/wp\/v2\/media?parent=578391"}],"wp:term":[{"taxonomy":"category","embeddable":true,"href":"https:\/\/www.europesays.com\/de\/wp-json\/wp\/v2\/categories?post=578391"},{"taxonomy":"post_tag","embeddable":true,"href":"https:\/\/www.europesays.com\/de\/wp-json\/wp\/v2\/tags?post=578391"}],"curies":[{"name":"wp","href":"https:\/\/api.w.org\/{rel}","templated":true}]}}