{"id":578395,"date":"2025-11-15T22:04:22","date_gmt":"2025-11-15T22:04:22","guid":{"rendered":"https:\/\/www.europesays.com\/de\/578395\/"},"modified":"2025-11-15T22:04:22","modified_gmt":"2025-11-15T22:04:22","slug":"stadt-hat-eine-wahl-verdient","status":"publish","type":"post","link":"https:\/\/www.europesays.com\/de\/578395\/","title":{"rendered":"Stadt hat eine Wahl verdient"},"content":{"rendered":"<p class=\"Textstyled__Text-sc-1cqv9mi-0 cLyiiX\">Schwentinental. High Noon, die Sonne steht glei\u00dfend am Firmament, zwei stehen sich gegen\u00fcber. So sehen Duelle in den klassischen Western-Filmen aus. Ein Duell oder eine Auseinandersetzung zwischen noch mehr Bewerbern ist in Schwentinental im Rennen um das B\u00fcrgermeister-Amt derzeit allerdings nicht abzusehen. Gestr\u00fcpp weht durch die Stra\u00dfen der Stadt. Im Hintergrund quietscht die Saloon-T\u00fcr.<\/p>\n<p>Weiterlesen nach der Anzeige<\/p>\n<p>Weiterlesen nach der Anzeige<\/p>\n<p class=\"Textstyled__Text-sc-1cqv9mi-0 cLyiiX\">Dabei st\u00f6\u00dft, wer sich ein bisschen umh\u00f6rt in der <a href=\"https:\/\/www.kn-online.de\/themen\/schwentinental\/\" target=\"_blank\" rel=\"noreferrer nofollow noopener\" title=\"https:\/\/www.kn-online.de\/themen\/schwentinental\/\" data-vars-event-category=\"intext_link\" data-vars-event-action=\"click\" data-vars-event-label=\"https:\/\/www.kn-online.de\/themen\/schwentinental\/\">Schwentinentaler<\/a> Stadtpolitik, schnell auf einen gemeinsamen Nenner: Unterst\u00fctzten bei der vergangenen Wahl noch quasi alle Parteien den heutigen Amtsinhaber Thomas Ha\u00df (parteilos), ist dieser R\u00fcckenwind in der Zwischenzeit abgeflaut.<\/p>\n<p class=\"Textstyled__Text-sc-1cqv9mi-0 cLyiiX\">Aktiv nach Kandidaten suchen offenbar nur FDP und GvO \u2013 doch ohne Erfolg: Ihre Wunschkandidatin Gyde Jensen (FDP) distanziert sich von einer m\u00f6glichen Kandidatur. Zu wenig Unterst\u00fctzung sei der ehemaligen Bundestagsabgeordneten aus der Politik signalisiert worden, sagt sie. Diese Entscheidung ist nachvollziehbar.<\/p>\n<p>Amtsinhaber sitzt fest im Sattel<\/p>\n<p class=\"Textstyled__Text-sc-1cqv9mi-0 cLyiiX\">Als Ortsfremde h\u00e4tte sie die \u00c4rmel hochkrempeln m\u00fcssen, um sich in der Stadt bekannt zu machen. Und das in knapp vier Monaten bis zur Wahl am 8. M\u00e4rz. Und das als FDP-Mitglied. Ihre Partei umgibt seit der vergangenen Bundestagswahl nicht gerade der Nimbus der Gewinnerin. Jensen h\u00e4tte daher ein breites B\u00fcndnis hinter sich gebraucht.<\/p>\n<p>Weiterlesen nach der Anzeige<\/p>\n<p>Weiterlesen nach der Anzeige<\/p>\n<p class=\"Textstyled__Text-sc-1cqv9mi-0 cLyiiX\">Noch ein Faktor kommt hinzu: B\u00fcrgermeister Ha\u00df sitzt als Amtsinhaber fest im Sattel. <a href=\"https:\/\/www.kn-online.de\/lokales\/ploen\/thomas-hass-ist-neuer-buergermeister-JLIZWD3QJSOKUOVOOT4HWEXN7I.html\" target=\"_blank\" rel=\"noreferrer nofollow noopener\" title=\"https:\/\/www.kn-online.de\/lokales\/ploen\/thomas-hass-ist-neuer-buergermeister-JLIZWD3QJSOKUOVOOT4HWEXN7I.html\" data-vars-event-category=\"intext_link\" data-vars-event-action=\"click\" data-vars-event-label=\"https:\/\/www.kn-online.de\/lokales\/ploen\/thomas-hass-ist-neuer-buergermeister-JLIZWD3QJSOKUOVOOT4HWEXN7I.html\">57,3 Prozent der 3159 W\u00e4hler hoben ihn 2020 mit ihrer Stimme ins Amt.<\/a> Er ist in die Themen eingearbeitet, die in der Stadt auf dem Tableau liegen: der Neubau des Bauhofs, die Sanierung und der Neubau von Kitas und Schulen sowie die bedr\u00fcckende Haushaltslage, um nur einige zu nennen.<\/p>\n<p class=\"Textstyled__Text-sc-1cqv9mi-0 cLyiiX\">Selbst wenn alle Parteien und Fraktionen mit Ha\u00df einverstanden w\u00e4ren, st\u00fcnde es einer lebendigen Demokratie gut zu Gesicht, ihren B\u00fcrgerinnen und B\u00fcrgern eine Wahl zu geben. Die Wahl ist schlie\u00dflich die wichtigste Art, auf die die B\u00fcrger ihren politischen Willen zum Ausdruck bringen k\u00f6nnen. Einen politischen Willen, an dessen Bildung die Parteien mitzuwirken haben \u2013 auch \u00fcber das Aufstellen von Kandidaten.<\/p>\n<p class=\"Textstyled__Text-sc-1cqv9mi-0 cLyiiX\">Immerhin: FDP und GvO hatten mit Jensen einen Vorschlag unterbreitet. Gr\u00fcne und SPD aber scheinen keinen Drang zur Eile zu sehen, zudem behalten sich die beiden Parteien vor, den Amtsinhaber zu unterst\u00fctzen. Die SWG wartet auf Vorschl\u00e4ge von anderen.<\/p>\n<p>Wer zuckt zuerst?<\/p>\n<p class=\"Textstyled__Text-sc-1cqv9mi-0 cLyiiX\">Hinter den Kulissen wird viel gesprochen. Doch wie im Western scheint es auch hier zu hei\u00dfen: Wer zuckt zuerst? Die Zeit dr\u00e4ngt. Am 12. Januar verstreicht die Frist, um Vorschl\u00e4ge f\u00fcr die Wahl einzureichen. Das ist in rund zwei Monaten.<\/p>\n<p>Weiterlesen nach der Anzeige<\/p>\n<p>Weiterlesen nach der Anzeige<\/p>\n<p class=\"Textstyled__Text-sc-1cqv9mi-0 cLyiiX\">Alle Augen ruhen jetzt auf der CDU, die zu den lautst\u00e4rksten Kritikern des B\u00fcrgermeisters geh\u00f6rt \u2013 und die st\u00e4rkste Fraktion in der Stadtvertretung bildet. Doch auch in der Union hei\u00dft es: Still ruht der See.<\/p>\n<p class=\"Textstyled__Text-sc-1cqv9mi-0 cLyiiX\">Und wenn sich niemand finden l\u00e4sst? Das w\u00e4re zweifellos legitim, auch das sieht unsere Demokratie vor. Doch die B\u00fcrgerinnen und B\u00fcrger haben eine echte Wahl verdient. Dann w\u00fcrde es spannend in Schwentinental \u2013 ein bisschen, wie im Western.<\/p>\n<p class=\"Editorialstyled__Editorial-sc-1bfvh9l-0 cSmjnJ\">KN<\/p>\n","protected":false},"excerpt":{"rendered":"Schwentinental. High Noon, die Sonne steht glei\u00dfend am Firmament, zwei stehen sich gegen\u00fcber. So sehen Duelle in den&hellip;\n","protected":false},"author":2,"featured_media":578396,"comment_status":"","ping_status":"","sticky":false,"template":"","format":"standard","meta":{"footnotes":""},"categories":[1852],"tags":[3364,29,548,663,3934,30,13,4949,14,15,12,1971],"class_list":{"0":"post-578395","1":"post","2":"type-post","3":"status-publish","4":"format-standard","5":"has-post-thumbnail","7":"category-kiel","8":"tag-de","9":"tag-deutschland","10":"tag-eu","11":"tag-europa","12":"tag-europe","13":"tag-germany","14":"tag-headlines","15":"tag-kiel","16":"tag-nachrichten","17":"tag-news","18":"tag-schlagzeilen","19":"tag-schleswig-holstein"},"share_on_mastodon":{"url":"https:\/\/pubeurope.com\/@de\/115555982662184584","error":""},"_links":{"self":[{"href":"https:\/\/www.europesays.com\/de\/wp-json\/wp\/v2\/posts\/578395","targetHints":{"allow":["GET"]}}],"collection":[{"href":"https:\/\/www.europesays.com\/de\/wp-json\/wp\/v2\/posts"}],"about":[{"href":"https:\/\/www.europesays.com\/de\/wp-json\/wp\/v2\/types\/post"}],"author":[{"embeddable":true,"href":"https:\/\/www.europesays.com\/de\/wp-json\/wp\/v2\/users\/2"}],"replies":[{"embeddable":true,"href":"https:\/\/www.europesays.com\/de\/wp-json\/wp\/v2\/comments?post=578395"}],"version-history":[{"count":0,"href":"https:\/\/www.europesays.com\/de\/wp-json\/wp\/v2\/posts\/578395\/revisions"}],"wp:featuredmedia":[{"embeddable":true,"href":"https:\/\/www.europesays.com\/de\/wp-json\/wp\/v2\/media\/578396"}],"wp:attachment":[{"href":"https:\/\/www.europesays.com\/de\/wp-json\/wp\/v2\/media?parent=578395"}],"wp:term":[{"taxonomy":"category","embeddable":true,"href":"https:\/\/www.europesays.com\/de\/wp-json\/wp\/v2\/categories?post=578395"},{"taxonomy":"post_tag","embeddable":true,"href":"https:\/\/www.europesays.com\/de\/wp-json\/wp\/v2\/tags?post=578395"}],"curies":[{"name":"wp","href":"https:\/\/api.w.org\/{rel}","templated":true}]}}