{"id":578407,"date":"2025-11-15T22:11:19","date_gmt":"2025-11-15T22:11:19","guid":{"rendered":"https:\/\/www.europesays.com\/de\/578407\/"},"modified":"2025-11-15T22:11:19","modified_gmt":"2025-11-15T22:11:19","slug":"29-november-tag-der-offenen-tuer-am-cbg-ludwigshafen","status":"publish","type":"post","link":"https:\/\/www.europesays.com\/de\/578407\/","title":{"rendered":"29. November: Tag der offenen T\u00fcr am CBG &#8211; Ludwigshafen"},"content":{"rendered":"<p>Das Carl-Bosch-Gymnasium (CBG) in der Innenstadt l\u00e4dt f\u00fcr  Samstag, 29. November, 8.30 bis 12.30 Uhr, Jaegerstra\u00dfe 9, zum Tag der offenen T\u00fcr ein. Einf\u00fchrungsvortr\u00e4ge sind um 9.15 und 11.15 Uhr (Turnhalle). Zudem gibt es F\u00fchrungen durchs Haus und Aktionen der Sch\u00fcler. Lehrer, Elternvertreter und der Verein der Freunde sind vor Ort und stehen f\u00fcr Gespr\u00e4che und Ausk\u00fcnfte bereit. Der Schulelternbeirat erwartet G\u00e4ste in der Mensa, wo es Kaffee und Kuchen gibt. Die Oberstufe bietet  Getr\u00e4nke an.<\/p>\n<p> F\u00fcr Zehntkl\u00e4ssler besteht die M\u00f6glichkeit, sich bei beim Oberstufenleiter \u00fcber einen \u00dcbertritt in die gymnasiale Oberstufe zu informieren. Das CBG ist zentral mit dem Nahverkehr  erreichbar. Parkm\u00f6glichkeiten gibt es am Pfalzbau, dem Parkhaus B\u00fcrgermeister-Gr\u00fcnzweigstra\u00dfe und dem Felix Bowlingcenter. Mehr Infos gibt\u2019s im Netz unter <a href=\"https:\/\/www.cbglu.de\" target=\"_blank\" class=\"external-link-new-window\" title=\"\" rel=\"nofollow noopener\">www.cbglu.de<\/a>.<\/p>\n","protected":false},"excerpt":{"rendered":"Das Carl-Bosch-Gymnasium (CBG) in der Innenstadt l\u00e4dt f\u00fcr Samstag, 29. November, 8.30 bis 12.30 Uhr, Jaegerstra\u00dfe 9, zum&hellip;\n","protected":false},"author":2,"featured_media":578408,"comment_status":"","ping_status":"","sticky":false,"template":"","format":"standard","meta":{"footnotes":""},"categories":[1845],"tags":[1634,3364,29,548,663,3934,30,13,67182,4060,2096,14,15,12],"class_list":{"0":"post-578407","1":"post","2":"type-post","3":"status-publish","4":"format-standard","5":"has-post-thumbnail","7":"category-mannheim","8":"tag-baden-wuerttemberg","9":"tag-de","10":"tag-deutschland","11":"tag-eu","12":"tag-europa","13":"tag-europe","14":"tag-germany","15":"tag-headlines","16":"tag-jaegerstrasse","17":"tag-lokal","18":"tag-mannheim","19":"tag-nachrichten","20":"tag-news","21":"tag-schlagzeilen"},"share_on_mastodon":{"url":"https:\/\/pubeurope.com\/@de\/115556010269012304","error":""},"_links":{"self":[{"href":"https:\/\/www.europesays.com\/de\/wp-json\/wp\/v2\/posts\/578407","targetHints":{"allow":["GET"]}}],"collection":[{"href":"https:\/\/www.europesays.com\/de\/wp-json\/wp\/v2\/posts"}],"about":[{"href":"https:\/\/www.europesays.com\/de\/wp-json\/wp\/v2\/types\/post"}],"author":[{"embeddable":true,"href":"https:\/\/www.europesays.com\/de\/wp-json\/wp\/v2\/users\/2"}],"replies":[{"embeddable":true,"href":"https:\/\/www.europesays.com\/de\/wp-json\/wp\/v2\/comments?post=578407"}],"version-history":[{"count":0,"href":"https:\/\/www.europesays.com\/de\/wp-json\/wp\/v2\/posts\/578407\/revisions"}],"wp:featuredmedia":[{"embeddable":true,"href":"https:\/\/www.europesays.com\/de\/wp-json\/wp\/v2\/media\/578408"}],"wp:attachment":[{"href":"https:\/\/www.europesays.com\/de\/wp-json\/wp\/v2\/media?parent=578407"}],"wp:term":[{"taxonomy":"category","embeddable":true,"href":"https:\/\/www.europesays.com\/de\/wp-json\/wp\/v2\/categories?post=578407"},{"taxonomy":"post_tag","embeddable":true,"href":"https:\/\/www.europesays.com\/de\/wp-json\/wp\/v2\/tags?post=578407"}],"curies":[{"name":"wp","href":"https:\/\/api.w.org\/{rel}","templated":true}]}}