{"id":578473,"date":"2025-11-15T23:00:46","date_gmt":"2025-11-15T23:00:46","guid":{"rendered":"https:\/\/www.europesays.com\/de\/578473\/"},"modified":"2025-11-15T23:00:46","modified_gmt":"2025-11-15T23:00:46","slug":"duesseldorf-rheinkniebruecke-gesperrt-das-sind-die-auswirkungen","status":"publish","type":"post","link":"https:\/\/www.europesays.com\/de\/578473\/","title":{"rendered":"D\u00fcsseldorf: Rheinkniebr\u00fccke gesperrt &#8211; das sind die Auswirkungen"},"content":{"rendered":"<p class=\"richtext text-em-55 !leading-serif mx-6 desktop:mx-0\">Tendenziell fahren am Morgen nat\u00fcrlich mehr Besucher von au\u00dferhalb in die Stadt hinein, sodass sich Sperrung am Nachmittag und fr\u00fchen Abend deutlich st\u00e4rker auswirken k\u00f6nnte, wenn sich die Besucher auf den Heimweg machen. Doch am sp\u00e4ten Nachmittag sind auf den beiden Portalen noch keine Verkehrsst\u00f6rungen im Zusammenhang mit der Sperrung zu sehen. Das best\u00e4tigt gegen 17.30 Uhr auch ein Sprecher der <a href=\"https:\/\/rp-online.de\/thema\/polizei\/\" target=\"_blank\" rel=\"noopener\">Polizei<\/a>. Die Br\u00fccke ist auch am Sonntag noch gesperrt.<\/p>\n","protected":false},"excerpt":{"rendered":"Tendenziell fahren am Morgen nat\u00fcrlich mehr Besucher von au\u00dferhalb in die Stadt hinein, sodass sich Sperrung am Nachmittag&hellip;\n","protected":false},"author":2,"featured_media":578474,"comment_status":"","ping_status":"","sticky":false,"template":"","format":"standard","meta":{"footnotes":""},"categories":[1831],"tags":[34924,41283,600,91118,3364,29,3405,30,5783,2065,124272,1209,92643,35918,82776,20213,54507],"class_list":{"0":"post-578473","1":"post","2":"type-post","3":"status-publish","4":"format-standard","5":"has-post-thumbnail","7":"category-duesseldorf","8":"tag-auswirkungen","9":"tag-brueck","10":"tag-bruecke","11":"tag-brueckenseite","12":"tag-de","13":"tag-deutschland","14":"tag-duesseldorf","15":"tag-germany","16":"tag-gesperrt","17":"tag-innenstadt","18":"tag-kniebruecke","19":"tag-nordrhein-westfalen","20":"tag-notwendig","21":"tag-rheinkniebruecke","22":"tag-samstagmorgen","23":"tag-staus","24":"tag-wartungsarbeiten"},"share_on_mastodon":{"url":"https:\/\/pubeurope.com\/@de\/115556202773827907","error":""},"_links":{"self":[{"href":"https:\/\/www.europesays.com\/de\/wp-json\/wp\/v2\/posts\/578473","targetHints":{"allow":["GET"]}}],"collection":[{"href":"https:\/\/www.europesays.com\/de\/wp-json\/wp\/v2\/posts"}],"about":[{"href":"https:\/\/www.europesays.com\/de\/wp-json\/wp\/v2\/types\/post"}],"author":[{"embeddable":true,"href":"https:\/\/www.europesays.com\/de\/wp-json\/wp\/v2\/users\/2"}],"replies":[{"embeddable":true,"href":"https:\/\/www.europesays.com\/de\/wp-json\/wp\/v2\/comments?post=578473"}],"version-history":[{"count":0,"href":"https:\/\/www.europesays.com\/de\/wp-json\/wp\/v2\/posts\/578473\/revisions"}],"wp:featuredmedia":[{"embeddable":true,"href":"https:\/\/www.europesays.com\/de\/wp-json\/wp\/v2\/media\/578474"}],"wp:attachment":[{"href":"https:\/\/www.europesays.com\/de\/wp-json\/wp\/v2\/media?parent=578473"}],"wp:term":[{"taxonomy":"category","embeddable":true,"href":"https:\/\/www.europesays.com\/de\/wp-json\/wp\/v2\/categories?post=578473"},{"taxonomy":"post_tag","embeddable":true,"href":"https:\/\/www.europesays.com\/de\/wp-json\/wp\/v2\/tags?post=578473"}],"curies":[{"name":"wp","href":"https:\/\/api.w.org\/{rel}","templated":true}]}}