{"id":57854,"date":"2025-04-24T16:27:10","date_gmt":"2025-04-24T16:27:10","guid":{"rendered":"https:\/\/www.europesays.com\/de\/57854\/"},"modified":"2025-04-24T16:27:10","modified_gmt":"2025-04-24T16:27:10","slug":"starkregen-am-donnerstag-und-freitag-in-thueringen","status":"publish","type":"post","link":"https:\/\/www.europesays.com\/de\/57854\/","title":{"rendered":"Starkregen am Donnerstag und Freitag in Th\u00fcringen"},"content":{"rendered":"<p class=\"text\">\nDer <a href=\"https:\/\/www.dwd.de\/DE\/Home\/home_node.html\" title=\"Deutscher Wetterdienst (DWD)\" data-ctrl-link=\"{&#039;id&#039;: &#039;7ac6cc94-39f1-4556-95d0-2f879efcf99f&#039;,&#039;type&#039;:&#039;external&#039;,&#039;window&#039;:{&#039;type&#039;:&#039;empty&#039;,&#039;config&#039;:{&#039;title&#039;:&#039;Deutscher Wetterdienst (DWD)&#039;,&#039;top&#039;:&#039;0&#039;,&#039;left&#039;:&#039;0&#039;,&#039;width&#039;:&#039;0&#039;,&#039;height&#039;:&#039;0&#039;,&#039;status&#039;:&#039;0&#039;,&#039;menubar&#039;:&#039;0&#039;,&#039;location&#039;:&#039;0&#039;,&#039;scroll&#039;:&#039;0&#039;,&#039;toolbar&#039;:&#039;0&#039;,&#039;resizable&#039;:&#039;0&#039;}}}\" target=\"_blank\" rel=\"noopener\">Deutsche Wetterdienst (DWD)<\/a> hat am Donnerstag und am Freitag vor Dauerregen in Th\u00fcringen gewarnt. Erwartet werden nach mehreren Wochen <a href=\"https:\/\/www.mdr.de\/nachrichten\/thueringen\/regen-weniger-maerz-vergleich-wetter-100.html\" title=\"Bis zu 80 Prozent weniger Regen im M\u00e4rz in Th\u00fcringen\" target=\"_blank\" rel=\"noopener\">teils ohne Regen<\/a> bis zu 50 Liter Niederschlag pro Quadratmeter. Vor allem im Westen und S\u00fcden muss mit Starkregen gerechnet werden. Im S\u00fcden regnet es bereits seit dem Morgen. Verantwortlich daf\u00fcr ist eine Tiefdruckrinne namens &#8222;G\u00fcnter&#8220;. Erst am Freitag soll sich das Wetter wieder beruhigen.\n<\/p>\n<p>Mehrere Stra\u00dfen im Harz \u00fcberflutet<\/p>\n<p class=\"text\">\nIm Harz sind bei einem Unwetter am Mittwochnachmittag mehrere Stra\u00dfen von Schlammmassen \u00fcberflutet worden. Au\u00dferdem liefen durch den starken Regen zahlreiche Keller in den Ortschaften in Sachsen-Anhalt rund um Osterwieck und in der Gemeinde Huy voll.\u00a0 Rund 450 Mal musste die Feuerwehr im n\u00f6rdlichen Harz <a href=\"https:\/\/www.mdr.de\/nachrichten\/sachsen-anhalt\/magdeburg\/harz\/unwetter-schaeden-108.html\" title=\"Feuerwehr r\u00fcckt 450 Mal nach Unwetter aus: Aufr\u00e4umarbeiten nach Starkregen im Harz abgeschlossen\" target=\"_blank\" rel=\"noopener\">am Mittwochabend nach einem Unwetter ausr\u00fccken.\u00a0<\/a><\/p>\n","protected":false},"excerpt":{"rendered":"Der Deutsche Wetterdienst (DWD) hat am Donnerstag und am Freitag vor Dauerregen in Th\u00fcringen gewarnt. Erwartet werden nach&hellip;\n","protected":false},"author":2,"featured_media":57855,"comment_status":"","ping_status":"","sticky":false,"template":"","format":"standard","meta":{"footnotes":""},"categories":[2],"tags":[950,29,30,13,81,14,15,10328,12,16051,861,10,8,9,11,1973],"class_list":{"0":"post-57854","1":"post","2":"type-post","3":"status-publish","4":"format-standard","5":"has-post-thumbnail","7":"category-deutschland","8":"tag-deutscher-wetterdienst","9":"tag-deutschland","10":"tag-germany","11":"tag-headlines","12":"tag-mdr","13":"tag-nachrichten","14":"tag-news","15":"tag-regen","16":"tag-schlagzeilen","17":"tag-starkregen","18":"tag-thueringen","19":"tag-top-news","20":"tag-top-meldungen","21":"tag-topmeldungen","22":"tag-topnews","23":"tag-wetter"},"share_on_mastodon":{"url":"https:\/\/pubeurope.com\/@de\/114393884051295711","error":""},"_links":{"self":[{"href":"https:\/\/www.europesays.com\/de\/wp-json\/wp\/v2\/posts\/57854","targetHints":{"allow":["GET"]}}],"collection":[{"href":"https:\/\/www.europesays.com\/de\/wp-json\/wp\/v2\/posts"}],"about":[{"href":"https:\/\/www.europesays.com\/de\/wp-json\/wp\/v2\/types\/post"}],"author":[{"embeddable":true,"href":"https:\/\/www.europesays.com\/de\/wp-json\/wp\/v2\/users\/2"}],"replies":[{"embeddable":true,"href":"https:\/\/www.europesays.com\/de\/wp-json\/wp\/v2\/comments?post=57854"}],"version-history":[{"count":0,"href":"https:\/\/www.europesays.com\/de\/wp-json\/wp\/v2\/posts\/57854\/revisions"}],"wp:featuredmedia":[{"embeddable":true,"href":"https:\/\/www.europesays.com\/de\/wp-json\/wp\/v2\/media\/57855"}],"wp:attachment":[{"href":"https:\/\/www.europesays.com\/de\/wp-json\/wp\/v2\/media?parent=57854"}],"wp:term":[{"taxonomy":"category","embeddable":true,"href":"https:\/\/www.europesays.com\/de\/wp-json\/wp\/v2\/categories?post=57854"},{"taxonomy":"post_tag","embeddable":true,"href":"https:\/\/www.europesays.com\/de\/wp-json\/wp\/v2\/tags?post=57854"}],"curies":[{"name":"wp","href":"https:\/\/api.w.org\/{rel}","templated":true}]}}