{"id":578662,"date":"2025-11-16T01:02:11","date_gmt":"2025-11-16T01:02:11","guid":{"rendered":"https:\/\/www.europesays.com\/de\/578662\/"},"modified":"2025-11-16T01:02:11","modified_gmt":"2025-11-16T01:02:11","slug":"deutschlands-staedte-setzen-auf-praevention","status":"publish","type":"post","link":"https:\/\/www.europesays.com\/de\/578662\/","title":{"rendered":"Deutschlands St\u00e4dte setzen auf Pr\u00e4vention"},"content":{"rendered":"<p>Lokale Initiativen setzen auf interaktive Demenz-Parcours und Aufkl\u00e4rung, um bis zu 40 Prozent der Erkrankungen durch beeinflussbare Risikofaktoren zu verhindern.<\/p>\n<p><strong>Rund 1,8 Millionen Deutsche leben mit Demenz \u2013 doch bis zu 40 Prozent aller F\u00e4lle lie\u00dfen sich verhindern.<\/strong> Lokale Initiativen gehen jetzt neue Wege: Mit interaktiven Parcours und Info-Events bringen sie das Thema direkt zu den Menschen. Das Ziel: Ber\u00fchrungs\u00e4ngste abbauen und Wissen vermitteln, das Leben ver\u00e4ndern kann.<\/p>\n<p>Von den \u201cWochen der Demenz\u201d bis zu lokalen Infotagen \u2013 \u00fcberall im Land zeigt sich ein Umdenken. Pr\u00e4vention findet nicht mehr nur in Arztpraxen statt, sondern dort, wo Menschen leben und arbeiten. Besonders wirksam: Formate, die das Unsichtbare sichtbar machen.<\/p>\n<p>Erleben statt nur Zuh\u00f6ren<\/p>\n<p>Der Demenz-Parcours macht Betroffenheit greifbar. An Stationen wie \u201cAnziehen\u201d oder \u201cAbendessen vorbereiten\u201d erleben Teilnehmende am eigenen Leib, wie sich kognitive Einschr\u00e4nkungen anf\u00fchlen. Spezielle Brillen simulieren Sehst\u00f6rungen, Handschuhe erschweren die Motorik \u2013 pl\u00f6tzlich wird eine Tasse Kaffee zur Herausforderung.<\/p>\n<p>St\u00e4dte wie Bredenbeck und Gro\u00dfostheim setzen auf den \u201cHands-on Dementia\u201d-Parcours. Alzheimer-Gesellschaften und Mehrgenerationenh\u00e4user bieten ihn kostenfrei an. Die Resonanz \u00fcbertrifft alle Erwartungen: Angeh\u00f6rige, Pflegekr\u00e4fte und Neugierige kehren mit neuem Verst\u00e4ndnis nach Hause zur\u00fcck.<\/p>\n<p>Anzeige<\/p>\n<p>Vergessen Sie \u00f6fter Namen oder Termine? Wer fr\u00fch an der mentalen Fitness arbeitet, kann sein Demenz\u2011Risiko aktiv senken. Der kostenlose PDF\u2011Report \u201eGehirntraining leicht gemacht\u201c liefert 7 evidenzbasierte Geheimnisse, 11 alltagstaugliche \u00dcbungen und einen kurzen Selbsttest, die Sie sofort in Ihren Alltag integrieren k\u00f6nnen \u2013 ohne teure Kurse, direkt per E\u2011Mail. Tun Sie jetzt etwas f\u00fcr Ihr Ged\u00e4chtnis. <strong><a href=\"https:\/\/info.gesundheitswissen-aktuell.de\/gehirntraining-leicht-gemacht\/?af=KOOP_G_TG_DNV_YES_GEHIRNTRAINING-LEICHT-GEMACHT_X-CWAHN-BGPID_676653\" rel=\"noopener nofollow\" style=\"color: #337ab7 !important; font-weight: bold; text-decoration: underline;\" target=\"_blank\">Jetzt kostenlosen Report \u2018Gehirntraining\u2019 anfordern<\/a><\/strong><\/p>\n<p>Zw\u00f6lf Faktoren, die jeder kennen sollte<\/p>\n<p>Was sch\u00fctzt vor Demenz? Die \u201cLancet Commission\u201d hat zw\u00f6lf Risikofaktoren identifiziert, die zusammen <strong>40 Prozent aller Erkrankungen<\/strong> erkl\u00e4ren. Die gute Nachricht: Alle lassen sich beeinflussen.<\/p>\n<p><strong>Die gr\u00f6\u00dften Risiken im \u00dcberblick:<\/strong><br \/>* Niedriges Bildungsniveau in jungen Jahren<br \/>* Unbehandelter Bluthochdruck im mittleren Alter<br \/>* H\u00f6rverlust und fehlende Behandlung<br \/>* Rauchen und \u00fcberm\u00e4\u00dfiger Alkoholkonsum<br \/>* Soziale Isolation und Einsamkeit<br \/>* Depression und Bewegungsmangel<\/p>\n<p>Lokale Events \u00fcbersetzen diese Erkenntnisse in Alltagssprache. Workshops zu gesunder Ern\u00e4hrung, Vortr\u00e4ge \u00fcber die Kraft sozialer Kontakte \u2013 das Spektrum reicht weit. Und die Botschaft kommt an: Pr\u00e4vention beginnt nicht mit 70, sondern heute.<\/p>\n<p>500 Allianzen f\u00fcr ein demenzfreundliches Deutschland<\/p>\n<p>Hinter den Veranstaltungen stehen starke Netzwerke. Das Bundesprogramm \u201cLokale Allianzen f\u00fcr Menschen mit Demenz\u201d hat \u00fcber <strong>500 Netzwerke<\/strong> gef\u00f6rdert. Kommunen, Vereine, Pflegedienste und Ehrenamtliche b\u00fcndeln ihre Kr\u00e4fte.<\/p>\n<p>\u201cDas Bewusstsein hat sich deutlich verbessert\u201d, sagt Ute Hauser, Gesch\u00e4ftsf\u00fchrerin der Alzheimer Gesellschaft Baden-W\u00fcrttemberg. \u201cAber die Sensibilisierung in den Quartieren bleibt unsere zentrale Aufgabe.\u201d Die Zusammenarbeit zeigt Wirkung: Nachbarschaften werden aufmerksamer, Betroffene erfahren mehr Unterst\u00fctzung.<\/p>\n<p>Vom Schicksal zur Gestaltungsaufgabe<\/p>\n<p>Ein Paradigmenwechsel vollzieht sich. Demenz gilt nicht l\u00e4nger als unabwendbar. Studien belegen: Ein aktiver Lebensstil senkt das Risiko erheblich. Die Deutsche Alzheimer Gesellschaft setzt wissenschaftliche Erkenntnisse in praktische Aufkl\u00e4rung um.<\/p>\n<p>Experten betonen die Eigenverantwortung \u2013 ohne Politik und Gesellschaft aus der Pflicht zu nehmen. Pr\u00e4vention startet mit guter Bildung in der Jugend und begleitet Menschen durchs ganze Leben. Die lokalen Events verankern dieses Wissen nachhaltig und schaffen eine Kultur der Vorsorge.<\/p>\n<p>Digital trifft analog<\/p>\n<p>Die Zukunft der Pr\u00e4vention ist hybrid. Online-Vortr\u00e4ge und digitale Fachtage erh\u00f6hen die Reichweite, pers\u00f6nliche Parcours schaffen Erlebbarkeit. Parallel forscht die Wissenschaft an Bluttests zur Fr\u00fcherkennung und untersucht genetische Faktoren.<\/p>\n<p>F\u00fcr lokale Initiativen bedeutet das: Am Ball bleiben. Neue Erkenntnisse m\u00fcssen schnell in Programme einflie\u00dfen. Die Vernetzung von Forschung, Gesundheitswesen und Kommunen wird entscheidend sein. Denn jede verhinderte Neuerkrankung ist ein Gewinn \u2013 f\u00fcr Betroffene, Angeh\u00f6rige und die Gesellschaft.<\/p>\n<p>Anzeige<\/p>\n<p>PS: Mentale Fitness ab heute \u2013 7 Geheimnisse, die Ihren Alltag sch\u00e4rfer machen. Der Gratis\u2011PDF\u2011Guide erkl\u00e4rt kurze, 2\u2011 bis 3\u2011min\u00fctige \u00dcbungen, gibt praktische Ern\u00e4hrungs\u2011Tipps und enth\u00e4lt einen einfachen Selbsttest, mit dem Sie Ihre kognitive Leistungsf\u00e4higkeit pr\u00fcfen k\u00f6nnen. Besonders geeignet f\u00fcr Menschen ab 50 und Angeh\u00f6rige, die pr\u00e4ventiv handeln m\u00f6chten. Holen Sie sich den sofortigen Download per E\u2011Mail und starten Sie mit leichten, wirksamen Routinen. <strong><a href=\"https:\/\/info.gesundheitswissen-aktuell.de\/gehirntraining-leicht-gemacht\/?af=KOOP_G_TG_DNV_YES_GEHIRNTRAINING-LEICHT-GEMACHT_X-CWAHN-BGPID_676653\" rel=\"noopener nofollow\" style=\"color: #337ab7 !important; font-weight: bold; text-decoration: underline;\" target=\"_blank\">Gratis\u2011PDF \u2018Gehirntraining leicht gemacht\u2019 herunterladen<\/a><\/strong><\/p>\n","protected":false},"excerpt":{"rendered":"Lokale Initiativen setzen auf interaktive Demenz-Parcours und Aufkl\u00e4rung, um bis zu 40 Prozent der Erkrankungen durch beeinflussbare Risikofaktoren&hellip;\n","protected":false},"author":2,"featured_media":578663,"comment_status":"","ping_status":"","sticky":false,"template":"","format":"standard","meta":{"footnotes":""},"categories":[137],"tags":[18061,114873,29,22244,35730,30,141,232,77046,33483,435,47073,9182],"class_list":{"0":"post-578662","1":"post","2":"type-post","3":"status-publish","4":"format-standard","5":"has-post-thumbnail","7":"category-gesundheit","8":"tag-aufklaerung","9":"tag-demenz-parcours","10":"tag-deutschland","11":"tag-deutschlands","12":"tag-erkrankungen","13":"tag-germany","14":"tag-gesundheit","15":"tag-health","16":"tag-initiativen","17":"tag-lokale","18":"tag-praevention","19":"tag-risikofaktoren","20":"tag-staedte"},"share_on_mastodon":{"url":"https:\/\/pubeurope.com\/@de\/115556682815505044","error":""},"_links":{"self":[{"href":"https:\/\/www.europesays.com\/de\/wp-json\/wp\/v2\/posts\/578662","targetHints":{"allow":["GET"]}}],"collection":[{"href":"https:\/\/www.europesays.com\/de\/wp-json\/wp\/v2\/posts"}],"about":[{"href":"https:\/\/www.europesays.com\/de\/wp-json\/wp\/v2\/types\/post"}],"author":[{"embeddable":true,"href":"https:\/\/www.europesays.com\/de\/wp-json\/wp\/v2\/users\/2"}],"replies":[{"embeddable":true,"href":"https:\/\/www.europesays.com\/de\/wp-json\/wp\/v2\/comments?post=578662"}],"version-history":[{"count":0,"href":"https:\/\/www.europesays.com\/de\/wp-json\/wp\/v2\/posts\/578662\/revisions"}],"wp:featuredmedia":[{"embeddable":true,"href":"https:\/\/www.europesays.com\/de\/wp-json\/wp\/v2\/media\/578663"}],"wp:attachment":[{"href":"https:\/\/www.europesays.com\/de\/wp-json\/wp\/v2\/media?parent=578662"}],"wp:term":[{"taxonomy":"category","embeddable":true,"href":"https:\/\/www.europesays.com\/de\/wp-json\/wp\/v2\/categories?post=578662"},{"taxonomy":"post_tag","embeddable":true,"href":"https:\/\/www.europesays.com\/de\/wp-json\/wp\/v2\/tags?post=578662"}],"curies":[{"name":"wp","href":"https:\/\/api.w.org\/{rel}","templated":true}]}}