{"id":578690,"date":"2025-11-16T01:20:17","date_gmt":"2025-11-16T01:20:17","guid":{"rendered":"https:\/\/www.europesays.com\/de\/578690\/"},"modified":"2025-11-16T01:20:17","modified_gmt":"2025-11-16T01:20:17","slug":"kretschmer-sieht-in-atomausstieg-brandbeschleuniger-fuer-die-afd","status":"publish","type":"post","link":"https:\/\/www.europesays.com\/de\/578690\/","title":{"rendered":"Kretschmer sieht in Atomausstieg &#8222;Brandbeschleuniger f\u00fcr die AfD&#8220;"},"content":{"rendered":"<p><b>Sachsens Ministerpr\u00e4sident Michael Kretschmer macht den Atomausstieg f\u00fcr den H\u00f6henflug der AfD mit verantwortlich. \u201cWir haben die Chance verspielt, einen messbaren Teil der deutschen Energieversorgung CO2-frei zu g\u00fcnstigen Preisen zu bestreiten\u201d, sagte der CDU-Vize den Zeitungen der Funke-Mediengruppe (Sonntagausgaben).<\/b><img loading=\"lazy\" data-lazyloaded=\"1\" decoding=\"async\" src=\"https:\/\/www.europesays.com\/de\/wp-content\/uploads\/2025\/11\/kretschmer-sieht-in-atomausstieg-brandbeschleuniger-fuer-die-afd.jpg\" alt=\"Kretschmer Sieht In Atomausstieg &amp;Quot;Brandbeschleuniger F\u00fcr Die Afd&amp;Quot;\" width=\"800\" height=\"600\" title=\"Kretschmer sieht in Atomausstieg &quot;Brandbeschleuniger f\u00fcr die AfD&quot; 2\"\/>Atomkraftwerk (Archiv), via dts Nachrichtenagentur<\/p>\n<p>\u201cDas war ein Brandbeschleuniger f\u00fcr die AfD und ein Riesenbeitrag zur Politikverdrossenheit \u2013 aus gr\u00fcner Ideologie heraus.\u201d Die Brennst\u00e4be k\u00f6nnten nicht das Argument sein, so Kretschmer. \u201cEine ganze Reihe von EU-Staaten beziehen sie immer noch aus Russland.\u201d<\/p>\n<p>Kretschmer sieht die Atomkraft in Deutschland nicht am Ende. \u201cWir sind noch nicht an dem Punkt, an dem wir entscheiden m\u00fcssen, ob wir ein neues Atomkraftwerk bauen\u201d, sagte er. \u201cKlar ist, dass Strom kein knappes, teures Gut sein darf. Der Strompreis muss niedrig sein.\u201d<\/p>\n<p>Der Regierungschef weiter: \u201cPolen steigt in die Atomkraft ein, wir sprengen die letzten K\u00fchlt\u00fcrme. Das ist total bitter.\u201d<\/p>\n","protected":false},"excerpt":{"rendered":"Sachsens Ministerpr\u00e4sident Michael Kretschmer macht den Atomausstieg f\u00fcr den H\u00f6henflug der AfD mit verantwortlich. \u201cWir haben die Chance&hellip;\n","protected":false},"author":2,"featured_media":578691,"comment_status":"","ping_status":"","sticky":false,"template":"","format":"standard","meta":{"footnotes":""},"categories":[1846],"tags":[680,772,3364,29,548,663,3934,30,13,14,15,12],"class_list":{"0":"post-578690","1":"post","2":"type-post","3":"status-publish","4":"format-standard","5":"has-post-thumbnail","7":"category-augsburg","8":"tag-augsburg","9":"tag-bayern","10":"tag-de","11":"tag-deutschland","12":"tag-eu","13":"tag-europa","14":"tag-europe","15":"tag-germany","16":"tag-headlines","17":"tag-nachrichten","18":"tag-news","19":"tag-schlagzeilen"},"share_on_mastodon":{"url":"https:\/\/pubeurope.com\/@de\/115556754048959952","error":""},"_links":{"self":[{"href":"https:\/\/www.europesays.com\/de\/wp-json\/wp\/v2\/posts\/578690","targetHints":{"allow":["GET"]}}],"collection":[{"href":"https:\/\/www.europesays.com\/de\/wp-json\/wp\/v2\/posts"}],"about":[{"href":"https:\/\/www.europesays.com\/de\/wp-json\/wp\/v2\/types\/post"}],"author":[{"embeddable":true,"href":"https:\/\/www.europesays.com\/de\/wp-json\/wp\/v2\/users\/2"}],"replies":[{"embeddable":true,"href":"https:\/\/www.europesays.com\/de\/wp-json\/wp\/v2\/comments?post=578690"}],"version-history":[{"count":0,"href":"https:\/\/www.europesays.com\/de\/wp-json\/wp\/v2\/posts\/578690\/revisions"}],"wp:featuredmedia":[{"embeddable":true,"href":"https:\/\/www.europesays.com\/de\/wp-json\/wp\/v2\/media\/578691"}],"wp:attachment":[{"href":"https:\/\/www.europesays.com\/de\/wp-json\/wp\/v2\/media?parent=578690"}],"wp:term":[{"taxonomy":"category","embeddable":true,"href":"https:\/\/www.europesays.com\/de\/wp-json\/wp\/v2\/categories?post=578690"},{"taxonomy":"post_tag","embeddable":true,"href":"https:\/\/www.europesays.com\/de\/wp-json\/wp\/v2\/tags?post=578690"}],"curies":[{"name":"wp","href":"https:\/\/api.w.org\/{rel}","templated":true}]}}