{"id":578695,"date":"2025-11-16T01:23:40","date_gmt":"2025-11-16T01:23:40","guid":{"rendered":"https:\/\/www.europesays.com\/de\/578695\/"},"modified":"2025-11-16T01:23:40","modified_gmt":"2025-11-16T01:23:40","slug":"pol-ka-ka-karlsruhe-polizei-sucht-zeugen-nach-einbruch-in-mehrparteienhaus","status":"publish","type":"post","link":"https:\/\/www.europesays.com\/de\/578695\/","title":{"rendered":"POL-KA: (KA) Karlsruhe &#8211; Polizei sucht Zeugen nach Einbruch in Mehrparteienhaus"},"content":{"rendered":"<p class=\"date\">14.11.2025 \u2013 11:52<\/p>\n<p class=\"customer\">\n                        <a class=\"story-customer\" title=\"weiter zum newsroom von Polizeipr\u00e4sidium Karlsruhe\" href=\"https:\/\/www.presseportal.de\/blaulicht\/nr\/110972\" rel=\"nofollow noopener\" target=\"_blank\">Polizeipr\u00e4sidium Karlsruhe<\/a>\n                    <\/p>\n<p><a data-category=\"citylink-story-view\" data-action=\"click\" data-label=\"Citylink in Meldungsansicht\" class=\"story-city event-trigger\" href=\"https:\/\/www.presseportal.de\/regional\/Karlsruhe\" title=\"News aus Karlsruhe \" rel=\"nofollow noopener\" target=\"_blank\">Karlsruhe<\/a> (ots)<\/p>\n<p>Bislang unbekannte T\u00e4ter gelangten am Donnerstag, im Zeitraum zwischen 14:00 Uhr und 21:00 Uhr, \u00fcber die Geb\u00e4uder\u00fcckseite auf den Balkon eines Mehrparteienhauses in der Insterburger Stra\u00dfe in der Karlsruher Waldstadt.<\/p>\n<p>Anschlie\u00dfend verschafften sich die T\u00e4ter \u00fcber die Balkont\u00fcr gewaltsam Zutritt in das Innere der Wohnung. Auf ihrem Beutezug durchsuchten die Einbrecher s\u00e4mtliche R\u00e4ume und entwendeten Bargeld in H\u00f6he von mehreren tausend Euro.<\/p>\n<p>Zeugen oder Hinweisgeber werden gebeten, sich mit der Kriminalpolizei unter der Rufnummer 0721 666-5555 in Verbindung zu setzen.<\/p>\n<p>Emma Bayha, Pressestelle<\/p>\n<p class=\"contact-headline\">R\u00fcckfragen bitte an:<\/p>\n<p class=\"contact-text\">Polizeipr\u00e4sidium Karlsruhe<br \/>Telefon: 0721 666-1111<br \/>E-Mail: <a href=\"https:\/\/www.presseportal.de\/blaulicht\/pm\/110972\/mailto: pressestelle.ka@polizei.bwl.de\" class=\"uri-mailto\" rel=\"nofollow noopener\" target=\"_blank\"> pressestelle.ka@polizei.bwl.de<\/a><br \/><a target=\"_blank\" class=\"uri-ext outbound\" rel=\"noopener nofollow\" href=\"http:\/\/www.polizei-bw.de\/\">http:\/\/www.polizei-bw.de\/<\/a><\/p>\n<p class=\"originator\">Original-Content von: Polizeipr\u00e4sidium Karlsruhe, \u00fcbermittelt durch news aktuell<\/p>\n","protected":false},"excerpt":{"rendered":"14.11.2025 \u2013 11:52 Polizeipr\u00e4sidium Karlsruhe Karlsruhe (ots) Bislang unbekannte T\u00e4ter gelangten am Donnerstag, im Zeitraum zwischen 14:00 Uhr&hellip;\n","protected":false},"author":2,"featured_media":386213,"comment_status":"","ping_status":"","sticky":false,"template":"","format":"standard","meta":{"footnotes":""},"categories":[1844],"tags":[1634,6187,3364,29,30,8903,177,121,178,180,179,181],"class_list":{"0":"post-578695","1":"post","2":"type-post","3":"status-publish","4":"format-standard","5":"has-post-thumbnail","7":"category-karlsruhe","8":"tag-baden-wuerttemberg","9":"tag-bw","10":"tag-de","11":"tag-deutschland","12":"tag-germany","13":"tag-karlsruhe","14":"tag-kriminalitt","15":"tag-polizei","16":"tag-presse","17":"tag-pressemeldung","18":"tag-pressemitteilung","19":"tag-pressemitteilungen"},"share_on_mastodon":{"url":"https:\/\/pubeurope.com\/@de\/115556765194012716","error":""},"_links":{"self":[{"href":"https:\/\/www.europesays.com\/de\/wp-json\/wp\/v2\/posts\/578695","targetHints":{"allow":["GET"]}}],"collection":[{"href":"https:\/\/www.europesays.com\/de\/wp-json\/wp\/v2\/posts"}],"about":[{"href":"https:\/\/www.europesays.com\/de\/wp-json\/wp\/v2\/types\/post"}],"author":[{"embeddable":true,"href":"https:\/\/www.europesays.com\/de\/wp-json\/wp\/v2\/users\/2"}],"replies":[{"embeddable":true,"href":"https:\/\/www.europesays.com\/de\/wp-json\/wp\/v2\/comments?post=578695"}],"version-history":[{"count":0,"href":"https:\/\/www.europesays.com\/de\/wp-json\/wp\/v2\/posts\/578695\/revisions"}],"wp:featuredmedia":[{"embeddable":true,"href":"https:\/\/www.europesays.com\/de\/wp-json\/wp\/v2\/media\/386213"}],"wp:attachment":[{"href":"https:\/\/www.europesays.com\/de\/wp-json\/wp\/v2\/media?parent=578695"}],"wp:term":[{"taxonomy":"category","embeddable":true,"href":"https:\/\/www.europesays.com\/de\/wp-json\/wp\/v2\/categories?post=578695"},{"taxonomy":"post_tag","embeddable":true,"href":"https:\/\/www.europesays.com\/de\/wp-json\/wp\/v2\/tags?post=578695"}],"curies":[{"name":"wp","href":"https:\/\/api.w.org\/{rel}","templated":true}]}}