{"id":578702,"date":"2025-11-16T01:27:24","date_gmt":"2025-11-16T01:27:24","guid":{"rendered":"https:\/\/www.europesays.com\/de\/578702\/"},"modified":"2025-11-16T01:27:24","modified_gmt":"2025-11-16T01:27:24","slug":"strenge-regeln-geplant-ultras-von-arminia-und-paderborn-nehmen-an-grossdemo-teil","status":"publish","type":"post","link":"https:\/\/www.europesays.com\/de\/578702\/","title":{"rendered":"Strenge Regeln geplant: Ultras von Arminia und Paderborn nehmen an Gro\u00dfdemo teil"},"content":{"rendered":"<p id=\"absatz1\" class=\"em_text\">Bielefeld. Es ist ihre Antwort auf die Forderungen aus der Politik: Das Netzwerk \u201eFanszenen Deutschland\u201c ruft unter dem Motto \u201eDer Fu\u00dfball ist sicher! Schluss mit Populismus \u2013 Ja zur Fankultur!\u201c zu einer gro\u00dfen Demonstration in Leipzig auf.<\/p>\n<p id=\"absatz2\" class=\"em_text\">Es ist ein gemeinsamer Protest von Fans und Ultras verschiedener Fu\u00dfballvereine aus dem gesamten Bundesgebiet. Damit wollen die Anh\u00e4nger gegen die aus ihrer Sicht \u00fcberzogenen Sicherheitsma\u00dfnahmen protestieren, die im Vorfeld der anstehenden Innenministerkonferenz (3. bis 5. Dezember in Bremen) \u00f6ffentlich wurden.<\/p>\n<p id=\"absatz4\" class=\"em_text\">Inzwischen haben mehr als 50 Ultragruppen einen Aufruf verbreitet, am Sonntag nach Leipzig zu fahren. Auch Fangruppen von Arminia Bielefeld und dem SC Paderborn beteiligen sich auf ihren Internetauftritten. Wie die Stadt Leipzig berichtet, haben die Organisatoren 1.500 Personen angemeldet. Die tats\u00e4chliche Zahl d\u00fcrfte am Ende deutlich h\u00f6her liegen. Die \u201eLeipziger Volkszeitung\u201c geht sogar von mehr als 10.000 Teilnehmern aus.<\/p>\n<p>\n        \u00d7\n    <\/p>\n<p>\n            Sie erhalten in wenigen Minuten eine E-Mail zur Best\u00e4tigung Ihrer Anmeldung.\n        <\/p>\n<p>Erst danach ist diese abgeschlossen.<\/p>\n<p>Bitte pr\u00fcfen Sie auch den Spam-Ordner.<\/p>\n<p>\n        \u00d7\n    <\/p>\n<p>\n            Sie haben bisher Ihre E-Mail-Adresse noch nicht best\u00e4tigt.\n        <\/p>\n<p>Erst danach ist diese abgeschlossen.<\/p>\n<p>Bitte pr\u00fcfen Sie auch den Spam-Ordner.<\/p>\n<p>\n        \u00d7\n    <\/p>\n<p>\n            Es ist einen Fehler aufgetreten\n        <\/p>\n<p>Bei Fragen hilft unser Newsletter-Support<\/p>\n<p> Newsletter<\/p>\n<p> DSC Arminia Bielefeld<\/p>\n<p>W\u00f6chentlich alle News rund um Arminia Bielefeld.<\/p>\n<p>                Jetzt anmelden<\/p>\n<p>Warum die Fans in Leipzig demonstrieren<\/p>\n<p class=\"em_text\">Die Demo ist der n\u00e4chste Schritt der Proteste, die schon am vergangenen Spieltag mittels Spruchb\u00e4ndern in den Fankurven begannen. Ein Jahr nach dem Sicherheitsgipfel von Innenpolitik, DFB und DFL nimmt die Diskussion um strengere Ma\u00dfnahmen in deutschen Fu\u00dfballstadien Fahrt auf. Hintergrund ist der Druck der Politik, \u201ekonsequente und wirkungsvolle\u201c Sicherheitsvorkehrungen umzusetzen.<\/p>\n<p id=\"absatz6\"><b class=\"bold\">Mehr zum Thema:<\/b> <a href=\"https:\/\/www.nw.de\/nachrichten\/zwischen_weser_und_rhein\/24200133_Politik-plant-haertere-Regeln-fuer-Fussballfans-obwohl-es-weniger-Verletzte-in-Stadien-gibt.html\" target=\"_blank\" rel=\"noopener\">Weniger Verletzte in deutschen Stadien \u2013 trotzdem h\u00e4rtere Regeln f\u00fcr Fu\u00dfballfans gefordert<\/a><\/p>\n<p id=\"absatz7\" class=\"em_text\">W\u00e4hrend staatliche Stellen h\u00e4rtere Ma\u00dfnahmen fordern, mahnen Faninitiativen zur M\u00e4\u00dfigung \u2013 und verweisen auf den j\u00fcngst ver\u00f6ffentlichten Jahresbericht der Zentralen Informationsstelle Sporteins\u00e4tze (ZIS) der nordrhein-westf\u00e4lischen Polizei. So gab es bei den wichtigsten Parametern \u2013 verletzte Personen, Strafverfahren und Polizei-Arbeitsstunden \u2013 jeweils einen R\u00fcckgang der Zahlen, obwohl mehr Zuschauer in die Stadien gestr\u00f6mt waren als in der Saison davor.<\/p>\n<\/p>\n<p id=\"absatz8\" class=\"em_text\">Dennoch diskutierten Vertreter von Politik, Polizei, DFB, Deutscher Fu\u00dfball Liga (DFL) und der Koordinationsstelle Fanprojekte infolge des Sicherheitsgipfels in den vergangenen Monaten in einer Arbeitsgruppe das Thema Stadionsicherheit. Nun sind erste Ergebnisse der sogenannten \u201eBund-L\u00e4nder-offene-Arbeitsgruppe (BLoAG)\u201c bekannt geworden.<\/p>\n<p>Um diese Streitpunktepunkte geht es<br \/>\nStadionverbote<\/p>\n<p id=\"absatz9\" class=\"em_text\">Zentraler Streitpunkt ist die Versch\u00e4rfung von Stadionverboten. K\u00fcnftig soll ein Stadionverbot automatisch verh\u00e4ngt werden, sobald ein Ermittlungsverfahren gegen eine Person eingeleitet wird \u2013 unabh\u00e4ngig vom weiteren Ausgang des Verfahrens. Damit w\u00fcrde der bisherige Ermessensspielraum der Vereine entfallen. Der Dachverband der Fanhilfen warnt vor einem \u201eGie\u00dfkannenprinzip\u201c, bei dem auch Unschuldige betroffen w\u00e4ren. Politik und Polizei versprechen sich davon mehr Konsequenz.<\/p>\n<p id=\"absatz10\" class=\"em_text\">Parallel soll eine neue, \u00fcbergeordnete Stadionverbotskommission beim DFB entstehen, die eingreifen kann, wenn Klubs zu milde vorgehen. Gleichzeitig sollen die lokalen Kommissionen erhalten bleiben \u2013 ein Kompromiss, der auf Forderungen der Fanvertreter zur\u00fcckgeht.<\/p>\n<p>        <a href=\"https:\/\/www.nw.de\/_em_daten\/_cache\/image\/1xblY5ZWlKTjJTYjUwc1NOV3NJVFAyUW1qU1VjZWlUTVJ5V2tLK3hBbklYd3pkZTVRU0VZVE5OYWQ3VmpNaEIvdTNiR2tWaUlFRG1DOFlHdlVSaFRLcll4T3prb29HRnIwS3dLT0plaERIS2c9\/251114-1632-667240829.jpg\" class=\"nw-article-image\" title=\"Die Fanszene von Arminia Bielefeld zeigt ein Spruchband zum Thema Stadionverbote.\" data-glightbox=\"type: image; description: Die Fanszene von Arminia Bielefeld zeigt ein Spruchband zum Thema Stadionverbote.  | \u00a9 Friso Gentsch\/dpa \" target=\"_blank\" rel=\"noopener\"><br \/>\n            <img decoding=\"async\" src=\"https:\/\/www.europesays.com\/de\/wp-content\/uploads\/2025\/11\/251114-1632-667240829.jpg\" class=\"nw-img-fluid nw-w-full nw-lazy nw-rounded-t-md\" alt=\"Die Fanszene von Arminia Bielefeld zeigt ein Spruchband zum Thema Stadionverbote. - \u00a9 Friso Gentsch\/dpa\" data-format=\"16:9\"\/><br \/>\n        <\/a><\/p>\n<p>                Die Fanszene von Arminia Bielefeld zeigt ein Spruchband zum Thema Stadionverbote.<br \/>\n                                    | \u00a9 Friso Gentsch\/dpa<\/p>\n<p>Personalisierte Tickets<\/p>\n<p class=\"em_text\">Ein weiterer Konfliktpunkt betrifft personalisierte Tickets. Die Politik, insbesondere Niedersachsen, dr\u00e4ngt auf eine fl\u00e4chendeckende Einf\u00fchrung, um Gewaltt\u00e4ter leichter identifizieren zu k\u00f6nnen. Fanvertreter sehen darin reine Symbolpolitik ohne Sicherheitsgewinn.<\/p>\n<p id=\"absatz12\" class=\"em_text\">In der BLoAG wurde nach Angaben des DFB zudem das Reduzieren beziehungsweise Streichen von Kartenkontingenten f\u00fcr G\u00e4stefans gefordert. Auch sei thematisiert worden, dass von den Beh\u00f6rden Sicherheitskonzepte der Vereine nicht mehr genehmigt werden. Spiele k\u00f6nnten dann nicht stattfinden.<\/p>\n<p>Pyrotechnik<\/p>\n<p id=\"absatz13\" class=\"em_text\">Auch das Thema Pyrotechnik bleibt umstritten: Die Politik erwartet ein strikteres Vorgehen und eine \u201eNull-Toleranz-Strategie\u201c. DFB und DFL betonen dagegen den Vorrang individueller Sanktionen statt kollektiver Strafen wie Blocksperren.<\/p>\n<p>So reagieren die Fans auf die Ma\u00dfnahmen<\/p>\n<p id=\"absatz14\" class=\"em_text\">Die Ma\u00dfnahmen treffen auf breite Ablehnung bei den deutschen Fanszenen. \u201eMit gro\u00dfer Sorge betrachten wir, die bundesweiten Fan-Netzwerke, den von Ihnen eingeleiteten Arbeitsprozess \u0082Bund-L\u00e4nder-offene-Arbeitsgruppe (BLoAG)\u0091, der zu neuen, weitreichenden Sicherheitsma\u00dfnahmen in Bezug auf Fu\u00dfballspiele f\u00fchren soll. Die bisher bekannten Vorschl\u00e4ge und Ma\u00dfnahmen lehnen wir entschieden ab\u201c, hei\u00dft es <a href=\"https:\/\/www.unserekurve.de\/blog\/versachlichung-der-debatte-statt-intransparenz-und-populismus\/\" rel=\"noopener\" target=\"_blank\">in einem Brief<\/a>, der an die Innenministerinnen, Innenminister, Senatorinnen und Senatoren der L\u00e4nder adressiert ist.<\/p>\n<p>\n                Empfohlener redaktioneller Inhalt\n            <\/p>\n<p>\n                Wir bieten an dieser Stelle weitere externe Informationen zu dem Artikel an. Mit einem Klick k\u00f6nnen Sie sich diese anzeigen lassen und auch wieder ausblenden.\n            <\/p>\n<p>\n                Wenn Sie sich externe Inhalte anzeigen lassen, erkl\u00e4ren Sie sich damit<br \/>\n                ein-verstanden, dass personenbezogene Daten an Drittplattformen<br \/>\n                \u00fcbermittelt werden.\n            <\/p>\n<p>                Weitere Hinweise dazu finden Sie in unserer<br \/>\n                <a href=\"\" class=\"nw-text-red-0\">Datenschutzerkl\u00e4rung.<\/a><\/p>\n<p id=\"absatz16\" class=\"em_text\">Die Anh\u00e4nger kritisierten, dass sie in die Diskussionen nicht eingebunden gewesen seien. Zudem forderten sie mehr Transparenz, einen offenen Dialog zur Sicherheitslage, und von weiteren Beschl\u00fcssen auf der kommenden Innenministerkonferenz Anfang Dezember abzusehen.<\/p>\n<p id=\"absatz17\" class=\"em_text\">Der Dachverband der Fanhilfen warnte j\u00fcngst vor der Umsetzung drastischer Schritte. \u201eDie im Raum stehenden Ma\u00dfnahmen sind so weitreichend, dass sie der Sargnagel f\u00fcr die Fankultur in den Stadien w\u00e4ren\u201c, sagte Vorstandsmitglied Lisa R\u00f6ttig in einer Pressemitteilung. Seit den Beschl\u00fcssen auf dem \u201eSicherheitsgipfel\u201c von Politik und Verb\u00e4nden im Vorjahr habe man \u201ekein einziges stichhaltiges Argument geh\u00f6rt, warum es notwendig sein soll, personalisierte Eintrittskarten, eine zentrale Stadionverbotsvergabe samt neuer Stadionverbotsrichtlinie oder Gesichtsscanner an den Stadiontoren einzuf\u00fchren.\u201c<\/p>\n<p>Bereits 2010 bundesweite Fandemo in Berlin<\/p>\n<p id=\"absatz18\" class=\"em_text\">Fast genau vor 15 Jahren gab es bereits eine bundesweite Fandemonstration. Damals, im Oktober 2010, kamen in Berlin rund 50 Gruppen aus allen Teilen des Landes in der Hauptstadt zusammen, um \u201eF\u00fcr den Erhalt der Fankultur\u201c zu demonstrieren.<\/p>\n<p id=\"absatz19\" class=\"em_text\">Mehrere Tausend Menschen protestierten unter anderem f\u00fcr mehr Mitspracherecht von Fans, f\u00fcr fanfreundlichere Ansto\u00dfzeiten und gegen polizeiliche Willk\u00fcr. Die Demonstration im Oktober 2010 verlief trotz der Rivalit\u00e4ten friedlich.<\/p>\n","protected":false},"excerpt":{"rendered":"Bielefeld. Es ist ihre Antwort auf die Forderungen aus der Politik: Das Netzwerk \u201eFanszenen Deutschland\u201c ruft unter dem&hellip;\n","protected":false},"author":2,"featured_media":578703,"comment_status":"","ping_status":"","sticky":false,"template":"","format":"standard","meta":{"footnotes":""},"categories":[1841],"tags":[2368,1605,2420,3364,507,29,481,5085,17599,12352,30,139009,60949,4281,732,730,1611,1609,2379,2377,2378,71,79223,734,2381,2380,1613,1209,727,121,8108,3135,18840],"class_list":{"0":"post-578702","1":"post","2":"type-post","3":"status-publish","4":"format-standard","5":"has-post-thumbnail","7":"category-bielefeld","8":"tag-arminia-bielefeld","9":"tag-bielefeld","10":"tag-bremen","11":"tag-de","12":"tag-demonstration","13":"tag-deutschland","14":"tag-dfb","15":"tag-dfl","16":"tag-fankultur","17":"tag-fanszene","18":"tag-germany","19":"tag-grodemo","20":"tag-innenministerkonferenz","21":"tag-label_arminia","22":"tag-label_frei","23":"tag-label_grafik","24":"tag-label_informiere-mich","25":"tag-label_plus-ok","26":"tag-label_push","27":"tag-label_startseite","28":"tag-label_umfrage","29":"tag-leipzig","30":"tag-leipziger-volkszeitung","31":"tag-meta_artikelklasse_nachricht","32":"tag-meta_copyrights_rgowl_freier_mitarbeiter","33":"tag-meta_themen_arminia_bielefeld","34":"tag-meta_userneeds_informieremich","35":"tag-nordrhein-westfalen","36":"tag-paderborn","37":"tag-polizei","38":"tag-pyrotechnik","39":"tag-sc-paderborn","40":"tag-streitpunkt"},"share_on_mastodon":{"url":"","error":"Validation failed: Text character limit of 500 exceeded"},"_links":{"self":[{"href":"https:\/\/www.europesays.com\/de\/wp-json\/wp\/v2\/posts\/578702","targetHints":{"allow":["GET"]}}],"collection":[{"href":"https:\/\/www.europesays.com\/de\/wp-json\/wp\/v2\/posts"}],"about":[{"href":"https:\/\/www.europesays.com\/de\/wp-json\/wp\/v2\/types\/post"}],"author":[{"embeddable":true,"href":"https:\/\/www.europesays.com\/de\/wp-json\/wp\/v2\/users\/2"}],"replies":[{"embeddable":true,"href":"https:\/\/www.europesays.com\/de\/wp-json\/wp\/v2\/comments?post=578702"}],"version-history":[{"count":0,"href":"https:\/\/www.europesays.com\/de\/wp-json\/wp\/v2\/posts\/578702\/revisions"}],"wp:featuredmedia":[{"embeddable":true,"href":"https:\/\/www.europesays.com\/de\/wp-json\/wp\/v2\/media\/578703"}],"wp:attachment":[{"href":"https:\/\/www.europesays.com\/de\/wp-json\/wp\/v2\/media?parent=578702"}],"wp:term":[{"taxonomy":"category","embeddable":true,"href":"https:\/\/www.europesays.com\/de\/wp-json\/wp\/v2\/categories?post=578702"},{"taxonomy":"post_tag","embeddable":true,"href":"https:\/\/www.europesays.com\/de\/wp-json\/wp\/v2\/tags?post=578702"}],"curies":[{"name":"wp","href":"https:\/\/api.w.org\/{rel}","templated":true}]}}