{"id":578790,"date":"2025-11-16T02:28:18","date_gmt":"2025-11-16T02:28:18","guid":{"rendered":"https:\/\/www.europesays.com\/de\/578790\/"},"modified":"2025-11-16T02:28:18","modified_gmt":"2025-11-16T02:28:18","slug":"jimi-blue-macht-geheimnisvolle-ankuendigung","status":"publish","type":"post","link":"https:\/\/www.europesays.com\/de\/578790\/","title":{"rendered":"Jimi Blue macht geheimnisvolle Ank\u00fcndigung"},"content":{"rendered":"<p style=\"order:0\" class=\"spanFix max-w-[750px] leading-[30px] sm:text-[22px] sm:leading-[38px] sm:text-[22px] sm:leading-[38px]\"><a target=\"_self\" data-google-interstitial=\"true\" href=\"https:\/\/www.promiflash.de\/thema\/jimi-blue-ochsenknecht\/\" rel=\"nofollow noopener\">Jimi Blue Ochsenknecht<\/a> (33) sorgt mit einer r\u00e4tselhaften Ank\u00fcndigung f\u00fcr Gespr\u00e4chsstoff. In einem kurzen Clip sitzt der Schauspieler an einem Tisch, setzt seine Unterschrift unter einen Vertrag und spricht dann selbstbewusst in die Kamera: <b>&#8222;Ab jetzt werden keine roten Zahlen mehr geschrieben.&#8220;<\/b> Anschlie\u00dfend greift er zu einem Geldkoffer und verschwindet aus dem Bild. Begleitet wird der Teaser auf Instagram von dem Hinweis auf ein &#8222;neues Kapitel&#8220;, das am 18. November offiziell enth\u00fcllt werden soll.<\/p>\n<p style=\"order:3\" class=\"spanFix max-w-[750px] leading-[30px] sm:text-[22px] sm:leading-[38px] sm:text-[22px] sm:leading-[38px]\">Worum genau es bei seiner gro\u00dfen Enth\u00fcllung geht, verr\u00e4t Jimi nat\u00fcrlich nicht. Die Kommentarspalte des Posts ist daher mittlerweile mit Vermutungen gef\u00fcllt. <b>Ein User fragt nach, ob er am <a target=\"_self\" data-google-interstitial=\"true\" href=\"https:\/\/www.promiflash.de\/thema\/dschungelcamp\/\" rel=\"nofollow noopener\">Dschungelcamp<\/a> teilnehmen wird \u2013 doch Jimi antwortet knapp und deutlich: &#8222;Nein.&#8220;<\/b> Ein anderer kommentiert: &#8222;Eigene Kollektion? Kinofilm? <a target=\"_self\" data-google-interstitial=\"true\" href=\"https:\/\/www.promiflash.de\/thema\/netflix\/\" rel=\"nofollow noopener\">Netflix<\/a>? Wilde Kerle?&#8220; Ein Fan scheint eine Ahnung zu haben. &#8222;In der \u00dcberschrift steht irgendwas mit &#8218;Lidl Black Week'&#8220;, stellt er fest und mutma\u00dft, Jimi k\u00f6nne mit dem Discounter zusammenarbeiten.<\/p>\n<p style=\"order:6\" class=\"spanFix max-w-[750px] leading-[30px] sm:text-[22px] sm:leading-[38px] sm:text-[22px] sm:leading-[38px]\">Jimi Blue, der bereits fr\u00fch in seiner Karriere als leidenschaftlicher Kicker Leon in der beliebten Filmreihe &#8222;Die Wilden Kerle&#8220; Erfolge feierte, hat \u00fcber die vergangenen Jahre hinweg eher abseits der Leinwand auf sich aufmerksam gemacht. <b>Im Sommer landete er schlie\u00dflich wegen einer geprellten Hotelrechnung in Untersuchungshaft.<\/b> Nun startet er in Sachen Image einen neuen Versuch und bringt schon in wenigen Tagen <a target=\"_self\" data-google-interstitial=\"true\" href=\"https:\/\/www.promiflash.de\/news\/2025\/10\/28\/teaser-ist-da-so-explosiv-wird-yeliz-und-jimis-reality-doku.html\" rel=\"nofollow noopener\">seine eigene Reality-TV-Show<\/a> &#8222;Yeliz &amp; Jimi &#8211; We Are Family?!&#8220; mit seiner Ex <a target=\"_self\" data-google-interstitial=\"true\" href=\"https:\/\/www.promiflash.de\/thema\/yeliz-koc\/\" rel=\"nofollow noopener\">Yeliz Koc<\/a> (32) und der gemeinsamen Tochter <a target=\"_self\" data-google-interstitial=\"true\" href=\"https:\/\/www.promiflash.de\/thema\/snow-elanie-koc\/\" rel=\"nofollow noopener\">Snow Elanie<\/a> (4) raus.<\/p>\n<p><img class=\"top-0  absolute h-full w-full object-cover\" alt=\"Jimi Blue Ochsenknecht auf Interviewtour zur SKY-Serie &quot;Diese Ochsenknechts&quot; Staffel 4\" width=\"854\" height=\"480\" decoding=\"async\"  loading=\"lazy\" style=\"background-size:cover;background-position:50% 50%;background-repeat:no-repeat;background-image:url(&quot;data:image\/svg+xml;charset=utf-8,%3Csvg xmlns='http:\/\/www.w3.org\/2000\/svg' viewBox='0 0 640 640'%3E%3Cfilter id='b' color-interpolation-filters='sRGB'%3E%3CfeGaussianBlur stdDeviation='20'\/%3E%3CfeColorMatrix values='1 0 0 0 0 0 1 0 0 0 0 0 1 0 0 0 0 0 100 -1' result='s'\/%3E%3CfeFlood x='0' y='0' width='100%25' height='100%25'\/%3E%3CfeComposite operator='out' in='s'\/%3E%3CfeComposite in2='SourceGraphic'\/%3E%3CfeGaussianBlur stdDeviation='20'\/%3E%3C\/filter%3E%3Cimage width='100%25' height='100%25' x='0' y='0' preserveAspectRatio='none' style='filter: url(%23b);' href='data:image\/png;base64,iVBORw0KGgoAAAANSUhEUgAAABAAAAAQCAYAAAAf8\/9hAAAEG0lEQVR4AQEQBO\/7AKZwq\/+ncqr\/qHip\/6l\/pv+phKL\/poWc\/6CBlf+XeI3\/jGuG\/4NegP9+VX7\/gFR\/\/4ddhP+Raor\/m3eQ\/6J\/lP8ApXCq\/6Zyqf+oeaj\/qoCm\/6qFov+ohp3\/ooOW\/5l6j\/+PbYf\/hmCC\/4FXf\/+CVoD\/iF6E\/5Jriv+cd5D\/ooCU\/wCicKf\/pHOn\/6d6p\/+rg6X\/rYmj\/6yLn\/+oiJn\/oICS\/5Z0i\/+MZoX\/hlyC\/4Zagv+LYIb\/lGyL\/514kf+kgJX\/AJ1vo\/+fcqP\/pXuk\/6uGpP+wjqT\/spKh\/6+Qnf+oiJf\/n3yQ\/5Ruiv+MYob\/il6F\/45jiP+Wboz\/n3mR\/6WBlf8AlWyc\/5hxnf+gfJ\/\/qomi\/7KTpP+3mKT\/tpei\/6+QnP+mhJb\/mnWO\/5Foif+NYYf\/j2SI\/5ZujP+eeZD\/pYGU\/wCKaJL\/jm2U\/5p7mf+ni6D\/spil\/7mep\/+5nqb\/s5ei\/6mKmv+depL\/kmuL\/4xjhv+NZIb\/lG2K\/5x4jv+jgZL\/AHtgh\/+BaIr\/kHmS\/6GLnP+vmqX\/t6Oq\/7mjqv+znKb\/qY+e\/5t+lP+ObIr\/h2KE\/4hig\/+Pa4b\/mHeL\/59\/j\/8AaVZ6\/3Fgfv+DdYv\/mIuZ\/6mcpf+zpaz\/taeu\/6+gqf+jkaD\/lH+U\/4ZriP9+X4D\/f15+\/4dogf+RdYf\/mX6M\/wBUSmz\/X1Zz\/3Zvg\/+OiZb\/oZyl\/6ynrv+uqbH\/qKGs\/5uSof+KfpP\/e2mF\/3Jbe\/90W3n\/f2Z+\/4t0hf+Vf4z\/AD48X\/9NTGn\/aWp9\/4WGlP+ZnKb\/paew\/6eps\/+goq7\/kpKi\/399kv9uZ4L\/Zll3\/2tadv95aH3\/iHeH\/5ODj\/8ALDBY\/0BEY\/9hZnr\/f4WT\/5Sbp\/+gqLL\/oaq1\/5qjr\/+KkqL\/dn2R\/2Rngf9dWnf\/Zl54\/3htgf+Kfo3\/loqW\/wAoKVb\/PkBi\/2Ble\/9+hZX\/k5yp\/56ptf+gq7f\/l6Ox\/4eTpP9yfpP\/YGqD\/11fe\/9qZn7\/fneK\/5KIl\/+flaH\/ADQpW\/9GQWb\/ZWZ\/\/4KGmP+Xnav\/oaq3\/6Ktuf+ZpbP\/iJWm\/3SBlf9lb4f\/ZGiC\/3NwiP+JgpX\/nZSk\/6qhrv8ARTBj\/1NFbf9uaYT\/iYic\/52frv+nrLn\/p6+7\/56ntf+OmKj\/e4WZ\/251jf9vcYr\/f3uS\/5WOof+poLD\/t6y7\/wBSN2v\/Xkp0\/3dsif+Ri5\/\/o6Gx\/62uu\/+tsL3\/pKm2\/5Wbqv+DiZz\/eHuS\/3p5kv+LhJz\/oJer\/7Spu\/\/Ctcb\/AFs8cf9mTnn\/fm6M\/5aNov+oo7P\/srC8\/7Kyvv+pq7f\/mp2s\/4mMnv9\/f5b\/gn6X\/5KLov+onbL\/u6\/C\/8m8zf8TFqENm7qoTQAAAABJRU5ErkJggg=='\/%3E%3C\/svg%3E&quot;)\" src=\"https:\/\/www.europesays.com\/de\/wp-content\/uploads\/2025\/11\/jimi-blue-ochsenknecht-posiert-23.jpg\" fetchpriority=\"auto\"\/>Imago<img decoding=\"async\" alt=\"Bilder Gallerie Button\" class=\"absolute bottom-[7px] right-[3px] w-[54px] h-[54px] group-hover:scale-110 transition-transform duration-300\" src=\"https:\/\/www.europesays.com\/de\/wp-content\/uploads\/2025\/03\/galerie_button.png\" loading=\"lazy\"\/>Jimi Blue Ochsenknecht auf Interviewtour zur SKY-Serie &#8222;Diese Ochsenknechts&#8220; Staffel 4<img class=\"top-0  absolute h-full w-full object-cover\" alt=\"Jimi Blue Ochsenknecht beim Deutschen Filmpreis 2024\" width=\"854\" height=\"480\" decoding=\"async\"  loading=\"lazy\" style=\"background-size:cover;background-position:50% 50%;background-repeat:no-repeat;background-image:url(&quot;data:image\/svg+xml;charset=utf-8,%3Csvg xmlns='http:\/\/www.w3.org\/2000\/svg' viewBox='0 0 640 640'%3E%3Cfilter id='b' color-interpolation-filters='sRGB'%3E%3CfeGaussianBlur stdDeviation='20'\/%3E%3CfeColorMatrix values='1 0 0 0 0 0 1 0 0 0 0 0 1 0 0 0 0 0 100 -1' result='s'\/%3E%3CfeFlood x='0' y='0' width='100%25' height='100%25'\/%3E%3CfeComposite operator='out' in='s'\/%3E%3CfeComposite in2='SourceGraphic'\/%3E%3CfeGaussianBlur stdDeviation='20'\/%3E%3C\/filter%3E%3Cimage width='100%25' height='100%25' x='0' y='0' preserveAspectRatio='none' style='filter: url(%23b);' href='data:image\/png;base64,iVBORw0KGgoAAAANSUhEUgAAABAAAAAQCAYAAAAf8\/9hAAAEG0lEQVR4AQEQBO\/7AJ6Rk\/+bjJD\/k3+E\/4dqcv95Sln\/ahE4\/2AAAP9bAAD\/XQAA\/2MAAP9pKib\/bD05\/2xFQ\/9pRkf\/ZUJI\/2E+R\/8ApJea\/6GTlv+Zh4z\/jnR8\/4BZZv9zN0v\/aAAv\/2QAFP9lABT\/aiQp\/289O\/9zTEn\/c1JR\/3JUVP9vUlX\/bE9V\/wCyp6r\/sKOo\/6man\/+fi5L\/kniB\/4Zjb\/99UV7\/eEhT\/3hKUf97VFb\/f19e\/4NoZv+Gbm3\/hnFw\/4Zxcv+FcXP\/AMW7wP\/CuL3\/vLG2\/7Olq\/+nl57\/nIiP\/5J7g\/+NdHr\/i3N3\/453ef+Sfn7\/l4WE\/5uLiv+ej47\/oJGR\/6GSkv8A19DV\/9XN0\/\/Px8z\/xbzC\/7mwtf+to6j\/o5id\/52QlP+bjpH\/nZCS\/6OWl\/+pnZ3\/r6Oj\/7SpqP+4rav\/u6+t\/wDn4ej\/5N\/l\/93Y3v\/SztP\/xcHG\/7i0uP+tqKz\/paCk\/6SdoP+noKL\/rqan\/7eurv+\/trX\/xr27\/8vCwP\/OxsL\/APHu9f\/u7PL\/5uTq\/9rY3v\/Kys7\/urq+\/62tsP+lpKf\/paKl\/6qmqP+0rrD\/v7i5\/8nCwf\/Rysj\/19HN\/9vV0P8A9\/b9\/\/Py+v\/p6fD\/2tvh\/8jJzv+0t7v\/paeq\/5yeoP+dnJ\/\/pqOl\/7OusP\/Bu7z\/zcfG\/9bRzv\/d2NT\/4dzX\/wD29\/\/\/8vP7\/+fo7\/\/V193\/vsLH\/6err\/+Ul5v\/i4yQ\/4+NkP+cl5r\/raap\/723uP\/LxcT\/1dDO\/9zY1P\/g3dj\/APHy+v\/s7vX\/3+Ho\/8rN0\/+wtLn\/lZid\/35\/hP90cnb\/e3V5\/42FiP+imZz\/ta2u\/8S9vP\/Pycf\/1tLO\/9rW0f8A5ufv\/+Hj6v\/T1dz\/vb\/F\/6CiqP+AgYf\/ZWFo\/1lPVv9kVlz\/fG5y\/5WIiv+qn5\/\/urCw\/8W9u\/\/MxsL\/0MrG\/wDY2N\/\/09Pa\/8XEy\/+urbT\/kY6W\/29pcv9PQEz\/QSIz\/1AzPf9sVlv\/h3V3\/52Ojv+toJ\/\/ua2r\/8C1sv\/Dubb\/AMjEyv\/Dv8b\/trK4\/6Gbov+GfYX\/Zldi\/0gnO\/86ABn\/RxEm\/2FDSP97ZGX\/kHx8\/6COjf+rmpj\/sqGf\/7alo\/8At66z\/7Oqr\/+onqT\/l4qS\/4Fwev9oUF3\/USk+\/0UAJv9LFSj\/Xjs\/\/3JWV\/+Ea2v\/k3t6\/56FhP+mjIv\/qo+P\/wComJz\/pZWa\/52Mkf+QfYT\/gGlz\/29SYP9fO0z\/VSs9\/1YuOf9fPUH\/bU9O\/3xeXP+Jamj\/lHJy\/5t3eP+genz\/AJ2Ii\/+bhYn\/ln6E\/410fP+CZnH\/dVdk\/2pJWP9hP03\/Xz1G\/2NDRf9rTEr\/d1VS\/4NdXP+NZGT\/lWhq\/5pqbv\/JdLl52\/Lq8QAAAABJRU5ErkJggg=='\/%3E%3C\/svg%3E&quot;)\" src=\"https:\/\/www.europesays.com\/de\/wp-content\/uploads\/2025\/11\/jimi-blue-ochsenknecht-posiert-22.jpg\" fetchpriority=\"auto\"\/>Imago<img decoding=\"async\" alt=\"Bilder Gallerie Button\" class=\"absolute bottom-[7px] right-[3px] w-[54px] h-[54px] group-hover:scale-110 transition-transform duration-300\" src=\"https:\/\/www.europesays.com\/de\/wp-content\/uploads\/2025\/03\/galerie_button.png\" loading=\"lazy\"\/>Jimi Blue Ochsenknecht beim Deutschen Filmpreis 2024<img class=\"top-0  absolute h-full w-full object-cover\" alt=\"Jimi Blue Ochsenknecht und Yeliz Koc, September 2025\" width=\"854\" height=\"480\" decoding=\"async\"  loading=\"lazy\" style=\"background-size:cover;background-position:50% 50%;background-repeat:no-repeat;background-image:url(&quot;data:image\/svg+xml;charset=utf-8,%3Csvg xmlns='http:\/\/www.w3.org\/2000\/svg' viewBox='0 0 640 640'%3E%3Cfilter id='b' color-interpolation-filters='sRGB'%3E%3CfeGaussianBlur stdDeviation='20'\/%3E%3CfeColorMatrix values='1 0 0 0 0 0 1 0 0 0 0 0 1 0 0 0 0 0 100 -1' result='s'\/%3E%3CfeFlood x='0' y='0' width='100%25' height='100%25'\/%3E%3CfeComposite operator='out' in='s'\/%3E%3CfeComposite in2='SourceGraphic'\/%3E%3CfeGaussianBlur stdDeviation='20'\/%3E%3C\/filter%3E%3Cimage width='100%25' height='100%25' x='0' y='0' preserveAspectRatio='none' style='filter: url(%23b);' href='data:image\/png;base64,iVBORw0KGgoAAAANSUhEUgAAABAAAAAQCAYAAAAf8\/9hAAAEG0lEQVR4AQEQBO\/7AKCNjf+di4r\/lYOB\/4p5df99bmj\/c2Ze\/21lXP9ua2P\/cnNs\/3V6dP92fXf\/cHpz\/2RwaP9QYVP\/Mkwz\/wA3AP8AnoyM\/5uKif+Vg4L\/jHt3\/4JybP96bGT\/dmxj\/3ZxaP95eHD\/e353\/3p\/ef90fHX\/aHJp\/1VkVv88UTv\/HD8V\/wCXh4j\/loaH\/5SDgv+QgHz\/jH12\/4p8c\/+JfXP\/iYF2\/4qEev+Ihn3\/hIV9\/32AeP9xeG7\/Ymtf\/1FdTf9BUjv\/AI6Bg\/+PgoP\/koSD\/5WGgv+ZioP\/nI6E\/5+Rhf+fk4b\/nJOG\/5iRhf+RjYL\/h4Z7\/3x+c\/9wdGn\/ZGte\/1xlVv8AhHl8\/4d8fv+Pg4L\/mo2I\/6SWjv+snZL\/sKGU\/7CilP+soJH\/pZqM\/5uThf+Qi37\/hIN3\/3p8cP9zd2z\/bnRp\/wB8cnX\/gXd5\/42Cgf+dkYv\/q56V\/7Wnm\/+7rJ7\/u6yd\/7aol\/+toI\/\/oZeG\/5SNfv+Jhnj\/gIF0\/3p+c\/93fXP\/AHpsb\/9\/cnP\/jYB+\/56Si\/+toZf\/uKyf\/76xov++sJ\/\/uKuZ\/66ij\/+il4X\/lI17\/4iFdf9\/gXP\/eYB0\/3aAdv8Afmhp\/4Nubv+PfXr\/no+I\/6uflP+1qpz\/uq+f\/7qunP+0qJX\/qp+L\/56TgP+QiXb\/g4Fv\/3l9bf9yfG7\/bn1w\/wCJZWT\/jGto\/5R5c\/+eiYD\/p5iM\/66ilP+xp5b\/sKaU\/6uhjf+imIT\/lo14\/4mCbv97emb\/b3Vj\/2Z0Y\/9gdGT\/AJhjX\/+ZZ2P\/nHNs\/6CBd\/+kjoH\/ppeH\/6ebiv+lm4n\/oJaD\/5iOev+OhHD\/gnpl\/3RxXP9ma1b\/WmhS\/1BnUf8Ap15a\/6diXP+ma2P\/pXds\/6SBdP+iiXr\/oI58\/5yOfP+Yi3j\/koRx\/4l7aP9+cl3\/cmlS\/2NhSP9VWz\/\/Slg6\/wC1V1P\/tFpV\/7JiWv+ubGH\/qXVn\/6R9bf+ggXH\/m4Nx\/5aBb\/+RfGr\/inVj\/4FsWP92Ykz\/alg+\/11QL\/9USiL\/AMFMSv\/AT0z\/vVdR\/7lhV\/+za17\/rnNl\/6h5af+ifGz\/nXtr\/5d4aP+RcmH\/iWlY\/4BfS\/93VDv\/b0op\/2hDFf8Ayz0\/\/8pBQv\/ITEj\/xFlR\/8BlWv+6b2L\/tHZo\/656a\/+oemz\/oXhp\/5tyZP+UaVv\/jV9P\/4dUQP+CSjD\/f0Ig\/wDRKjT\/0TE4\/9BBQv\/OUk3\/y2JZ\/8duY\/\/Bd2r\/u3xu\/7N8b\/+sem3\/pXRn\/55rX\/+ZYVT\/lVdI\/5NNO\/+SRjD\/ANUSK\/\/VITD\/1Tk9\/9RPTP\/TYVr\/z29l\/8p5bf\/EfnH\/vH9y\/7R8cP+sdmr\/pm1j\/6FkWf+fWk7\/nlFD\/55KO\/9ahXX6s5xKJwAAAABJRU5ErkJggg=='\/%3E%3C\/svg%3E&quot;)\" src=\"https:\/\/www.europesays.com\/de\/wp-content\/uploads\/2025\/09\/jimi-blue-ochsenknecht-und-yeliz-koc-posiert.jpg\" fetchpriority=\"auto\"\/>Instagram \/ yelizkoc<img decoding=\"async\" alt=\"Bilder Gallerie Button\" class=\"absolute bottom-[7px] right-[3px] w-[54px] h-[54px] group-hover:scale-110 transition-transform duration-300\" src=\"https:\/\/www.europesays.com\/de\/wp-content\/uploads\/2025\/03\/galerie_button.png\" loading=\"lazy\"\/>Jimi Blue Ochsenknecht und Yeliz Koc, September 2025<\/p>\n<p>Was denkt ihr: Was steckt hinter Jimis geheimnisvoller Ank\u00fcndigung?<\/p>\n<p>Ergebnis anzeigen<\/p>\n","protected":false},"excerpt":{"rendered":"Jimi Blue Ochsenknecht (33) sorgt mit einer r\u00e4tselhaften Ank\u00fcndigung f\u00fcr Gespr\u00e4chsstoff. In einem kurzen Clip sitzt der Schauspieler&hellip;\n","protected":false},"author":2,"featured_media":578791,"comment_status":"","ping_status":"","sticky":false,"template":"","format":"standard","meta":{"footnotes":""},"categories":[1776],"tags":[1801,29,214,30,1802,215],"class_list":{"0":"post-578790","1":"post","2":"type-post","3":"status-publish","4":"format-standard","5":"has-post-thumbnail","7":"category-prominente","8":"tag-celebrities","9":"tag-deutschland","10":"tag-entertainment","11":"tag-germany","12":"tag-prominente","13":"tag-unterhaltung"},"share_on_mastodon":{"url":"https:\/\/pubeurope.com\/@de\/115557022919984608","error":""},"_links":{"self":[{"href":"https:\/\/www.europesays.com\/de\/wp-json\/wp\/v2\/posts\/578790","targetHints":{"allow":["GET"]}}],"collection":[{"href":"https:\/\/www.europesays.com\/de\/wp-json\/wp\/v2\/posts"}],"about":[{"href":"https:\/\/www.europesays.com\/de\/wp-json\/wp\/v2\/types\/post"}],"author":[{"embeddable":true,"href":"https:\/\/www.europesays.com\/de\/wp-json\/wp\/v2\/users\/2"}],"replies":[{"embeddable":true,"href":"https:\/\/www.europesays.com\/de\/wp-json\/wp\/v2\/comments?post=578790"}],"version-history":[{"count":0,"href":"https:\/\/www.europesays.com\/de\/wp-json\/wp\/v2\/posts\/578790\/revisions"}],"wp:featuredmedia":[{"embeddable":true,"href":"https:\/\/www.europesays.com\/de\/wp-json\/wp\/v2\/media\/578791"}],"wp:attachment":[{"href":"https:\/\/www.europesays.com\/de\/wp-json\/wp\/v2\/media?parent=578790"}],"wp:term":[{"taxonomy":"category","embeddable":true,"href":"https:\/\/www.europesays.com\/de\/wp-json\/wp\/v2\/categories?post=578790"},{"taxonomy":"post_tag","embeddable":true,"href":"https:\/\/www.europesays.com\/de\/wp-json\/wp\/v2\/tags?post=578790"}],"curies":[{"name":"wp","href":"https:\/\/api.w.org\/{rel}","templated":true}]}}