{"id":578811,"date":"2025-11-16T02:41:16","date_gmt":"2025-11-16T02:41:16","guid":{"rendered":"https:\/\/www.europesays.com\/de\/578811\/"},"modified":"2025-11-16T02:41:16","modified_gmt":"2025-11-16T02:41:16","slug":"erster-skiort-schlaegt-hepatitis-alarm-hygiene-warnung-fuer-touristen-news","status":"publish","type":"post","link":"https:\/\/www.europesays.com\/de\/578811\/","title":{"rendered":"Erster Skiort schl\u00e4gt Hepatitis-Alarm: Hygiene-Warnung f\u00fcr Touristen | News"},"content":{"rendered":"<p>Prag \u2013 <b>Wer einen Trip nach Tschechien plant, sollte nicht nur Kronen wechseln, sondern auch Hygienet\u00fccher einpacken. Vor allem Prag, Mittelb\u00f6hmen und der Kreis Karlsbad k\u00e4mpfen mit einem Ausbruch von Hepatitis A. Die Gesundheitsbeh\u00f6rde des Landes meldet 28 Todesf\u00e4lle und 2375 Infektionen in diesem Jahr. Nun warnt der erste Skiort im Erzgebirge, auf Hygiene-Regeln zu achten.<\/b><\/p>\n<p>Die Warnhinweise werden viele Touristen an die Corona-Pandemie erinnern: An T\u00fcrkliniken, Einkaufswagen und Toiletten lauern die Viren, ver\u00f6ffentlicht der <a href=\"https:\/\/www.facebook.com\/obec.bozi.dar\/posts\/pfbid0267BorjB9zx35qGG1hKy4AmMHKa9p9pQdz77S1SLCMgqWAW99x76afxVzNQa9uDe2l\" target=\"_blank\" rel=\"nofollow noopener\" class=\"text-link--external text-link\">Wintersport Bo\u017e\u00ed Dar (deutsch Gottesgab) in seiner Hygiene-Warnung<\/a>. Der Ort liegt an der Grenze zu Deutschland bei Oberwiesenthal, unterhalb des Keilbergs (1244 m hoch).<\/p>\n<p>Hygiene-Warnung auch f\u00fcr Tages-Touristen<\/p>\n<p>Hei\u00dft aber auch: Tank- und Einkaufstouristen kann es ebenfalls erwischen. Und Ski-Urlauber sollten in der Wintersaison aufpassen, was sie anfassen. Laut <a href=\"https:\/\/www.kr-karlovarsky.cz\/aktuality\/karlovarsky-kraj-hlasi-zhorseni-epidemiologicke-situace-kvuli-sirici-se-zloutence-vyzyva-lidi-k-vetsi-obezretnosti-dukladnejsi-hygiene\" rel=\"noopener\" class=\"text-link--external text-link\" target=\"_blank\">Landkreis Karlsbad<\/a> ist besonders die Region Sokolov (Falkenau an der Eger) betroffen. Sie liegt an der Autobahn D6 grenznah zum Vogtland und Oberfranken, f\u00fchrt in die ber\u00fchmte Kurstadt und weiter nach <a href=\"https:\/\/www.bild.de\/themen\/orte\/prag\/nachrichten-news-fotos-videos-17242602.bild.html\" class=\"text-link\" target=\"_blank\" rel=\"noopener\">Prag<\/a>.<\/p>\n<p><b>Das <\/b><a href=\"https:\/\/www.novinky.cz\/clanek\/domaci-zpravy-karlovarsky-kraj-nakaza-zloutenkou-dal-sili-nejvic-pripadu-na-obyvatele-hlasi-sokolovsko-40547649\" target=\"_blank\" rel=\"nofollow noopener\" class=\"text-link--external text-link\"><b>Portal novinky.cz<\/b><\/a><b> berichtet: \u201eDie Infektionsabteilung des regionalen Krankenhauses in Karlsbad ist nahezu voll, 18 der 20 Betten sind mit Patienten belegt.\u201c<\/b><\/p>\n<p>Tschechien alarmiert EU-L\u00e4nder<\/p>\n<p>Das Robert-Koch-Insitut schreibt BILD: \u201eDie staatliche Gesundheitsbeh\u00f6rde der Tschechischen Republik hat \u00fcber das Europ\u00e4ische Zentrum f\u00fcr die Pr\u00e4vention und Kontrolle von Krankheiten (ECDC) die anderen Mitgliedstaaten der EU \u00fcber den Ausbruch informiert.\u201c<\/p>\n<p><img decoding=\"async\" width=\"992\" height=\"558\" alt=\"Die Beh\u00f6rde von Sachsens Gesundheitsministerin Petra K\u00f6pping (67, SPD) sieht derzeit keine Gefahr f\u00fcrs Land\" src=\"https:\/\/www.europesays.com\/de\/wp-content\/uploads\/2025\/11\/b7d33db76349dec7936e71631801256d,15e36aa4\"   class=\"landscape\" loading=\"lazy\"\/><\/p>\n<p class=\"fig__caption__text\">Die Beh\u00f6rde von Sachsens Gesundheitsministerin Petra K\u00f6pping (67, SPD) sieht derzeit keine Gefahr f\u00fcrs Land<\/p>\n<p>Foto: Michael Kappeler\/dpa<\/p>\n<p>\u201eEine Gefahr f\u00fcr die s\u00e4chsische Bev\u00f6lkerung besteht aus infektionsepidemiologischer Sicht derzeit nicht\u201c, sagt ein Sprecher von Sachsens Gesundheitsministerin Petra K\u00f6pping (67, SPD) zur <a href=\"https:\/\/www.freiepresse.de\/ratgeber\/gesundheit\/hepatitis-ausbruch-in-tschechien-wie-gefaehrdet-sind-nachbarorte-in-sachsen-und-touristen-artikel14028994\" rel=\"noopener\" class=\"text-link--external text-link\" target=\"_blank\">Freien Presse<\/a>.<\/p>\n<p><b>Das Ministerium zu BILD: \u201eDie Pressever\u00f6ffentlichungen aus Tschechien verweisen auf Schmierinfektionen, die von Personen ausgehen, die ohne festen Wohnsitz oder unter schlechten hygienischen Bedingungen leben bzw. <\/b><a href=\"https:\/\/www.bild.de\/themen\/themen-uebersicht\/drogen\/drogen-infos-sucht-illegale-substanzen-36176776.bild.html\" class=\"text-link\" target=\"_blank\" rel=\"noopener\"><b>Drogen<\/b><\/a><b> konsumieren. Die Weiterverbreitung in der \u00fcbrigen Bev\u00f6lkerung in Tschechien beruht wohl vor allem auf den niedrigen Impfquoten der dortigen Bev\u00f6lkerung.\u201c<\/b><\/p>\n<p>In Deutschland gibt es laut Robert-Koch-Insitut (RKI) in diesem Jahr bislang 993 F\u00e4lle mit sechs Toten. Ministeriumssprecher S\u00f6ren Granzow (37): \u201eIn <a href=\"https:\/\/www.bild.de\/regional\/sachsen\/home-iIn0kpu2E59hLqZmJPC6\" class=\"text-link\" target=\"_blank\" rel=\"noopener\">Sachsen<\/a> wird grunds\u00e4tzlich allen Personen eine Hepatitis-A-Impfung empfohlen, die sehr gut vertr\u00e4glich ist und sch\u00fctzt.\u201c<\/p>\n<p><img decoding=\"async\" width=\"992\" height=\"558\" alt=\"In Prag Linienbussen werden die Haltegriffe verst\u00e4rkt desinfiziert\" src=\"https:\/\/www.europesays.com\/de\/wp-content\/uploads\/2025\/11\/c403bcffdf8ae94481db3b6b12401262,f33c72bc\"   class=\"landscape\" loading=\"lazy\"\/><\/p>\n<p class=\"fig__caption__text\">In Prags Linienbussen werden die Haltegriffe verst\u00e4rkt desinfiziert <\/p>\n<p>Foto: dpp.cz<\/p>\n<p>Hohe Fallzahlen auch in Prag<\/p>\n<p>Laut Staatlichem Gesundheitsinstitut in <a href=\"https:\/\/www.bild.de\/news\/ausland\/tschechien\/thema-tschechien-alle-infos-80024586.bild.html\" class=\"text-link\" target=\"_blank\" rel=\"noopener\">Tschechien<\/a> wurden 78 Prozent der Erkrankten im Krankenhaus behandelt, auch Kinder im Alter von 5 bis 9 Jahren (185 F\u00e4lle) wurden angesteckt. Wochenend-Urlauber aufgepasst: Stark ist auch die Hauptstadt Prag (1010 F\u00e4lle, Stand 2. November) betroffen. Laut Stadtverwaltung wurden hier mehr Desinfektionsspender aufgestellt, werden u.a. Haltegriffe in Stra\u00dfenbahnen, der Metro und Bussen \u00f6fter desifiziert.<\/p>\n<p>Mehr zum ThemaSo gef\u00e4hrlich ist Hepatitis A<\/p>\n<p>Laut <a href=\"https:\/\/www.bild.de\/politik\/inland\/robert-koch-institut\/rki-alle-infos-78677440.bild.html\" class=\"text-link\" target=\"_blank\" rel=\"noopener\">RKI<\/a> in Berlin ist Hepatitis A (auch Gelbsucht genannt) eine hochansteckende Leberentz\u00fcndung (Inkubationszeit 15 bis 50 Tage). Die Krankheit wird <a href=\"https:\/\/edoc.rki.de\/bitstream\/handle\/176904\/10733\/EB-6-2023-RG.pdf?sequence=1\" rel=\"noopener\" class=\"text-link--external text-link\" target=\"_blank\">\u201ef\u00e4kal-oral durch Kontakt- oder Schmierinfektion\u201c<\/a> \u00fcbertragen. Erste Beschwerden sind oft \u00dcbelkeit, M\u00fcdigkeit und Bauchdruck, sp\u00e4ter verf\u00e4rbt sich der Stuhl hell, wird der Urin dunkler, werden Augen und Haut gelb. Die meisten Erkrankten erholen sich nach zwei bis drei Monaten vollst\u00e4ndig, nur in seltenen F\u00e4llen verl\u00e4uft sie t\u00f6dlich (u.a. bei vorerkrankter Leber).<\/p>\n<p><img decoding=\"async\" width=\"992\" height=\"558\" alt=\"Der Durchmesser des Hepatitis-A-Virus liegt zwischen etwa 20 und 30 Nanometer \u2013 hier unter einem Transmissionselektronenmikroskop aufgenommen\" src=\"https:\/\/www.europesays.com\/de\/wp-content\/uploads\/2025\/11\/b4dc3186f57db03e22ee77491c09bf7f,489365db\"   class=\"landscape\" loading=\"lazy\"\/><\/p>\n<p class=\"fig__caption__text\">Der Durchmesser des Hepatitis-A-Virus liegt zwischen etwa 20 und 30 Nanometer \u2013 hier unter einem Transmissionselektronenmikroskop aufgenommen<\/p>\n<p>Foto: picture alliance \/ BSIP<\/p>\n","protected":false},"excerpt":{"rendered":"Prag \u2013 Wer einen Trip nach Tschechien plant, sollte nicht nur Kronen wechseln, sondern auch Hygienet\u00fccher einpacken. Vor&hellip;\n","protected":false},"author":2,"featured_media":578812,"comment_status":"","ping_status":"","sticky":false,"template":"","format":"standard","meta":{"footnotes":""},"categories":[2],"tags":[29,10176,30,13,51120,139014,82456,39915,48013,139015,14,15,2859,12,5548,45,10,8,9,11,12475,864],"class_list":{"0":"post-578811","1":"post","2":"type-post","3":"status-publish","4":"format-standard","5":"has-post-thumbnail","7":"category-deutschland","8":"tag-deutschland","9":"tag-fischer-thomas","10":"tag-germany","11":"tag-headlines","12":"tag-hepatitis","13":"tag-hepatitis-a","14":"tag-hepatitis-b","15":"tag-karlsbad","16":"tag-leber","17":"tag-lebererkrankungen","18":"tag-nachrichten","19":"tag-news","20":"tag-prag","21":"tag-schlagzeilen","22":"tag-ski-alpin","23":"tag-texttospeech","24":"tag-top-news","25":"tag-top-meldungen","26":"tag-topmeldungen","27":"tag-topnews","28":"tag-tschechien","29":"tag-wintersport"},"share_on_mastodon":{"url":"https:\/\/pubeurope.com\/@de\/115557072606656811","error":""},"_links":{"self":[{"href":"https:\/\/www.europesays.com\/de\/wp-json\/wp\/v2\/posts\/578811","targetHints":{"allow":["GET"]}}],"collection":[{"href":"https:\/\/www.europesays.com\/de\/wp-json\/wp\/v2\/posts"}],"about":[{"href":"https:\/\/www.europesays.com\/de\/wp-json\/wp\/v2\/types\/post"}],"author":[{"embeddable":true,"href":"https:\/\/www.europesays.com\/de\/wp-json\/wp\/v2\/users\/2"}],"replies":[{"embeddable":true,"href":"https:\/\/www.europesays.com\/de\/wp-json\/wp\/v2\/comments?post=578811"}],"version-history":[{"count":0,"href":"https:\/\/www.europesays.com\/de\/wp-json\/wp\/v2\/posts\/578811\/revisions"}],"wp:featuredmedia":[{"embeddable":true,"href":"https:\/\/www.europesays.com\/de\/wp-json\/wp\/v2\/media\/578812"}],"wp:attachment":[{"href":"https:\/\/www.europesays.com\/de\/wp-json\/wp\/v2\/media?parent=578811"}],"wp:term":[{"taxonomy":"category","embeddable":true,"href":"https:\/\/www.europesays.com\/de\/wp-json\/wp\/v2\/categories?post=578811"},{"taxonomy":"post_tag","embeddable":true,"href":"https:\/\/www.europesays.com\/de\/wp-json\/wp\/v2\/tags?post=578811"}],"curies":[{"name":"wp","href":"https:\/\/api.w.org\/{rel}","templated":true}]}}