{"id":578818,"date":"2025-11-16T02:45:15","date_gmt":"2025-11-16T02:45:15","guid":{"rendered":"https:\/\/www.europesays.com\/de\/578818\/"},"modified":"2025-11-16T02:45:15","modified_gmt":"2025-11-16T02:45:15","slug":"kiel-waehlt-neuen-oberbuergermeister","status":"publish","type":"post","link":"https:\/\/www.europesays.com\/de\/578818\/","title":{"rendered":"Kiel w\u00e4hlt neuen Oberb\u00fcrgermeister"},"content":{"rendered":"<p class=\"expressive-copy-lg-body\">Die Menschen in Schleswig-Holsteins Landeshauptstadt sind heute zur Wahl eines neuen Oberb\u00fcrgermeisters aufgerufen. Damit stimmen die Kielerinnen und Kieler \u00fcber die Nachfolge von Oberb\u00fcrgermeister Ulf K\u00e4mpfer (SPD) ab. Der 53-J\u00e4hrige wechselt nach zwei Amtszeiten in die Landespolitik. Die Wahllokale \u00f6ffnen um 8.00 Uhr ihre T\u00fcren.<\/p>\n<p class=\"expressive-copy-lg-body\">Insgesamt neun Kandidatinnen und Kandidaten von zehn Parteien treten bei der Wahl an. Erreicht niemand die absolute Mehrheit, folgt am 30. November eine Stichwahl. Der Amtsantritt erfolgt im April 2026.<\/p>\n<p class=\"expressive-copy-lg-body\">\u00a9 dpa-infocom, dpa:251116-930-298326\/1<\/p>\n","protected":false},"excerpt":{"rendered":"Die Menschen in Schleswig-Holsteins Landeshauptstadt sind heute zur Wahl eines neuen Oberb\u00fcrgermeisters aufgerufen. Damit stimmen die Kielerinnen und&hellip;\n","protected":false},"author":2,"featured_media":578819,"comment_status":"","ping_status":"","sticky":false,"template":"","format":"standard","meta":{"footnotes":""},"categories":[1852],"tags":[3364,29,548,663,3934,30,13,4949,14,15,12,1971],"class_list":{"0":"post-578818","1":"post","2":"type-post","3":"status-publish","4":"format-standard","5":"has-post-thumbnail","7":"category-kiel","8":"tag-de","9":"tag-deutschland","10":"tag-eu","11":"tag-europa","12":"tag-europe","13":"tag-germany","14":"tag-headlines","15":"tag-kiel","16":"tag-nachrichten","17":"tag-news","18":"tag-schlagzeilen","19":"tag-schleswig-holstein"},"share_on_mastodon":{"url":"https:\/\/pubeurope.com\/@de\/115557087620312395","error":""},"_links":{"self":[{"href":"https:\/\/www.europesays.com\/de\/wp-json\/wp\/v2\/posts\/578818","targetHints":{"allow":["GET"]}}],"collection":[{"href":"https:\/\/www.europesays.com\/de\/wp-json\/wp\/v2\/posts"}],"about":[{"href":"https:\/\/www.europesays.com\/de\/wp-json\/wp\/v2\/types\/post"}],"author":[{"embeddable":true,"href":"https:\/\/www.europesays.com\/de\/wp-json\/wp\/v2\/users\/2"}],"replies":[{"embeddable":true,"href":"https:\/\/www.europesays.com\/de\/wp-json\/wp\/v2\/comments?post=578818"}],"version-history":[{"count":0,"href":"https:\/\/www.europesays.com\/de\/wp-json\/wp\/v2\/posts\/578818\/revisions"}],"wp:featuredmedia":[{"embeddable":true,"href":"https:\/\/www.europesays.com\/de\/wp-json\/wp\/v2\/media\/578819"}],"wp:attachment":[{"href":"https:\/\/www.europesays.com\/de\/wp-json\/wp\/v2\/media?parent=578818"}],"wp:term":[{"taxonomy":"category","embeddable":true,"href":"https:\/\/www.europesays.com\/de\/wp-json\/wp\/v2\/categories?post=578818"},{"taxonomy":"post_tag","embeddable":true,"href":"https:\/\/www.europesays.com\/de\/wp-json\/wp\/v2\/tags?post=578818"}],"curies":[{"name":"wp","href":"https:\/\/api.w.org\/{rel}","templated":true}]}}