{"id":578823,"date":"2025-11-16T02:48:19","date_gmt":"2025-11-16T02:48:19","guid":{"rendered":"https:\/\/www.europesays.com\/de\/578823\/"},"modified":"2025-11-16T02:48:19","modified_gmt":"2025-11-16T02:48:19","slug":"gladbachs-robin-hack-hat-geheiratet-und-gibt-einblicke","status":"publish","type":"post","link":"https:\/\/www.europesays.com\/de\/578823\/","title":{"rendered":"Gladbachs Robin Hack hat geheiratet \u2013 und gibt Einblicke"},"content":{"rendered":"<p>Erfreuliche Neuigkeiten <\/p>\n<p>Bundesliga-Profi heiratet \u2013 und gibt private Einblicke<\/p>\n<p>15.11.2025 &#8211; 20:51 UhrLesedauer: 1 Min.<\/p>\n<p><a href=\"#focus-0\" class=\"transition-colors duration-200 block text-current relative\" data-sctrack=\"FocusGalleryImage.Reference\"><img fetchpriority=\"high\" data-testid=\"Opener.Image\" style=\"--lqipURL:url('https:\/\/images.t-online.de\/2025\/11\/2qs1KVhsPC12\/456x377:2707x1523\/fit-in\/150x0\/filters:blur(25)\/robin-hack-er-kam-im-sommer-2023-nach-gladbach.jpg')\"   loading=\"eager\" src=\"https:\/\/www.europesays.com\/de\/wp-content\/uploads\/2025\/11\/robin-hack-er-kam-im-sommer-2023-nach-gladbach.jpg\" alt=\"Robin Hack: Er kam im Sommer 2023 nach Gladbach.\" title=\"Robin Hack: Er kam im Sommer 2023 nach Gladbach.\" width=\"2707\" height=\"1523\" class=\"bg-[url:var(--lqipURL)] bg-cover bg-center flex h-full w-full max-w-full\" decoding=\"async\"\/><img style=\"--width:32;--height:32\" loading=\"lazy\" src=\"https:\/\/www.t-online.de\/s\/paper\/_next\/static\/media\/zoom-in.f7dae02f.svg\" alt=\"Vergr\u00f6\u00dfern des Bildes\" title=\"Vergr\u00f6\u00dfern des Bildes\" class=\"block h-[calc(var(--height)_\/_16_*_1rem)] w-[calc(var(--width)_\/_16_*_1rem)] max-w-none absolute bottom-8 right-8 rounded-4 bg-snow p-8\" decoding=\"async\"\/><\/a><\/p>\n<p>Robin Hack: Er kam im Sommer 2023 nach Gladbach. (Quelle: IMAGO\/Malte Ossowski\/Sven Simon)<\/p>\n<p class=\"font-bold text-18 leading-17\">Inmitten der L\u00e4nderspielpause gibt es erfreuliche Nachrichten um Robin Hack. Der Gladbacher teilt einen besonders privaten Moment.<\/p>\n<p class=\"text-18 leading-17\">Robin Hack und Melissa Deines haben geheiratet. Der Offensivakteur von <a class=\"transition-colors duration-200 cursor-pointer text-inherit no-underline text-salemsfur md:hover:text-magenta md:hover:border-magenta md:focus:text-magenta border-current border-b border-solid break-words\" href=\"https:\/\/www.t-online.de\/themen\/borussia-moenchengladbach\/\" data-sctrack=\"BodyAnchor\" target=\"_blank\" rel=\"noopener\">Borussia M\u00f6nchengladbach<\/a> und die Influencerin gaben sich beide nach sechs Jahren Beziehung am Freitag das Ja-Wort. Dazu gab das Paar auf Instagram in einer Fotostrecke Einblicke. Darauf zu sehen: W\u00e4hrend Hack einen schwarzen Anzug mitsamt Fliege tr\u00e4gt, setzt Deines auf ein langes, schulterfreies wei\u00dfes Kleid mit Kragen. Ihre Haare sind halb offen.<\/p>\n<p class=\"text-18 leading-17\">Am Samstag postete Deines weitere Bilder in ihrer Story \u2013 und ein Bild von goldenen Luftballons in Form einer 30. Dazu schrieb sie: &#8222;Aufgewacht als eine Ehefrau, aber 30 Jahre alt geworden.&#8220; Sie kommentierte mit verschiedenen Emojis.<\/p>\n<p class=\"text-18 leading-17\">Das Paar hatte sich im September auf Sardinien verlobt. Hack und Deines sind bereits Eltern von zwei Kindern. Sohn Ameo wurde im November 2023 geboren, Tochter Lou kam im Juni 2025 zur Welt.<\/p>\n<p class=\"text-18 leading-17\">Sportlich kehrte Hack nach mehrw\u00f6chiger Verletzungspause zuletzt auf den Platz zur\u00fcck. Nach einer Meniskusoperation im September absolvierte er am vergangenen Donnerstag erste Spielminuten in einem Test gegen den belgischen Klub Lierse SK.<\/p>\n","protected":false},"excerpt":{"rendered":"Erfreuliche Neuigkeiten Bundesliga-Profi heiratet \u2013 und gibt private Einblicke 15.11.2025 &#8211; 20:51 UhrLesedauer: 1 Min. Robin Hack: Er&hellip;\n","protected":false},"author":2,"featured_media":578824,"comment_status":"","ping_status":"","sticky":false,"template":"","format":"standard","meta":{"footnotes":""},"categories":[1849],"tags":[722,815,3364,29,548,663,3934,30,14337,13,152,11459,139017,4455,14,5480,15,1209,25227,12],"class_list":{"0":"post-578823","1":"post","2":"type-post","3":"status-publish","4":"format-standard","5":"has-post-thumbnail","7":"category-moenchengladbach","8":"tag-722","9":"tag-borussia-moenchengladbach","10":"tag-de","11":"tag-deutschland","12":"tag-eu","13":"tag-europa","14":"tag-europe","15":"tag-germany","16":"tag-gladbach","17":"tag-headlines","18":"tag-instagram","19":"tag-laenderspielpause","20":"tag-melissa-deines","21":"tag-moenchengladbach","22":"tag-nachrichten","23":"tag-neuigkeit","24":"tag-news","25":"tag-nordrhein-westfalen","26":"tag-robin-hack","27":"tag-schlagzeilen"},"share_on_mastodon":{"url":"https:\/\/pubeurope.com\/@de\/115557099606469024","error":""},"_links":{"self":[{"href":"https:\/\/www.europesays.com\/de\/wp-json\/wp\/v2\/posts\/578823","targetHints":{"allow":["GET"]}}],"collection":[{"href":"https:\/\/www.europesays.com\/de\/wp-json\/wp\/v2\/posts"}],"about":[{"href":"https:\/\/www.europesays.com\/de\/wp-json\/wp\/v2\/types\/post"}],"author":[{"embeddable":true,"href":"https:\/\/www.europesays.com\/de\/wp-json\/wp\/v2\/users\/2"}],"replies":[{"embeddable":true,"href":"https:\/\/www.europesays.com\/de\/wp-json\/wp\/v2\/comments?post=578823"}],"version-history":[{"count":0,"href":"https:\/\/www.europesays.com\/de\/wp-json\/wp\/v2\/posts\/578823\/revisions"}],"wp:featuredmedia":[{"embeddable":true,"href":"https:\/\/www.europesays.com\/de\/wp-json\/wp\/v2\/media\/578824"}],"wp:attachment":[{"href":"https:\/\/www.europesays.com\/de\/wp-json\/wp\/v2\/media?parent=578823"}],"wp:term":[{"taxonomy":"category","embeddable":true,"href":"https:\/\/www.europesays.com\/de\/wp-json\/wp\/v2\/categories?post=578823"},{"taxonomy":"post_tag","embeddable":true,"href":"https:\/\/www.europesays.com\/de\/wp-json\/wp\/v2\/tags?post=578823"}],"curies":[{"name":"wp","href":"https:\/\/api.w.org\/{rel}","templated":true}]}}