{"id":578827,"date":"2025-11-16T02:50:12","date_gmt":"2025-11-16T02:50:12","guid":{"rendered":"https:\/\/www.europesays.com\/de\/578827\/"},"modified":"2025-11-16T02:50:12","modified_gmt":"2025-11-16T02:50:12","slug":"krankenhausgesellschaft-kritisiert-bundespolitik-suedwest","status":"publish","type":"post","link":"https:\/\/www.europesays.com\/de\/578827\/","title":{"rendered":"Krankenhausgesellschaft kritisiert Bundespolitik &#8211; S\u00fcdwest"},"content":{"rendered":"<p class=\"rhp-dpa-teaser\"><b>Die Krankenhausgesellschaft Rheinland-Pfalz fordert von der Landesregierung, Interessen im Bundesrat durchzusetzen. Vielen Krankenh\u00e4user drohe eine Insolvenz.<\/b><\/p>\n<p><a class=\"rtr-entity\" data-rtr-entity=\"Mainz\" data-rtr-id=\"e3ec7426bbabd4c2629b469564eb0c8ee33bc951\" data-rtr-score=\"14.980728051391862\" data-rtr-etype=\"location\" data-rtr-index=\"19\" href=\"https:\/\/www.rheinpfalz.de\/themen\/mainz?utm_source=rheinpfalz.de&amp;utm_medium=tms&amp;utm_campaign=intext\" target=\"_blank\" rel=\"noopener\">Mainz<\/a> (dpa\/lrs) &#8211; Der Gesch\u00e4ftsf\u00fchrer der Krankenhausgesellschaft in <a class=\"rtr-entity\" data-rtr-entity=\"Rheinland-Pfalz\" data-rtr-id=\"592c89cea2c38a673e1ef01e37ba8a1a22000196\" data-rtr-score=\"49.427408993576016\" data-rtr-etype=\"location\" data-rtr-index=\"2\" href=\"https:\/\/www.rheinpfalz.de\/rheinland-pfalz.html\" target=\"_blank\" rel=\"noopener\">Rheinland-Pfalz<\/a>, Andreas Wermter, unterst\u00fctzt die Kritik von Gesundheitsminister <a class=\"rtr-entity\" data-rtr-entity=\"Clemens Hoch\" data-rtr-id=\"516190ee4c67b2344b15f35b92ed3b11a1e2d685\" data-rtr-score=\"69.8286937901499\" data-rtr-etype=\"person\" data-rtr-index=\"9\" href=\"https:\/\/www.rheinpfalz.de\/themen\/clemens-hoch?utm_source=rheinpfalz.de&amp;utm_medium=tms&amp;utm_campaign=intext\" target=\"_blank\" rel=\"noopener\">Clemens Hoch<\/a> (SPD) an der Bundespolitik. Er sieht aber auch die L\u00e4nder im <a class=\"rtr-entity\" data-rtr-entity=\"Bundesrat\" data-rtr-id=\"06f972a15c14ce03be22fc0bf66e73316f206e92\" data-rtr-score=\"69.06295503211992\" data-rtr-etype=\"organisation\" data-rtr-index=\"12\" href=\"https:\/\/www.rheinpfalz.de\/themen\/bundesrat?utm_source=rheinpfalz.de&amp;utm_medium=tms&amp;utm_campaign=intext\" target=\"_blank\" rel=\"noopener\">Bundesrat<\/a> in der Pflicht. \u00abEs bleibt zu hoffen, dass den L\u00e4ndern der politische Wille zur Durchsetzung ihrer berechtigten Interessen nicht auf den Stufen des Bundesratsgeb\u00e4udes abhandenkommt\u00bb, teilte Wermter der Deutschen Presse-Agentur in Mainz mit. <\/p>\n<p>\u00abWir begr\u00fc\u00dfen es sehr, dass Gesundheitsminister Hoch zum wiederholten Male die f\u00fcr die Krankenh\u00e4user negativen Entscheidungen der Bundespolitik im Zusammenhang mit der Krankenhausreform vehement kritisiert\u00bb, sagte Wermter. <\/p>\n<p>Erh\u00f6hte Insolvenzgefahr f\u00fcr einzelne Standorte<\/p>\n<p>Rheinland-Pfalz und die anderen L\u00e4nder sollten jetzt im Rahmen des aktuellen Gesetzgebungsverfahrens zum Krankenhausreformanpassungsgesetz (KHAG) ihre berechtigten Forderungen im Bundesrat durchsetzen. Dies sei insbesondere angesichts der erh\u00f6hten Insolvenzgefahr f\u00fcr einzelne Standorte notwendig. <\/p>\n<p>Wermter: Keine R\u00fccksichtnahme aus politischen Gr\u00fcnden<\/p>\n<p>\u00abWie fatal eine R\u00fccksichtnahme aus politischen Gr\u00fcnden sein kann, hat das Ergebnis des Gesetzgebungsverfahrens zum Krankenhausversorgungsverbesserungsgesetz (KHVVG) im November des letzten Jahres gezeigt\u00bb, sagte Wermter. \u00abDas Gesetz ist gegen die vehemente Kritik der L\u00e4nder mit all den M\u00e4ngeln in Kraft getreten, die von Minister Hoch heute noch zu Recht kritisiert werden.\u00bb Die SPD war damals und jetzt in der Bundesregierung. <\/p>\n<p>Hoch: Bundesministerin Warken versch\u00e4rft mit K\u00fcrzungen die Lage <\/p>\n<p>Hoch hatte gesagt, die Neuaufstellung der Krankenh\u00e4user in Deutschland sei nach dem Regierungswechsel in Berlin von der Ampel zu schwarz-rot an einigen Stellen schwieriger geworden. Gift f\u00fcr die Krankenh\u00e4user sei, dass ihnen Bundesgesundheitsministerin Nina Warken (CDU) jetzt Geld wegnehmen wolle &#8211; in Rheinland-Pfalz rund 90 Millionen Euro. Warken versch\u00e4rfe mit ihren K\u00fcrzungspl\u00e4nen die Lage. <\/p>\n<p>Vom Bund fehlten auch noch Vorgaben etwa f\u00fcr die geplanten Regiokliniken sowie f\u00fcr die Festsetzung der sogenannten Leistungsgruppen. Das sind Kategorien medizinischer Leistungen, die aufgrund verschiedener Kriterien definiert werden, wie etwa: Diagnose, Altersgruppe, Fachabteilung.<\/p>\n","protected":false},"excerpt":{"rendered":"Die Krankenhausgesellschaft Rheinland-Pfalz fordert von der Landesregierung, Interessen im Bundesrat durchzusetzen. Vielen Krankenh\u00e4user drohe eine Insolvenz. Mainz (dpa\/lrs)&hellip;\n","protected":false},"author":2,"featured_media":578828,"comment_status":"","ping_status":"","sticky":false,"template":"","format":"standard","meta":{"footnotes":""},"categories":[1847],"tags":[139018,3944,4029,1173,82703,3364,2520,29,28196,548,663,3934,1721,30,141,13,2052,3263,67678,1427,4823,14,15,36257,16,1756,12,184,28194,4544],"class_list":{"0":"post-578827","1":"post","2":"type-post","3":"status-publish","4":"format-standard","5":"has-post-thumbnail","7":"category-wiesbaden","8":"tag-andreas-wermter","9":"tag-bundeslaender","10":"tag-bundesrat","11":"tag-bundesregierung","12":"tag-clemens-hoch","13":"tag-de","14":"tag-deutsche-presse-agentur","15":"tag-deutschland","16":"tag-dpaticker","17":"tag-eu","18":"tag-europa","19":"tag-europe","20":"tag-finanzen","21":"tag-germany","22":"tag-gesundheit","23":"tag-headlines","24":"tag-hessen","25":"tag-krankenhaus","26":"tag-krankenhausgesellschaft","27":"tag-mainz","28":"tag-meldung","29":"tag-nachrichten","30":"tag-news","31":"tag-nina-warken","32":"tag-politik","33":"tag-rheinland-pfalz","34":"tag-schlagzeilen","35":"tag-spd","36":"tag-suedwest","37":"tag-wiesbaden"},"share_on_mastodon":{"url":"https:\/\/pubeurope.com\/@de\/115557107311032831","error":""},"_links":{"self":[{"href":"https:\/\/www.europesays.com\/de\/wp-json\/wp\/v2\/posts\/578827","targetHints":{"allow":["GET"]}}],"collection":[{"href":"https:\/\/www.europesays.com\/de\/wp-json\/wp\/v2\/posts"}],"about":[{"href":"https:\/\/www.europesays.com\/de\/wp-json\/wp\/v2\/types\/post"}],"author":[{"embeddable":true,"href":"https:\/\/www.europesays.com\/de\/wp-json\/wp\/v2\/users\/2"}],"replies":[{"embeddable":true,"href":"https:\/\/www.europesays.com\/de\/wp-json\/wp\/v2\/comments?post=578827"}],"version-history":[{"count":0,"href":"https:\/\/www.europesays.com\/de\/wp-json\/wp\/v2\/posts\/578827\/revisions"}],"wp:featuredmedia":[{"embeddable":true,"href":"https:\/\/www.europesays.com\/de\/wp-json\/wp\/v2\/media\/578828"}],"wp:attachment":[{"href":"https:\/\/www.europesays.com\/de\/wp-json\/wp\/v2\/media?parent=578827"}],"wp:term":[{"taxonomy":"category","embeddable":true,"href":"https:\/\/www.europesays.com\/de\/wp-json\/wp\/v2\/categories?post=578827"},{"taxonomy":"post_tag","embeddable":true,"href":"https:\/\/www.europesays.com\/de\/wp-json\/wp\/v2\/tags?post=578827"}],"curies":[{"name":"wp","href":"https:\/\/api.w.org\/{rel}","templated":true}]}}