{"id":578838,"date":"2025-11-16T02:56:20","date_gmt":"2025-11-16T02:56:20","guid":{"rendered":"https:\/\/www.europesays.com\/de\/578838\/"},"modified":"2025-11-16T02:56:20","modified_gmt":"2025-11-16T02:56:20","slug":"regenstuerme-in-suedkalifornien-warnung-vor-sturzfluten","status":"publish","type":"post","link":"https:\/\/www.europesays.com\/de\/578838\/","title":{"rendered":"Regenst\u00fcrme in S\u00fcdkalifornien &#8211; Warnung vor Sturzfluten"},"content":{"rendered":"<p>Los Angeles (dpa) &#8211; Ein Wintersturm mit starkem Regen, heftigen Winden und \u00dcberschwemmungen hat weite Teile S\u00fcdkaliforniens heimgesucht. Die Beh\u00f6rden haben f\u00fcr den Raum Los Angeles und angrenzende Gebiete Warnungen f\u00fcr Sturzfluten und \u00dcberschwemmungen ausgerufen. Der Wetterdienst mahnte zur Vorsicht, vor allem in ehemaligen Brandgebieten. In Regionen, wo im vorigen Januar heftige Fl\u00e4chenbr\u00e4nde w\u00fcteten, drohten Erdrutsche und Schlammlawinen. Anwohner in den gef\u00e4hrdeten Bezirken wurden aufgerufen, notfalls die Gefahrenzonen schnell zu verlassen.\u00a0<\/p>\n<p>Die Stadt Santa Monica riet dazu, nicht notwendige Reisen zu vermeiden und auf keinen Fall \u00fcberschwemmte Stra\u00dfen zu benutzen. B\u00e4che und Fl\u00fcsse im bev\u00f6lkerungsreichsten Bundesstaat der USA sind als Folge der St\u00fcrme \u00fcber die Ufer getreten, einige Stra\u00dfen in den am schwersten betroffenen Regionen wurden gesperrt.\u00a0<\/p>\n<p>Nach Fl\u00e4chenbr\u00e4nden und auf kahlen B\u00f6den k\u00f6nne Starkregen gef\u00e4hrliche Folgen haben. Im Winter 2018 w\u00fcteten im Raum Santa Barbara erst schwere Waldbr\u00e4nde, dann folgten starke Regenf\u00e4lle. Schlammlawinen und Erdrutsche zerst\u00f6rten damals Hunderte H\u00e4user, mehr als 20 Menschen kamen ums Leben.<\/p>\n<p>Br\u00e4nde w\u00fcteten wochenlang<\/p>\n<p>Zwei schwere Gro\u00dfbr\u00e4nde, das Palisades-Feuer am Westrand von Los Angeles und das sogenannte Eaton-Feuer nahe Pasadena und Altadena, zerst\u00f6rten zu Beginn des Jahres mehr als 16.000 Geb\u00e4ude. Die Feuerwehr war damals wochenlang im Gro\u00dfeinsatz, um die Br\u00e4nde einzud\u00e4mmen. Mindestens 31 Menschen kamen ums Leben.<\/p>\n","protected":false},"excerpt":{"rendered":"Los Angeles (dpa) &#8211; Ein Wintersturm mit starkem Regen, heftigen Winden und \u00dcberschwemmungen hat weite Teile S\u00fcdkaliforniens heimgesucht.&hellip;\n","protected":false},"author":2,"featured_media":578839,"comment_status":"","ping_status":"","sticky":false,"template":"","format":"standard","meta":{"footnotes":""},"categories":[1843],"tags":[3364,29,30,1563,8970,1209,4338,4028,64,1973],"class_list":{"0":"post-578838","1":"post","2":"type-post","3":"status-publish","4":"format-standard","5":"has-post-thumbnail","7":"category-muenster","8":"tag-de","9":"tag-deutschland","10":"tag-germany","11":"tag-klima","12":"tag-muenster","13":"tag-nordrhein-westfalen","14":"tag-notfall","15":"tag-unwetter","16":"tag-usa","17":"tag-wetter"},"share_on_mastodon":{"url":"https:\/\/pubeurope.com\/@de\/115557130765642743","error":""},"_links":{"self":[{"href":"https:\/\/www.europesays.com\/de\/wp-json\/wp\/v2\/posts\/578838","targetHints":{"allow":["GET"]}}],"collection":[{"href":"https:\/\/www.europesays.com\/de\/wp-json\/wp\/v2\/posts"}],"about":[{"href":"https:\/\/www.europesays.com\/de\/wp-json\/wp\/v2\/types\/post"}],"author":[{"embeddable":true,"href":"https:\/\/www.europesays.com\/de\/wp-json\/wp\/v2\/users\/2"}],"replies":[{"embeddable":true,"href":"https:\/\/www.europesays.com\/de\/wp-json\/wp\/v2\/comments?post=578838"}],"version-history":[{"count":0,"href":"https:\/\/www.europesays.com\/de\/wp-json\/wp\/v2\/posts\/578838\/revisions"}],"wp:featuredmedia":[{"embeddable":true,"href":"https:\/\/www.europesays.com\/de\/wp-json\/wp\/v2\/media\/578839"}],"wp:attachment":[{"href":"https:\/\/www.europesays.com\/de\/wp-json\/wp\/v2\/media?parent=578838"}],"wp:term":[{"taxonomy":"category","embeddable":true,"href":"https:\/\/www.europesays.com\/de\/wp-json\/wp\/v2\/categories?post=578838"},{"taxonomy":"post_tag","embeddable":true,"href":"https:\/\/www.europesays.com\/de\/wp-json\/wp\/v2\/tags?post=578838"}],"curies":[{"name":"wp","href":"https:\/\/api.w.org\/{rel}","templated":true}]}}