{"id":578842,"date":"2025-11-16T02:59:12","date_gmt":"2025-11-16T02:59:12","guid":{"rendered":"https:\/\/www.europesays.com\/de\/578842\/"},"modified":"2025-11-16T02:59:12","modified_gmt":"2025-11-16T02:59:12","slug":"london-britische-regierung-will-asylregeln-drastisch-verschaerfen","status":"publish","type":"post","link":"https:\/\/www.europesays.com\/de\/578842\/","title":{"rendered":"London | Britische Regierung will Asylregeln drastisch versch\u00e4rfen"},"content":{"rendered":"<p>London (dpa) &#8211; Gro\u00dfbritanniens sozialdemokratische Regierung will die Asylgesetze des Landes drastisch versch\u00e4rfen. In einem Zeitungsinterview k\u00fcndigte Innenministerin Shabana Mahmood eine Rede im Unterhaus des Parlaments am Montag an, bei der sie Reformpl\u00e4ne zur \u00abumfassendsten \u00c4nderung des Asylsystems seit Jahrzehnten\u00bb vorstellen werde. Damit stellt sie sich gegen Abgeordnete des linken Labour-Fl\u00fcgels, die einen Rechtsruck ihrer innenpolitisch unter gro\u00dfem Druck stehenden Partei bef\u00fcrchten.<\/p>\n<p>Mahmood will die 2005 &#8211; also 15 Jahre vor dem Brexit &#8211; unter EU-Recht eingef\u00fchrte staatliche Pflicht zur Unterst\u00fctzung von Asylbewerbern abschaffen. Wer prinzipiell in Gro\u00dfbritannien arbeiten und seinen Lebensunterhalt selbst bestreiten kann, es aber dennoch nicht tut, w\u00fcrde gem\u00e4\u00df der geplanten Reform seinen gesetzlich garantierten Anspruch auf Unterbringung und finanzielle Beihilfen verwirken. Gleiches soll f\u00fcr Asylbewerber gelten, die Gesetze brechen.<\/p>\n<p>H\u00e4rtere Regeln f\u00fcr Neuank\u00f6mmlinge<\/p>\n<p>Die versch\u00e4rften Regeln sollen nicht f\u00fcr Menschen gelten, die bereits in Gro\u00dfbritannien leben, sondern nur f\u00fcr Neuank\u00f6mmlinge. Wer fortan illegal ins Land kommt, soll fr\u00fchestens nach 20 Jahren dauerhaftes Aufenthaltsrecht gew\u00e4hrt bekommen &#8211; und auch nur dann, wenn bestimmte Kriterien erf\u00fcllt sind und zum Beispiel keine Vorstrafen vorliegen. Bislang gab es diese M\u00f6glichkeit schon nach f\u00fcnf Jahren.<\/p>\n<p>Ziel sei es, Gro\u00dfbritannien nach dem Vorbild D\u00e4nemarks weniger attraktiv f\u00fcr illegal per Boot oder Lastwagen \u00fcber den \u00c4rmelkanal kommende Migranten zu machen und Abschiebungen zu erleichtern, sagte Mahmood der \u00abSunday Times\u00bb. \u00abDamit wollen wir eine Botschaft an diese Menschen richten: Kommt nicht als illegale Migranten ins Land, steigt nicht in ein Boot.\u00bb<\/p>\n<p>Rechtspopulisten treiben Regierung vor sich her<\/p>\n<p>In Gro\u00dfbritannien f\u00fchrt die mit Anti-Einwanderungs-Parolen punktende Partei Reform UK des rechtspopulistischen Brexit-Vork\u00e4mpfers Nigel Farage derzeit alle Umfragen an. Labour-Premierminister Keir Starmer reagiert darauf, indem er die Rhetorik der Rechten teils \u00fcbernimmt und ank\u00fcndigte, er werde das \u00abExperiment der offenen Grenzen beenden\u00bb und das \u00abunw\u00fcrdige Kapitel\u00bb der illegalen Zuwanderung schlie\u00dfen.\u00a0Bisher hat dies seine Partei in den Umfragen allerdings nicht nach vorn gebracht. Die n\u00e4chste Parlamentswahl steht 2029 an.<\/p>\n","protected":false},"excerpt":{"rendered":"London (dpa) &#8211; Gro\u00dfbritanniens sozialdemokratische Regierung will die Asylgesetze des Landes drastisch versch\u00e4rfen. In einem Zeitungsinterview k\u00fcndigte Innenministerin&hellip;\n","protected":false},"author":2,"featured_media":578843,"comment_status":"","ping_status":"","sticky":false,"template":"","format":"standard","meta":{"footnotes":""},"categories":[1841],"tags":[1605,3364,29,30,551,382,1209,139],"class_list":{"0":"post-578842","1":"post","2":"type-post","3":"status-publish","4":"format-standard","5":"has-post-thumbnail","7":"category-bielefeld","8":"tag-bielefeld","9":"tag-de","10":"tag-deutschland","11":"tag-germany","12":"tag-grossbritannien","13":"tag-migration","14":"tag-nordrhein-westfalen","15":"tag-regierung"},"share_on_mastodon":{"url":"https:\/\/pubeurope.com\/@de\/115557142575768109","error":""},"_links":{"self":[{"href":"https:\/\/www.europesays.com\/de\/wp-json\/wp\/v2\/posts\/578842","targetHints":{"allow":["GET"]}}],"collection":[{"href":"https:\/\/www.europesays.com\/de\/wp-json\/wp\/v2\/posts"}],"about":[{"href":"https:\/\/www.europesays.com\/de\/wp-json\/wp\/v2\/types\/post"}],"author":[{"embeddable":true,"href":"https:\/\/www.europesays.com\/de\/wp-json\/wp\/v2\/users\/2"}],"replies":[{"embeddable":true,"href":"https:\/\/www.europesays.com\/de\/wp-json\/wp\/v2\/comments?post=578842"}],"version-history":[{"count":0,"href":"https:\/\/www.europesays.com\/de\/wp-json\/wp\/v2\/posts\/578842\/revisions"}],"wp:featuredmedia":[{"embeddable":true,"href":"https:\/\/www.europesays.com\/de\/wp-json\/wp\/v2\/media\/578843"}],"wp:attachment":[{"href":"https:\/\/www.europesays.com\/de\/wp-json\/wp\/v2\/media?parent=578842"}],"wp:term":[{"taxonomy":"category","embeddable":true,"href":"https:\/\/www.europesays.com\/de\/wp-json\/wp\/v2\/categories?post=578842"},{"taxonomy":"post_tag","embeddable":true,"href":"https:\/\/www.europesays.com\/de\/wp-json\/wp\/v2\/tags?post=578842"}],"curies":[{"name":"wp","href":"https:\/\/api.w.org\/{rel}","templated":true}]}}