{"id":578855,"date":"2025-11-16T03:07:14","date_gmt":"2025-11-16T03:07:14","guid":{"rendered":"https:\/\/www.europesays.com\/de\/578855\/"},"modified":"2025-11-16T03:07:14","modified_gmt":"2025-11-16T03:07:14","slug":"regenstuerme-bedrohen-los-angeles-sturzfluten-drohen","status":"publish","type":"post","link":"https:\/\/www.europesays.com\/de\/578855\/","title":{"rendered":"Regenst\u00fcrme bedrohen Los Angeles \u2013 Sturzfluten drohen"},"content":{"rendered":"<p class=\"expressive-copy-lg-body\">Ein Wintersturm mit starkem Regen, heftigen Winden und \u00dcberschwemmungen hat weite Teile S\u00fcdkaliforniens heimgesucht. Die Beh\u00f6rden haben f\u00fcr den Raum <a href=\"https:\/\/www.waz.de\/panorama\/article409578096\/feuer-in-los-angeles-leiche-nach-sechs-monaten-entdeckt.html\" data-category-full-path=\"https:\/\/www.waz.de\/panorama\/\" data-paid-status=\"free\" data-article-publish-date=\"1753229233\" rel=\"nofollow noopener\" target=\"_blank\">Los Angeles<\/a> und angrenzende Gebiete Warnungen f\u00fcr Sturzfluten und \u00dcberschwemmungen ausgerufen. Der Wetterdienst mahnte zur Vorsicht, vor allem in ehemaligen Brandgebieten. In Regionen, wo im vorigen Januar <a href=\"https:\/\/www.waz.de\/panorama\/article409708961\/kalifornien-neuer-waldbrand-wuetet-nahe-los-angeles.html\" data-category-full-path=\"https:\/\/www.waz.de\/panorama\/\" data-paid-status=\"free\" data-article-publish-date=\"1754724450\" rel=\"nofollow noopener\" target=\"_blank\">heftige Fl\u00e4chenbr\u00e4nde<\/a> w\u00fcteten, drohten Erdrutsche und Schlammlawinen. Anwohner in den gef\u00e4hrdeten Bezirken wurden aufgerufen, notfalls die Gefahrenzonen schnell zu verlassen.\u00a0<\/p>\n<p>   Ein FUNKE Liebe<\/p>\n<p class=\"text-body2 mt-2\">Alle zwei Wochen sonntags: Antworten auf Beziehungsfragen \u2013 ehrlich, nah und alltagstauglich.<\/p>\n<p class=\"text-caption text-copy-secondary\">\n          Mit meiner Anmeldung zum Newsletter stimme ich der<br \/>\n          <a href=\"https:\/\/www.waz.de\/service\/newsletter-adconsent\" class=\"text-overline text-copy-accent-negative dark:underline\" rel=\"nofollow noopener\" target=\"_blank\">Werbevereinbarung<\/a><br \/>\n          zu.\n        <\/p>\n<p class=\"expressive-copy-lg-body\">Die Stadt Santa Monica riet dazu, nicht notwendige Reisen zu vermeiden und auf keinen Fall \u00fcberschwemmte Stra\u00dfen zu benutzen. B\u00e4che und Fl\u00fcsse im bev\u00f6lkerungsreichsten Bundesstaat der <a href=\"https:\/\/www.waz.de\/panorama\/usa\/\" data-category-full-path=\"https:\/\/www.waz.de\/panorama\/\" data-paid-status=\"free\" data-article-publish-date=\"1631887690\" rel=\"nofollow noopener\" target=\"_blank\">USA<\/a> sind als Folge der St\u00fcrme \u00fcber die Ufer getreten, einige Stra\u00dfen in den am schwersten betroffenen Regionen wurden gesperrt.\u00a0<\/p>\n<p class=\"expressive-copy-lg-body\">Nach Fl\u00e4chenbr\u00e4nden und auf kahlen B\u00f6den k\u00f6nne Starkregen gef\u00e4hrliche Folgen haben. Im Winter 2018 w\u00fcteten im Raum Santa Barbara erst schwere Waldbr\u00e4nde, dann folgten starke Regenf\u00e4lle. Schlammlawinen und Erdrutsche zerst\u00f6rten damals Hunderte H\u00e4user, mehr als 20 Menschen kamen ums Leben.<\/p>\n<p>  Br\u00e4nde w\u00fcteten wochenlang<\/p>\n<p class=\"expressive-copy-lg-body\">Zwei schwere Gro\u00dfbr\u00e4nde, das Palisades-Feuer am Westrand von Los Angeles und das sogenannte Eaton-Feuer nahe Pasadena und Altadena, zerst\u00f6rten zu Beginn des Jahres mehr als 16.000 Geb\u00e4ude. Die Feuerwehr war damals wochenlang im Gro\u00dfeinsatz, um die Br\u00e4nde einzud\u00e4mmen. Mindestens 31 Menschen kamen ums Leben.<\/p>\n<p rel=\"author\" class=\"text-brand\">lth\/dpa<\/p>\n","protected":false},"excerpt":{"rendered":"Ein Wintersturm mit starkem Regen, heftigen Winden und \u00dcberschwemmungen hat weite Teile S\u00fcdkaliforniens heimgesucht. Die Beh\u00f6rden haben f\u00fcr&hellip;\n","protected":false},"author":2,"featured_media":578856,"comment_status":"","ping_status":"","sticky":false,"template":"","format":"standard","meta":{"footnotes":""},"categories":[3977],"tags":[331,332,13,14,15,12,4017,4018,4016,64,4019,4020],"class_list":{"0":"post-578855","1":"post","2":"type-post","3":"status-publish","4":"format-standard","5":"has-post-thumbnail","7":"category-usa","8":"tag-aktuelle-nachrichten","9":"tag-aktuelle-news","10":"tag-headlines","11":"tag-nachrichten","12":"tag-news","13":"tag-schlagzeilen","14":"tag-united-states","15":"tag-united-states-of-america","16":"tag-us","17":"tag-usa","18":"tag-vereinigte-staaten","19":"tag-vereinigte-staaten-von-amerika"},"share_on_mastodon":{"url":"https:\/\/pubeurope.com\/@de\/115557174228492899","error":""},"_links":{"self":[{"href":"https:\/\/www.europesays.com\/de\/wp-json\/wp\/v2\/posts\/578855","targetHints":{"allow":["GET"]}}],"collection":[{"href":"https:\/\/www.europesays.com\/de\/wp-json\/wp\/v2\/posts"}],"about":[{"href":"https:\/\/www.europesays.com\/de\/wp-json\/wp\/v2\/types\/post"}],"author":[{"embeddable":true,"href":"https:\/\/www.europesays.com\/de\/wp-json\/wp\/v2\/users\/2"}],"replies":[{"embeddable":true,"href":"https:\/\/www.europesays.com\/de\/wp-json\/wp\/v2\/comments?post=578855"}],"version-history":[{"count":0,"href":"https:\/\/www.europesays.com\/de\/wp-json\/wp\/v2\/posts\/578855\/revisions"}],"wp:featuredmedia":[{"embeddable":true,"href":"https:\/\/www.europesays.com\/de\/wp-json\/wp\/v2\/media\/578856"}],"wp:attachment":[{"href":"https:\/\/www.europesays.com\/de\/wp-json\/wp\/v2\/media?parent=578855"}],"wp:term":[{"taxonomy":"category","embeddable":true,"href":"https:\/\/www.europesays.com\/de\/wp-json\/wp\/v2\/categories?post=578855"},{"taxonomy":"post_tag","embeddable":true,"href":"https:\/\/www.europesays.com\/de\/wp-json\/wp\/v2\/tags?post=578855"}],"curies":[{"name":"wp","href":"https:\/\/api.w.org\/{rel}","templated":true}]}}