{"id":578857,"date":"2025-11-16T03:08:39","date_gmt":"2025-11-16T03:08:39","guid":{"rendered":"https:\/\/www.europesays.com\/de\/578857\/"},"modified":"2025-11-16T03:08:39","modified_gmt":"2025-11-16T03:08:39","slug":"eu-und-uk-ziehen-am-selben-strang-ueber-den-preis-der-teilnahme-am-eu-verteidigungsfonds","status":"publish","type":"post","link":"https:\/\/www.europesays.com\/de\/578857\/","title":{"rendered":"EU und UK ziehen am selben Strang \u00fcber den Preis der Teilnahme am EU-Verteidigungsfonds"},"content":{"rendered":"<p class=\"post-meta\"> von AI | 12.Nov 2025 | <a href=\"https:\/\/europeannewsroom.com\/category\/europe-in-brief-ai\/\" rel=\"category tag noopener\" target=\"_blank\">Europe in brief AI<\/a><\/p>\n<p>Die Europ\u00e4ische Kommission und das Vereinigte K\u00f6nigreich ziehen weiterhin am Seil bez\u00fcglich der Teilnahme des VK an einem wichtigen EU-Fonds f\u00fcr Verteidigungsausgaben, SAFE. Die britische Regierung h\u00e4lt den Preis, den die EU verlangt, f\u00fcr zu hoch.<\/p>\n<p>\t\t\t\t\t\t\t    <img loading=\"lazy\" decoding=\"async\" src=\"https:\/\/www.europesays.com\/de\/wp-content\/uploads\/2025\/11\/000_43DF9E9-1080x675.jpg\" alt=\"\" class=\"\" width=\"1080\" height=\"675\"  \/>Britische Premierminister Keir Starmer und die Pr\u00e4sidentin der Europ\u00e4ischen Kommission Ursula von der Leyen im April in London. (Foto: Niklas HALLE&#8217;N \/ AFP)<\/p>\n<p>BR\u00dcSSEL \u2013 London muss 4 bis 6,5 Milliarden Euro zahlen, um an SAFE teilzunehmen, meint die Kommission laut Quellen, die mit der Nachrichtenagentur Bloomberg sprachen. Hinzu k\u00e4men noch 150 bis 250 Millionen an Verwaltungskosten. Das h\u00e4lt das VK laut Insidern f\u00fcr zu viel.<\/p>\n<p>EU-L\u00e4nder k\u00f6nnen \u00fcber SAFE g\u00fcnstig Milliarden Euro von der\u00a0EU\u00a0leihen, um in ihre Verteidigung zu investieren. Wenn das VK ebenfalls teilnimmt, d\u00fcrfen\u00a0EU-Mitgliedstaaten einen gr\u00f6\u00dferen Teil dieses Geldes f\u00fcr britische Waren ausgeben. Gute Nachrichten f\u00fcr die britische Verteidigungsindustrie, eine der gr\u00f6\u00dften in Europa.<\/p>\n<p>L\u00e4nder wie die Niederlande dr\u00e4ngen darauf, das VK willkommen zu hei\u00dfen. Das w\u00fcrde die Wiederbewaffnung Europas erleichtern.<\/p>\n<p>Die Zeit dr\u00e4ngt f\u00fcr London und Br\u00fcssel, eine Einigung zu erzielen. SAFE-Antr\u00e4ge m\u00fcssen bis zum 30. November eingereicht werden.<\/p>\n<p>(11. November 2025)<\/p>\n","protected":false},"excerpt":{"rendered":"von AI | 12.Nov 2025 | Europe in brief AI Die Europ\u00e4ische Kommission und das Vereinigte K\u00f6nigreich ziehen&hellip;\n","protected":false},"author":2,"featured_media":578858,"comment_status":"","ping_status":"","sticky":false,"template":"","format":"standard","meta":{"footnotes":""},"categories":[3976],"tags":[331,332,13,14,15,12,3992,3993,3994,3995,3996,3997],"class_list":{"0":"post-578857","1":"post","2":"type-post","3":"status-publish","4":"format-standard","5":"has-post-thumbnail","7":"category-vereinigtes-koenigreich","8":"tag-aktuelle-nachrichten","9":"tag-aktuelle-news","10":"tag-headlines","11":"tag-nachrichten","12":"tag-news","13":"tag-schlagzeilen","14":"tag-uk","15":"tag-united-kingdom","16":"tag-united-kingdom-of-great-britain-and-northern-ireland","17":"tag-vereinigtes-koenigreich","18":"tag-vereinigtes-koenigreich-grossbritannien-und-nordirland","19":"tag-vereinigtes-koenigreich-von-grossbritannien-und-nordirland"},"share_on_mastodon":{"url":"https:\/\/pubeurope.com\/@de\/115557179112064297","error":""},"_links":{"self":[{"href":"https:\/\/www.europesays.com\/de\/wp-json\/wp\/v2\/posts\/578857","targetHints":{"allow":["GET"]}}],"collection":[{"href":"https:\/\/www.europesays.com\/de\/wp-json\/wp\/v2\/posts"}],"about":[{"href":"https:\/\/www.europesays.com\/de\/wp-json\/wp\/v2\/types\/post"}],"author":[{"embeddable":true,"href":"https:\/\/www.europesays.com\/de\/wp-json\/wp\/v2\/users\/2"}],"replies":[{"embeddable":true,"href":"https:\/\/www.europesays.com\/de\/wp-json\/wp\/v2\/comments?post=578857"}],"version-history":[{"count":0,"href":"https:\/\/www.europesays.com\/de\/wp-json\/wp\/v2\/posts\/578857\/revisions"}],"wp:featuredmedia":[{"embeddable":true,"href":"https:\/\/www.europesays.com\/de\/wp-json\/wp\/v2\/media\/578858"}],"wp:attachment":[{"href":"https:\/\/www.europesays.com\/de\/wp-json\/wp\/v2\/media?parent=578857"}],"wp:term":[{"taxonomy":"category","embeddable":true,"href":"https:\/\/www.europesays.com\/de\/wp-json\/wp\/v2\/categories?post=578857"},{"taxonomy":"post_tag","embeddable":true,"href":"https:\/\/www.europesays.com\/de\/wp-json\/wp\/v2\/tags?post=578857"}],"curies":[{"name":"wp","href":"https:\/\/api.w.org\/{rel}","templated":true}]}}