{"id":578859,"date":"2025-11-16T03:09:31","date_gmt":"2025-11-16T03:09:31","guid":{"rendered":"https:\/\/www.europesays.com\/de\/578859\/"},"modified":"2025-11-16T03:09:31","modified_gmt":"2025-11-16T03:09:31","slug":"elektroschrott-von-frankreich-nach-afrika-exportiert-bewaehrungsstrafen","status":"publish","type":"post","link":"https:\/\/www.europesays.com\/de\/578859\/","title":{"rendered":"Elektroschrott von Frankreich nach Afrika exportiert: Bew\u00e4hrungsstrafen"},"content":{"rendered":"<p>      Elektroschrott von Frankreich nach Afrika exportiert: Bew\u00e4hrungsstrafen<\/p>\n<p>            Kopiere den aktuellen Link<\/p>\n<p>          Zur Merkliste hinzuf\u00fcgen<\/p>\n<p>Wegen illegalen Exports von umweltgef\u00e4hrdendem Elektroschrott nach Afrika hat ein Gericht sieben M\u00e4nner aus Mali und Nigeria zu Bew\u00e4hrungs- und Geldstrafen verurteilt. Die Gesamth\u00f6he der Geldstrafen betrage knapp eine Million Euro, teilte die Staatsanwalt am Freitag im nordfranz\u00f6sischen Rouen\u00a0mit.\u00a0<\/p>\n<p class=\"typo-body-sc-md\"><a class=\"taxonomy-entity keyword\" data-target-type=\"article\" href=\"https:\/\/www.stern.de\/politik\/ausland\/themen\/die-maenner-6267516.html\" rel=\"nofollow noopener\" target=\"_blank\">Die M\u00e4nner<\/a> h\u00e4tten von der Hafenstadt Le Havre aus gebrauchte Elektroger\u00e4te und nicht gereinigte Einzelteile von Autos in ihre Heimatl\u00e4nder und nach Elfenbeink\u00fcste (C\u00f4te d&#8217;Ivore) exportiert. Diese seien als pers\u00f6nliche Gegenst\u00e4nde und Umzugsg\u00fcter deklariert worden. Es seien auch gef\u00e4lschte Rechnungen \u00fcber die Reinigung gebrauchter Automotoren gefunden worden.\u00a0<\/p>\n<p class=\"typo-body-sc-md\">Die M\u00e4nner wurden zu <a class=\"taxonomy-entity keyword\" data-target-type=\"article\" href=\"https:\/\/www.stern.de\/panorama\/verbrechen\/themen\/bewaehrungsstrafe-4111722.html\" rel=\"nofollow noopener\" target=\"_blank\">Bew\u00e4hrungsstrafen<\/a> zwischen sechs und zw\u00f6lf Monaten verurteilt.\u00a0Die Geldstrafen reichten von knapp 10.000 bis 260.000 Euro. Auch zwei Unternehmen wurden zu Geldstrafen verurteilt.\u00a0<\/p>\n<p>\n    AFP\n  <\/p>\n","protected":false},"excerpt":{"rendered":"Elektroschrott von Frankreich nach Afrika exportiert: Bew\u00e4hrungsstrafen Kopiere den aktuellen Link Zur Merkliste hinzuf\u00fcgen Wegen illegalen Exports von&hellip;\n","protected":false},"author":2,"featured_media":578860,"comment_status":"","ping_status":"","sticky":false,"template":"","format":"standard","meta":{"footnotes":""},"categories":[3974],"tags":[331,332,548,663,3934,3980,156,13,14,15,12],"class_list":{"0":"post-578859","1":"post","2":"type-post","3":"status-publish","4":"format-standard","5":"has-post-thumbnail","7":"category-frankreich","8":"tag-aktuelle-nachrichten","9":"tag-aktuelle-news","10":"tag-eu","11":"tag-europa","12":"tag-europe","13":"tag-france","14":"tag-frankreich","15":"tag-headlines","16":"tag-nachrichten","17":"tag-news","18":"tag-schlagzeilen"},"share_on_mastodon":{"url":"https:\/\/pubeurope.com\/@de\/115557181994845126","error":""},"_links":{"self":[{"href":"https:\/\/www.europesays.com\/de\/wp-json\/wp\/v2\/posts\/578859","targetHints":{"allow":["GET"]}}],"collection":[{"href":"https:\/\/www.europesays.com\/de\/wp-json\/wp\/v2\/posts"}],"about":[{"href":"https:\/\/www.europesays.com\/de\/wp-json\/wp\/v2\/types\/post"}],"author":[{"embeddable":true,"href":"https:\/\/www.europesays.com\/de\/wp-json\/wp\/v2\/users\/2"}],"replies":[{"embeddable":true,"href":"https:\/\/www.europesays.com\/de\/wp-json\/wp\/v2\/comments?post=578859"}],"version-history":[{"count":0,"href":"https:\/\/www.europesays.com\/de\/wp-json\/wp\/v2\/posts\/578859\/revisions"}],"wp:featuredmedia":[{"embeddable":true,"href":"https:\/\/www.europesays.com\/de\/wp-json\/wp\/v2\/media\/578860"}],"wp:attachment":[{"href":"https:\/\/www.europesays.com\/de\/wp-json\/wp\/v2\/media?parent=578859"}],"wp:term":[{"taxonomy":"category","embeddable":true,"href":"https:\/\/www.europesays.com\/de\/wp-json\/wp\/v2\/categories?post=578859"},{"taxonomy":"post_tag","embeddable":true,"href":"https:\/\/www.europesays.com\/de\/wp-json\/wp\/v2\/tags?post=578859"}],"curies":[{"name":"wp","href":"https:\/\/api.w.org\/{rel}","templated":true}]}}