{"id":578881,"date":"2025-11-16T03:26:27","date_gmt":"2025-11-16T03:26:27","guid":{"rendered":"https:\/\/www.europesays.com\/de\/578881\/"},"modified":"2025-11-16T03:26:27","modified_gmt":"2025-11-16T03:26:27","slug":"millionencoup-im-gruenen-gewoelbe-schuld-1-4","status":"publish","type":"post","link":"https:\/\/www.europesays.com\/de\/578881\/","title":{"rendered":"Millionencoup im Gr\u00fcnen Gew\u00f6lbe: Schuld (1\/4)"},"content":{"rendered":"<p>Die Bilder gingen um die Welt und sind verst\u00f6rend. Am 25.11.2019 brechen mehrere M\u00e4nner in das Gr\u00fcne Gew\u00f6lbe ein, das ber\u00fchmte Schatzkammermuseum im Dresdner Residenzschloss. Zwei von ihnen schlagen mit \u00c4xten auf Vitrinen ein. Die T\u00e4ter erbeuten 21 historische Brillant- und Diamantschmuckst\u00fccke. Schon nach f\u00fcnf Minuten ist alles vorbei, die T\u00e4ter sind auf der Flucht. Die Polizei kommt zu sp\u00e4t. Die Diebe profitierten davon, dass der Wachdienst den Einbruch zwar bemerkte, aber nicht nach Vorschrift handelte.\u00a0Die kurz nach dem Einbruch gegr\u00fcndete Sonderkommission &#8222;Epaulette&#8220; nimmt zun\u00e4chst die Wachleute ins Visier. Aber schon bald f\u00fchrt die Spur nach Berlin.\u00a0<\/p>\n<p>Der Kunstraub im Gr\u00fcnen Gew\u00f6lbe hat Dresden ersch\u00fcttert und weltweit Schlagzeilen gemacht. Doch wie konnte es dazu kommen? In dem vierteiligen Storytelling-Podcast zeichnet ARD Crime Time die umfangreichen Ermittlungen nach und l\u00e4sst Streifenbeamte, Kriminaltechniker, Kunstfahnder und Soko-Mitglieder zu Wort kommen. Zudem werden die Erkenntnisse aus dem sp\u00e4teren Gerichtsverfahren in die Schilderungen eingewoben.<\/p>\n<p>In Folge 1 geht es um das Geschehen am Tattag, eine Polizeikontrolle am Tag zuvor, die den Coup beinahe verhindert h\u00e4tte, und um die ersten Schritte der Sonderkommission.\u00a0Im Mittelpunkt der Folge steht die Schuldfrage. Tragen die T\u00e4ter allein die Schuld oder hatten sie Hilfe von Insidern? Hat das Sicherheitspersonal richtig reagiert oder wurde einfach zu wenig in die Sicherheit der unsch\u00e4tzbar wertvollen Schmuckst\u00fccke investiert?<\/p>\n<p><strong>Links<\/strong><\/p>\n<p>Alle Folgen sind ab sofort h\u00f6rbar in der ARD Audiothek:<\/p>\n<p>Millionencoup im Gr\u00fcnen Gew\u00f6lbe: Verantwortung (2\/4) <a href=\"https:\/\/1.ard.de\/podcast_gruenesgewoelbe_F02\" title=\"Millionencoup im Gr\u00fcnen Gew\u00f6lbe \u2013 Folge 2\/4 Verantwortung\" data-ctrl-link=\"{&#039;id&#039;: &#039;6ced6ca5-4190-4a66-8eed-8e1e77ce054a&#039;,&#039;type&#039;:&#039;ard&#039;,&#039;window&#039;:{&#039;type&#039;:&#039;blank&#039;,&#039;config&#039;:{&#039;title&#039;:&#039;Millionencoup im Gr\u00fcnen Gew\u00f6lbe \u2013 Folge 2\/4 Verantwortung&#039;,&#039;top&#039;:&#039;0&#039;,&#039;left&#039;:&#039;0&#039;,&#039;width&#039;:&#039;0&#039;,&#039;height&#039;:&#039;0&#039;,&#039;status&#039;:&#039;0&#039;,&#039;menubar&#039;:&#039;0&#039;,&#039;location&#039;:&#039;0&#039;,&#039;scroll&#039;:&#039;0&#039;,&#039;toolbar&#039;:&#039;0&#039;,&#039;resizable&#039;:&#039;0&#039;}}}\" target=\"_blank\" rel=\"noopener\">https:\/\/1.ard.de\/podcast_gruenesgewoelbe_F02<\/a><\/p>\n<p>Millionencoup im Gr\u00fcnen Gew\u00f6lbe: Vertrauen (3\/4) <a href=\"https:\/\/1.ard.de\/podcast_gruenesgewoelbe_F03\" title=\"Millionencoup im Gr\u00fcnen Gew\u00f6lbe \u2013 Folge 3\/4 Vertrauen\" data-ctrl-link=\"{&#039;id&#039;: &#039;9695d282-789c-470c-87d4-9e0e25ed20d9&#039;,&#039;type&#039;:&#039;ard&#039;,&#039;window&#039;:{&#039;type&#039;:&#039;blank&#039;,&#039;config&#039;:{&#039;title&#039;:&#039;Millionencoup im Gr\u00fcnen Gew\u00f6lbe \u2013 Folge 3\/4 Vertrauen&#039;,&#039;top&#039;:&#039;0&#039;,&#039;left&#039;:&#039;0&#039;,&#039;width&#039;:&#039;0&#039;,&#039;height&#039;:&#039;0&#039;,&#039;status&#039;:&#039;0&#039;,&#039;menubar&#039;:&#039;0&#039;,&#039;location&#039;:&#039;0&#039;,&#039;scroll&#039;:&#039;0&#039;,&#039;toolbar&#039;:&#039;0&#039;,&#039;resizable&#039;:&#039;0&#039;}}}\" target=\"_blank\" rel=\"noopener\">https:\/\/1.ard.de\/podcast_gruenesgewoelbe_F03<\/a><\/p>\n<p>Millionencoup im Gr\u00fcnen Gew\u00f6lbe: Erbe (4\/4) <a href=\"https:\/\/1.ard.de\/podcast_gruenesgewoelbe_F04\" title=\"Millionencoup im Gr\u00fcnen Gew\u00f6lbe \u2013 Folge 4\/4 Erbe\" data-ctrl-link=\"{&#039;id&#039;: &#039;0201a7d4-691b-4e6f-a772-dbf5e2a63eca&#039;,&#039;type&#039;:&#039;ard&#039;,&#039;window&#039;:{&#039;type&#039;:&#039;blank&#039;,&#039;config&#039;:{&#039;title&#039;:&#039;Millionencoup im Gr\u00fcnen Gew\u00f6lbe \u2013 Folge 4\/4 Erbe&#039;,&#039;top&#039;:&#039;0&#039;,&#039;left&#039;:&#039;0&#039;,&#039;width&#039;:&#039;0&#039;,&#039;height&#039;:&#039;0&#039;,&#039;status&#039;:&#039;0&#039;,&#039;menubar&#039;:&#039;0&#039;,&#039;location&#039;:&#039;0&#039;,&#039;scroll&#039;:&#039;0&#039;,&#039;toolbar&#039;:&#039;0&#039;,&#039;resizable&#039;:&#039;0&#039;}}}\" target=\"_blank\" rel=\"noopener\">https:\/\/1.ard.de\/podcast_gruenesgewoelbe_F04<\/a><\/p>\n<p>Die ARD Crime Time-Reihe in der ARD Mediathek: <a href=\"https:\/\/1.ard.de\/crimetime_S46_E01\" title=\"ARD-Crime: Millionencoup im Gr\u00fcnen Gew\u00f6lbe\" data-ctrl-link=\"{&#039;id&#039;: &#039;d484f793-0a8c-4315-a839-c54171351246&#039;,&#039;type&#039;:&#039;ard&#039;,&#039;window&#039;:{&#039;type&#039;:&#039;blank&#039;,&#039;config&#039;:{&#039;title&#039;:&#039;ARD-Crime: Millionencoup im Gr\u00fcnen Gew\u00f6lbe&#039;,&#039;top&#039;:&#039;0&#039;,&#039;left&#039;:&#039;0&#039;,&#039;width&#039;:&#039;0&#039;,&#039;height&#039;:&#039;0&#039;,&#039;status&#039;:&#039;0&#039;,&#039;menubar&#039;:&#039;0&#039;,&#039;location&#039;:&#039;0&#039;,&#039;scroll&#039;:&#039;0&#039;,&#039;toolbar&#039;:&#039;0&#039;,&#039;resizable&#039;:&#039;0&#039;}}}\" target=\"_blank\" rel=\"noopener\">https:\/\/1.ard.de\/crimetime_S46_E01<\/a><\/p>\n<p>Podcast-Tipp:<\/p>\n<p>&#8222;DNA des Ostens&#8220;: <a href=\"https:\/\/1.ard.de\/dna-des-ostens\" title=\"DNA des Ostens\" data-ctrl-link=\"{&#039;id&#039;: &#039;1ce11fa4-30cd-4a27-b41c-0fb4d5601bd5&#039;,&#039;type&#039;:&#039;ard&#039;,&#039;window&#039;:{&#039;type&#039;:&#039;blank&#039;,&#039;config&#039;:{&#039;title&#039;:&#039;DNA des Ostens&#039;,&#039;top&#039;:&#039;0&#039;,&#039;left&#039;:&#039;0&#039;,&#039;width&#039;:&#039;0&#039;,&#039;height&#039;:&#039;0&#039;,&#039;status&#039;:&#039;0&#039;,&#039;menubar&#039;:&#039;0&#039;,&#039;location&#039;:&#039;0&#039;,&#039;scroll&#039;:&#039;0&#039;,&#039;toolbar&#039;:&#039;0&#039;,&#039;resizable&#039;:&#039;0&#039;}}}\" target=\"_blank\" rel=\"noopener\">https:\/\/1.ard.de\/dna-des-ostens<\/a><\/p>\n<p><strong>E-Mail:<\/strong> <a href=\"https:\/\/www.mdr.de\/nachrichten\/podcast\/spurdertaeter\/mailto:crimetime@mdr.de\" title=\"E-Mail an Crime Time \" data-ctrl-link=\"{&#039;id&#039;: &#039;e50fbf58-37bf-4935-bdca-b8b52c151176&#039;,&#039;type&#039;:&#039;external&#039;,&#039;window&#039;:{&#039;type&#039;:&#039;empty&#039;,&#039;config&#039;:{&#039;title&#039;:&#039;E-Mail an Crime Time &#039;,&#039;top&#039;:&#039;0&#039;,&#039;left&#039;:&#039;0&#039;,&#039;width&#039;:&#039;0&#039;,&#039;height&#039;:&#039;0&#039;,&#039;status&#039;:&#039;0&#039;,&#039;menubar&#039;:&#039;0&#039;,&#039;location&#039;:&#039;0&#039;,&#039;scroll&#039;:&#039;0&#039;,&#039;toolbar&#039;:&#039;0&#039;,&#039;resizable&#039;:&#039;0&#039;}}}\" target=\"_blank\" rel=\"noopener\">crimetime@mdr.de<\/a><\/p>\n","protected":false},"excerpt":{"rendered":"Die Bilder gingen um die Welt und sind verst\u00f6rend. Am 25.11.2019 brechen mehrere M\u00e4nner in das Gr\u00fcne Gew\u00f6lbe&hellip;\n","protected":false},"author":2,"featured_media":578882,"comment_status":"","ping_status":"","sticky":false,"template":"","format":"standard","meta":{"footnotes":""},"categories":[1835],"tags":[4067,4852,3364,29,89716,1686,2386,2819,30,31041,1337,87882,22316,22317,22315,121,1269,83,64878,859,2399,2219,58987,1243],"class_list":{"0":"post-578881","1":"post","2":"type-post","3":"status-publish","4":"format-standard","5":"has-post-thumbnail","7":"category-dresden","8":"tag-ermittlungen","9":"tag-brandstiftung","10":"tag-de","11":"tag-deutschland","12":"tag-diamanten","13":"tag-diebstahl","14":"tag-dresden","15":"tag-einbruch","16":"tag-germany","17":"tag-gruenes-gewoelbe","18":"tag-insider","19":"tag-juwelen","20":"tag-mdr-aktuell","21":"tag-mdr-info","22":"tag-nachrichtenradio","23":"tag-polizei","24":"tag-prozess","25":"tag-radio","26":"tag-remmo","27":"tag-sachsen","28":"tag-schmuck","29":"tag-schuld","30":"tag-sonderkommission","31":"tag-urteil"},"share_on_mastodon":{"url":"https:\/\/pubeurope.com\/@de\/115557248777273744","error":""},"_links":{"self":[{"href":"https:\/\/www.europesays.com\/de\/wp-json\/wp\/v2\/posts\/578881","targetHints":{"allow":["GET"]}}],"collection":[{"href":"https:\/\/www.europesays.com\/de\/wp-json\/wp\/v2\/posts"}],"about":[{"href":"https:\/\/www.europesays.com\/de\/wp-json\/wp\/v2\/types\/post"}],"author":[{"embeddable":true,"href":"https:\/\/www.europesays.com\/de\/wp-json\/wp\/v2\/users\/2"}],"replies":[{"embeddable":true,"href":"https:\/\/www.europesays.com\/de\/wp-json\/wp\/v2\/comments?post=578881"}],"version-history":[{"count":0,"href":"https:\/\/www.europesays.com\/de\/wp-json\/wp\/v2\/posts\/578881\/revisions"}],"wp:featuredmedia":[{"embeddable":true,"href":"https:\/\/www.europesays.com\/de\/wp-json\/wp\/v2\/media\/578882"}],"wp:attachment":[{"href":"https:\/\/www.europesays.com\/de\/wp-json\/wp\/v2\/media?parent=578881"}],"wp:term":[{"taxonomy":"category","embeddable":true,"href":"https:\/\/www.europesays.com\/de\/wp-json\/wp\/v2\/categories?post=578881"},{"taxonomy":"post_tag","embeddable":true,"href":"https:\/\/www.europesays.com\/de\/wp-json\/wp\/v2\/tags?post=578881"}],"curies":[{"name":"wp","href":"https:\/\/api.w.org\/{rel}","templated":true}]}}