{"id":578990,"date":"2025-11-16T04:35:13","date_gmt":"2025-11-16T04:35:13","guid":{"rendered":"https:\/\/www.europesays.com\/de\/578990\/"},"modified":"2025-11-16T04:35:13","modified_gmt":"2025-11-16T04:35:13","slug":"gasbrand-in-der-ukraine-wie-gefaehrlich-ist-die-infektion","status":"publish","type":"post","link":"https:\/\/www.europesays.com\/de\/578990\/","title":{"rendered":"Gasbrand in der Ukraine \u2013 Wie gef\u00e4hrlich ist die Infektion?"},"content":{"rendered":"<p class=\"text\">\nAn der Front in der Ukraine tritt offenbar die Infektionskrankheit Gasbrand verst\u00e4rkt auf. Nach einem Bericht der britischen Zeitung &#8222;The Telegraph&#8220; unter Berufung auf ukrainische Milit\u00e4rmediziner ist eine Evakuierung verwundeter Soldaten fast unm\u00f6glich geworden, sodass sich die Infektionskrankheit Gasbrand in &#8222;alarmierender Geschwindigkeit&#8220; ausbreite. Konkrete Zahlen nannte der Bericht nicht.\n<\/p>\n<p>Infektiologe L\u00fcbbert: Ausbreitung von Gasbrand in der Ukraine plausibel<\/p>\n<p class=\"text\">\nDer Infektiologe Christoph L\u00fcbbert vom Leipziger Universit\u00e4tsklinikum sagte auf Anfrage von MDR AKTUELL, dass er eine Ausbreitung von Gasbrand an der ukrainischen Front f\u00fcr &#8222;sehr, sehr plausibel halte&#8220;. L\u00fcbbert bezeichnete Gasbrand als eine &#8222;dramatische Erkrankung&#8220;, die innerhalb von Stunden sehr schwer verlaufe und in der Regel t\u00f6dlich ende, wenn man sie nicht ad\u00e4quat behandeln k\u00f6nne.\n<\/p>\n<p class=\"text\">\nDer Medizinier erkl\u00e4rte, Gasbrand entstehe dadurch, dass gasbildende Bakterien durch offene Wunden in das Hautweichgewebe und die Muskulatur eindringen. Wenn keine unmittelbare Behandlung erfolge, k\u00f6nnten sich die Bakterien ungehindert vermehren. Das f\u00fchre zur Zersetzung der Muskulatur und des Hautweichgewebes. Um das Leben des infizierten Menschen zu retten, m\u00fcsse das betroffene Gliedma\u00df in der Regel schnell amputiert werden.<\/p>\n","protected":false},"excerpt":{"rendered":"An der Front in der Ukraine tritt offenbar die Infektionskrankheit Gasbrand verst\u00e4rkt auf. Nach einem Bericht der britischen&hellip;\n","protected":false},"author":2,"featured_media":578991,"comment_status":"","ping_status":"","sticky":false,"template":"","format":"standard","meta":{"footnotes":""},"categories":[4012],"tags":[331,332,318,6017,139031,13,993,288,4046,81,14,15,16,307,859,860,12,861,317,103],"class_list":{"0":"post-578990","1":"post","2":"type-post","3":"status-publish","4":"format-standard","5":"has-post-thumbnail","7":"category-ukraine","8":"tag-aktuelle-nachrichten","9":"tag-aktuelle-news","10":"tag-erkrankung","11":"tag-front","12":"tag-gasbrand","13":"tag-headlines","14":"tag-infektion","15":"tag-krankheit","16":"tag-krieg","17":"tag-mdr","18":"tag-nachrichten","19":"tag-news","20":"tag-politik","21":"tag-russland","22":"tag-sachsen","23":"tag-sachsen-anhalt","24":"tag-schlagzeilen","25":"tag-thueringen","26":"tag-ukraine","27":"tag-welt"},"share_on_mastodon":{"url":"https:\/\/pubeurope.com\/@de\/115557520149539493","error":""},"_links":{"self":[{"href":"https:\/\/www.europesays.com\/de\/wp-json\/wp\/v2\/posts\/578990","targetHints":{"allow":["GET"]}}],"collection":[{"href":"https:\/\/www.europesays.com\/de\/wp-json\/wp\/v2\/posts"}],"about":[{"href":"https:\/\/www.europesays.com\/de\/wp-json\/wp\/v2\/types\/post"}],"author":[{"embeddable":true,"href":"https:\/\/www.europesays.com\/de\/wp-json\/wp\/v2\/users\/2"}],"replies":[{"embeddable":true,"href":"https:\/\/www.europesays.com\/de\/wp-json\/wp\/v2\/comments?post=578990"}],"version-history":[{"count":0,"href":"https:\/\/www.europesays.com\/de\/wp-json\/wp\/v2\/posts\/578990\/revisions"}],"wp:featuredmedia":[{"embeddable":true,"href":"https:\/\/www.europesays.com\/de\/wp-json\/wp\/v2\/media\/578991"}],"wp:attachment":[{"href":"https:\/\/www.europesays.com\/de\/wp-json\/wp\/v2\/media?parent=578990"}],"wp:term":[{"taxonomy":"category","embeddable":true,"href":"https:\/\/www.europesays.com\/de\/wp-json\/wp\/v2\/categories?post=578990"},{"taxonomy":"post_tag","embeddable":true,"href":"https:\/\/www.europesays.com\/de\/wp-json\/wp\/v2\/tags?post=578990"}],"curies":[{"name":"wp","href":"https:\/\/api.w.org\/{rel}","templated":true}]}}