{"id":578999,"date":"2025-11-16T04:42:12","date_gmt":"2025-11-16T04:42:12","guid":{"rendered":"https:\/\/www.europesays.com\/de\/578999\/"},"modified":"2025-11-16T04:42:12","modified_gmt":"2025-11-16T04:42:12","slug":"westlicher-balkan-johann-wadephul-bereist-sechs-westliche-balkanlaender","status":"publish","type":"post","link":"https:\/\/www.europesays.com\/de\/578999\/","title":{"rendered":"Westlicher Balkan: Johann Wadephul bereist sechs westliche Balkanl\u00e4nder"},"content":{"rendered":"<p class=\"paragraph article__item\">Au\u00dfenminister <a href=\"https:\/\/www.zeit.de\/thema\/johann-wadephul\" class=\"\" target=\"_blank\" rel=\"noopener\">Johann Wadephul<\/a><br \/>\n (CDU) bricht am heutigen Sonntag zu einer Reise in den westlichen <a class=\"rtr-entity\" href=\"https:\/\/www.zeit.de\/thema\/balkan\" target=\"_blank\" rel=\"noopener\">Balkan<\/a> auf. Vor dem Hintergrund des stockenden EU-Beitrittsprozesses will der Minister alle sechs Westbalkanl\u00e4nder besuchen. Deutschland sei seit Langem ein<br \/>\nenger Begleiter dieser L\u00e4nder auf ihrem Weg in die <a href=\"https:\/\/www.zeit.de\/thema\/europaeische-union\" class=\"\" target=\"_blank\" rel=\"noopener\">Europ\u00e4ische Union<\/a>,<br \/>\nsagte ein Sprecher des Ausw\u00e4rtigen Amts. Ein Fokus der Reise seien deshalb die Fortschritte dieser L\u00e4nder im Prozess der EU-Erweiterung. &#8222;Der Westbalkan ist ein<br \/>\n Teil der europ\u00e4ischen Familie&#8220;, sagte der Sprecher.\n<\/p>\n<p class=\"paragraph article__item\">Erste Station auf Wadephuls Reise ist heute Bosnien und Herzegowina. In der Hauptstadt Sarajevo ist ein<br \/>\nTreffen mit Vertretern des Staatspr\u00e4sidiums geplant, das aus jeweils<br \/>\neinem Vertreter der bosniakischen, serbischen und kroatischen<br \/>\nVolksgruppe besteht. Vorgesehen ist zudem ein Gespr\u00e4ch mit dem Hohen<br \/>\nRepr\u00e4sentanten der Internationalen Gemeinschaft in dem Land, dem<br \/>\nDeutschen Christian Schmidt (CSU). Dieser hat Vollmachten aufgrund des<br \/>\nFriedensvertrags von Dayton, der dem Bosnienkrieg 1995 ein Ende setzte.\n<\/p>\n<p>        Frust \u00fcber jahrzehntelange EU-Aufnahmeverfahren        <\/p>\n<p class=\"paragraph article__item\">Am Montag will Wadephul<br \/>\n Montenegro sowie Albanien besuchen und am Abend nach Serbien<br \/>\nweiterfliegen. Am Dienstag ist ein Besuch des Au\u00dfenministers im Kosovo geplant und abends die Weiterreise nach Nordmazedonien. Im<br \/>\nMittelpunkt stehen nach Angaben des Ausw\u00e4rtigen Amts auch dort die &#8222;Herausforderungen<br \/>\nund Fortschritte&#8220; im Erweiterungsprozess der <a class=\"rtr-entity\" href=\"https:\/\/www.zeit.de\/thema\/europaeische-union\" target=\"_blank\" rel=\"noopener\">EU<\/a>.\u00a0\n<\/p>\n<p class=\"paragraph article__item\">Die Europ\u00e4ische Union hatte den<br \/>\nWestbalkanl\u00e4ndern 2003 den Beitritt in Aussicht gestellt und dazu<br \/>\nReformen gefordert. Die EU-Beitrittsperspektive wird seit Jahren durch den von<br \/>\nDeutschland angesto\u00dfenen sogenannten Berlin-Prozess begleitet.\u00a0In dem Verfahren sind die L\u00e4nder unterschiedlich<br \/>\nweit.\n<\/p>\n<p class=\"paragraph article__item\">Der Frust ist teils gro\u00df, da einzelne L\u00e4nder schon seit<br \/>\nJahrzehnten in dem Verfahren h\u00e4ngen. In der EU gibt es die Sorge, dass<br \/>\nsich die L\u00e4nder deswegen st\u00e4rker als bisher anderen politischen Kr\u00e4ften wie<br \/>\nChina und Russland zuwenden.\u00a0Ein Gipfeltreffen der\u00a0Europ\u00e4ischen Union\u00a0mit den sechs <a href=\"https:\/\/www.zeit.de\/politik\/ausland\/2024-12\/eu-westbalkan-gipfel-olaf-scholz-tempo-beitrittsprozess\" class=\"\" target=\"_blank\" rel=\"noopener\">Westbalkanl\u00e4ndern ging im Dezember 2024<\/a> ohne nennenswerte Fortschritte zu Ende.\u00a0\n<\/p>\n<p>            Westlicher Balkan        <\/p>\n<p>Mehr zum Thema<\/p>\n<p>                <a href=\"https:\/\/www.zeit.de\/politik\/ausland\/2022-09\/westbalkan-eu-erweiterungspolitik-beitrittsprozess-russland-china\" data-ct-label=\"Westbalkan und die EU: Die Zukunft des westlichen Balkans steht auf dem Spiel\" target=\"_blank\" rel=\"noopener\"><\/p>\n<p>                        Westbalkan und die EU:<br \/>\n                        Die Zukunft des westlichen Balkans steht auf dem Spiel<\/p>\n<p>                <\/a><\/p>\n<p>                <a href=\"https:\/\/www.zeit.de\/politik\/ausland\/2025-08\/bosnien-herzegowina-republika-srpska-milorad-dodik\" data-ct-label=\"Republika Srpska: Referendum \u00fcber Zukunft von bosnischem Serbenf\u00fchrer Dodik angesetzt\" target=\"_blank\" rel=\"noopener\"><\/p>\n<p>                        Republika Srpska:<br \/>\n                        Referendum \u00fcber Zukunft von bosnischem Serbenf\u00fchrer Dodik angesetzt<\/p>\n<p>                <\/a><\/p>\n","protected":false},"excerpt":{"rendered":"Au\u00dfenminister Johann Wadephul (CDU) bricht am heutigen Sonntag zu einer Reise in den westlichen Balkan auf. Vor dem&hellip;\n","protected":false},"author":2,"featured_media":579000,"comment_status":"","ping_status":"","sticky":false,"template":"","format":"standard","meta":{"footnotes":""},"categories":[3933],"tags":[848,331,332,15513,31,548,663,158,3934,3935,553,13,1211,14,15,16,12,139033,101253,139032],"class_list":{"0":"post-578999","1":"post","2":"type-post","3":"status-publish","4":"format-standard","5":"has-post-thumbnail","7":"category-eu","8":"tag-aa","9":"tag-aktuelle-nachrichten","10":"tag-aktuelle-news","11":"tag-balkan","12":"tag-cdu","13":"tag-eu","14":"tag-europa","15":"tag-europaeische-union","16":"tag-europe","17":"tag-european-union","18":"tag-familie","19":"tag-headlines","20":"tag-johann-wadephul","21":"tag-nachrichten","22":"tag-news","23":"tag-politik","24":"tag-schlagzeilen","25":"tag-westbalkan","26":"tag-westbalkanlaender","27":"tag-westlicher-balkan"},"share_on_mastodon":{"url":"https:\/\/pubeurope.com\/@de\/115557547675061657","error":""},"_links":{"self":[{"href":"https:\/\/www.europesays.com\/de\/wp-json\/wp\/v2\/posts\/578999","targetHints":{"allow":["GET"]}}],"collection":[{"href":"https:\/\/www.europesays.com\/de\/wp-json\/wp\/v2\/posts"}],"about":[{"href":"https:\/\/www.europesays.com\/de\/wp-json\/wp\/v2\/types\/post"}],"author":[{"embeddable":true,"href":"https:\/\/www.europesays.com\/de\/wp-json\/wp\/v2\/users\/2"}],"replies":[{"embeddable":true,"href":"https:\/\/www.europesays.com\/de\/wp-json\/wp\/v2\/comments?post=578999"}],"version-history":[{"count":0,"href":"https:\/\/www.europesays.com\/de\/wp-json\/wp\/v2\/posts\/578999\/revisions"}],"wp:featuredmedia":[{"embeddable":true,"href":"https:\/\/www.europesays.com\/de\/wp-json\/wp\/v2\/media\/579000"}],"wp:attachment":[{"href":"https:\/\/www.europesays.com\/de\/wp-json\/wp\/v2\/media?parent=578999"}],"wp:term":[{"taxonomy":"category","embeddable":true,"href":"https:\/\/www.europesays.com\/de\/wp-json\/wp\/v2\/categories?post=578999"},{"taxonomy":"post_tag","embeddable":true,"href":"https:\/\/www.europesays.com\/de\/wp-json\/wp\/v2\/tags?post=578999"}],"curies":[{"name":"wp","href":"https:\/\/api.w.org\/{rel}","templated":true}]}}