{"id":579009,"date":"2025-11-16T04:49:11","date_gmt":"2025-11-16T04:49:11","guid":{"rendered":"https:\/\/www.europesays.com\/de\/579009\/"},"modified":"2025-11-16T04:49:11","modified_gmt":"2025-11-16T04:49:11","slug":"msv-duisburg-heute-live-im-free-tv-sehen-wer-zeigt-uebertraegt-sv-sonsbeck-vs-zebras-im-viertelfinale-des-landespokal-niederrhein-im-tv-und-livestream","status":"publish","type":"post","link":"https:\/\/www.europesays.com\/de\/579009\/","title":{"rendered":"MSV Duisburg heute live im Free-TV sehen: Wer zeigt \/ \u00fcbertr\u00e4gt SV Sonsbeck vs. Zebras im Viertelfinale des Landespokal Niederrhein im TV und Livestream?"},"content":{"rendered":"<p>Der MSV Duisburg, Tabellenf\u00fchrer der 3. Liga, bekommt es heute im Landespokal Niederrhein mit dem SV Sonsbeck zu tun. SPOX verr\u00e4t Euch, wo die Partie \u00fcbertragen wird.<\/p>\n<p>Eigentlich h\u00e4tte das Viertelfinalduell zwischen dem MSV Duisburg und Oberligist SV Sonsbeck schon gestern stattfinden sollen, doch die Polizei hatte das Spiel aus Sicherheitsgr\u00fcnden noch Ende Oktober auf den heutigen Sonntag, 16. November, verlegt. Darum wird es heute ab 13.30 Uhr im Willy-Lemkens-Sportpark rund gehen.<\/p>\n<p><strong>SPOX <\/strong>verr\u00e4t Euch, wo das Duell im TV und Livestream \u00fcbertragen wird.<\/p>\n","protected":false},"excerpt":{"rendered":"Der MSV Duisburg, Tabellenf\u00fchrer der 3. Liga, bekommt es heute im Landespokal Niederrhein mit dem SV Sonsbeck zu&hellip;\n","protected":false},"author":2,"featured_media":579010,"comment_status":"","ping_status":"","sticky":false,"template":"","format":"standard","meta":{"footnotes":""},"categories":[1838],"tags":[3364,29,3715,347,30,3721,1209,4604],"class_list":{"0":"post-579009","1":"post","2":"type-post","3":"status-publish","4":"format-standard","5":"has-post-thumbnail","7":"category-duisburg","8":"tag-de","9":"tag-deutschland","10":"tag-duisburg","11":"tag-fussball","12":"tag-germany","13":"tag-msv-duisburg","14":"tag-nordrhein-westfalen","15":"tag-soccer"},"share_on_mastodon":{"url":"https:\/\/pubeurope.com\/@de\/115557575203502970","error":""},"_links":{"self":[{"href":"https:\/\/www.europesays.com\/de\/wp-json\/wp\/v2\/posts\/579009","targetHints":{"allow":["GET"]}}],"collection":[{"href":"https:\/\/www.europesays.com\/de\/wp-json\/wp\/v2\/posts"}],"about":[{"href":"https:\/\/www.europesays.com\/de\/wp-json\/wp\/v2\/types\/post"}],"author":[{"embeddable":true,"href":"https:\/\/www.europesays.com\/de\/wp-json\/wp\/v2\/users\/2"}],"replies":[{"embeddable":true,"href":"https:\/\/www.europesays.com\/de\/wp-json\/wp\/v2\/comments?post=579009"}],"version-history":[{"count":0,"href":"https:\/\/www.europesays.com\/de\/wp-json\/wp\/v2\/posts\/579009\/revisions"}],"wp:featuredmedia":[{"embeddable":true,"href":"https:\/\/www.europesays.com\/de\/wp-json\/wp\/v2\/media\/579010"}],"wp:attachment":[{"href":"https:\/\/www.europesays.com\/de\/wp-json\/wp\/v2\/media?parent=579009"}],"wp:term":[{"taxonomy":"category","embeddable":true,"href":"https:\/\/www.europesays.com\/de\/wp-json\/wp\/v2\/categories?post=579009"},{"taxonomy":"post_tag","embeddable":true,"href":"https:\/\/www.europesays.com\/de\/wp-json\/wp\/v2\/tags?post=579009"}],"curies":[{"name":"wp","href":"https:\/\/api.w.org\/{rel}","templated":true}]}}