{"id":579427,"date":"2025-11-16T09:06:29","date_gmt":"2025-11-16T09:06:29","guid":{"rendered":"https:\/\/www.europesays.com\/de\/579427\/"},"modified":"2025-11-16T09:06:29","modified_gmt":"2025-11-16T09:06:29","slug":"europa-passage-elf-verletzte-durch-pfefferspray-in-hamburger-einkaufszentrum","status":"publish","type":"post","link":"https:\/\/www.europesays.com\/de\/579427\/","title":{"rendered":"Europa Passage: Elf Verletzte durch Pfefferspray in Hamburger Einkaufszentrum"},"content":{"rendered":"<p>In der belebten Europa Passage am Hamburger Rathaus klagten pl\u00f6tzlich mehrere Passanten \u00fcber gesundheitliche Probleme, verursacht durch Pfefferspray. Nach einer Gruppe Jugendlicher wird gefahndet. Doch dabei blieb es f\u00fcr die Polizei nicht.<\/p>\n<p class=\"is-first-paragraph\" data-external=\"Article.FirstParagraph\">Mit dem Einsatz von Pfefferspray in der Hamburger Europa Passage haben drei unbekannte T\u00e4ter mehrere Menschen verletzt und eine R\u00e4umung des Einkaufszentrums ausgel\u00f6st. Laut Polizeiangaben klagten elf Personen nach dem Vorfall am Samstagabend \u00fcber Atemwegsreizungen, eine Frau musste mit Krampfanf\u00e4llen ins Krankenhaus gebracht werden. Die T\u00e4ter, laut Zeugenaussagen Jugendliche, seien geflohen. Nachdem die Europa Passage durchgel\u00fcftet und von der Feuerwehr \u00fcberpr\u00fcft wurde, konnte sie nach eineinhalb Stunden wieder freigegeben werden.<\/p>\n<p>Schwerer Unfall mit Polizeibeteiligung<\/p>\n<p>Auch ansonsten gab es f\u00fcr die Hamburger Polizei am Wochenende fordernde Momente: Bei einem Verkehrsunfall in Hamburg-Altona war etwa ein Streifenwagen mit einem Auto zusammengesto\u00dfen und hatte dabei ein weiteres Fahrzeug sowie zwei Fu\u00dfg\u00e4nger erfasst. Insgesamt seien f\u00fcnf Menschen betroffen gewesen, vier von ihnen wurden leicht verletzt, wie die Polizei mitteilte. Drei Verletzte \u2013 darunter eine Mutter und ihr Kind \u2013 kamen ins Krankenhaus. <\/p>\n<p>Der Streifenwagen befand sich auf dem Weg zu einem Einsatz wegen einer mutma\u00dflichen Messerstecherei. Bei dem Vorfall in der Neuen Gro\u00dfen Bergstra\u00dfe war ein Mann verletzt worden; ein Tatverd\u00e4chtiger konnte durch andere Polizisten vorl\u00e4ufig festgenommen werden. <\/p>\n<p>Man st\u00fcrzt in Gleisbett<\/p>\n<p>Am fr\u00fchen Sonntagmorgen ist ein 45-j\u00e4hriger Mann am Hamburger Hauptbahnhof von einer einfahrenden S-Bahn erfasst und schwer verletzt worden. Nach Angaben der Bundespolizei war der Deutsche gegen 2.45 Uhr ohne Fremdeinwirkung vom Bahnsteig ins Gleis 3 gest\u00fcrzt. Wenige Sekunden sp\u00e4ter fuhr eine S-Bahn der Linie S3 in Richtung Wilhelmsburg ein und \u00fcberrollte den Mann.<\/p>\n<p>Reisende bemerkten die Gefahr und versuchten, den Triebfahrzeugf\u00fchrer durch Armzeichen zu warnen. Der Unfall lie\u00df sich jedoch nicht verhindern. Die Zeugen alarmierten sofort die Rettungskr\u00e4fte und betreuten den Verletzten bis zum Eintreffen der Bundespolizei.<\/p>\n<p>Die Feuerwehr konnte den Mann durch Zur\u00fccksetzen der S-Bahn befreien. Er kam mit Verletzungen, darunter einem Armbruch, ins Krankenhaus. Hinweise auf Fremdverschulden oder einen Suizidversuch liegen laut Polizei nicht vor. Gegen 3.35 Uhr war der Einsatz beendet, die Unfallstelle wurde an den Notfallmanager der S-Bahn \u00fcbergeben.<\/p>\n<p>jlau<\/p>\n","protected":false},"excerpt":{"rendered":"In der belebten Europa Passage am Hamburger Rathaus klagten pl\u00f6tzlich mehrere Passanten \u00fcber gesundheitliche Probleme, verursacht durch Pfefferspray.&hellip;\n","protected":false},"author":2,"featured_media":579428,"comment_status":"","ping_status":"","sticky":false,"template":"","format":"standard","meta":{"footnotes":""},"categories":[3933],"tags":[331,332,15323,548,663,158,3934,3935,985,692,13,8923,14,15,121,94168,12,1971],"class_list":{"0":"post-579427","1":"post","2":"type-post","3":"status-publish","4":"format-standard","5":"has-post-thumbnail","7":"category-eu","8":"tag-aktuelle-nachrichten","9":"tag-aktuelle-news","10":"tag-balken-inbox","11":"tag-eu","12":"tag-europa","13":"tag-europaeische-union","14":"tag-europe","15":"tag-european-union","16":"tag-feuerwehr","17":"tag-hamburg","18":"tag-headlines","19":"tag-lauterbach-joern","20":"tag-nachrichten","21":"tag-news","22":"tag-polizei","23":"tag-s-bahnen-ks","24":"tag-schlagzeilen","25":"tag-schleswig-holstein"},"share_on_mastodon":{"url":"https:\/\/pubeurope.com\/@de\/115558585905504346","error":""},"_links":{"self":[{"href":"https:\/\/www.europesays.com\/de\/wp-json\/wp\/v2\/posts\/579427","targetHints":{"allow":["GET"]}}],"collection":[{"href":"https:\/\/www.europesays.com\/de\/wp-json\/wp\/v2\/posts"}],"about":[{"href":"https:\/\/www.europesays.com\/de\/wp-json\/wp\/v2\/types\/post"}],"author":[{"embeddable":true,"href":"https:\/\/www.europesays.com\/de\/wp-json\/wp\/v2\/users\/2"}],"replies":[{"embeddable":true,"href":"https:\/\/www.europesays.com\/de\/wp-json\/wp\/v2\/comments?post=579427"}],"version-history":[{"count":0,"href":"https:\/\/www.europesays.com\/de\/wp-json\/wp\/v2\/posts\/579427\/revisions"}],"wp:featuredmedia":[{"embeddable":true,"href":"https:\/\/www.europesays.com\/de\/wp-json\/wp\/v2\/media\/579428"}],"wp:attachment":[{"href":"https:\/\/www.europesays.com\/de\/wp-json\/wp\/v2\/media?parent=579427"}],"wp:term":[{"taxonomy":"category","embeddable":true,"href":"https:\/\/www.europesays.com\/de\/wp-json\/wp\/v2\/categories?post=579427"},{"taxonomy":"post_tag","embeddable":true,"href":"https:\/\/www.europesays.com\/de\/wp-json\/wp\/v2\/tags?post=579427"}],"curies":[{"name":"wp","href":"https:\/\/api.w.org\/{rel}","templated":true}]}}